{"id":4219,"date":"2019-10-14T15:40:33","date_gmt":"2019-10-14T12:40:33","guid":{"rendered":"http:\/\/www.isttit.com\/?p=4219"},"modified":"2019-10-14T15:40:33","modified_gmt":"2019-10-14T12:40:33","slug":"4219","status":"publish","type":"post","link":"https:\/\/isttit.com\/?p=4219","title":{"rendered":"\u0130STANBUL YILDIZLAR TAEKWONDO \u015eAMP\u0130YONASI"},"content":{"rendered":"\n<p><strong>T\u00dcRK\u0130YE TAEKWONDO FEDERASYONU \u0130STANBUL TAEKWONDO \u0130L TEMS\u0130LC\u0130L\u0130\u011e\u0130<\/strong><\/p>\n<p><strong><u>M\u00fcsabaka Ad\u0131\u00a0\u00a0\u00a0\u00a0<\/u><\/strong><u>:\u0130STANBUL YILDIZLAR TAEKWONDO \u015eAMP\u0130YONASI<\/u><br \/><strong>M\u00fcsabaka tarihi\u00a0\u00a0<u>:\u00a0<\/u><\/strong>AVRUPA \u00a0yakas\u0131: 8-9-10 &#8211; 11 KASIM 2019 <br \/>\u00a0ANADOLU yakas\u0131 : 12-13-14 KASIM 2019<br \/><strong>M\u00fcsabakan\u0131n\u00a0 Yeri\u00a0<\/strong>: SARIYER KAPALI SPOR SALONU<br \/><strong>M\u00fcsabaka\u00a0 Hakem\u00a0 Toplant\u0131s\u0131 :\u00a0<\/strong>08:00<br \/><strong>M\u00fcsabaka\u00a0\u00a0 Antren\u00f6r\u00a0 Toplant\u0131s\u0131\u00a0<\/strong>: 08:30<br \/><strong>M\u00fcsabakan\u0131n\u00a0 Ba\u015flama\u00a0 Saati\u00a0 :\u00a0<\/strong>09:00<br \/><strong><u>M\u00fcsabaka\u00a0\u00a0\u00a0\u00a0Listelerinin\u00a0 Sunumu\u00a0\u00a0<\/u>\u00a0Online kay\u0131t i\u015flemi<\/strong><br \/><strong>http:\/\/isttit com\/online\/<\/strong><strong>\u00a0<\/strong>Sayfas\u0131nda, 01\/KASIM\/2019\u00a0\u00a0saat 23.59\u2019a kadar\u00a0\u00a0yap\u0131lacakt\u0131r.<\/p>\n<p><strong><u>NOT\u00a0\u00a0\u00a0\u00a0\u00a0:<\/u><\/strong><strong>\u00a0<\/strong>S\u0130STEMDE\u00a0\u00a0KAYITLI\u00a0OLMAYAN\u00a0\u00a0SPORCULAR\u00a0\u00a0<strong>KAYIT\u00a0\u00a0TAR\u0130H\u0130\u00a0 VE\u00a0\u00a0SAAT\u0130\u00a0\u00a0B\u0130TT\u0130KTEN SONRA\u00a0<\/strong>KES\u0130NL\u0130KLE \u0130LAVE ED\u0130LMEYECEKT\u0130R.<\/p>\n<p><strong>M\u00dcSABAKA\u00a0 TARTISI\u00a0\u00a0 TAR\u0130H\u00a0 \u00a0VE\u00a0 YER\u0130\u00a0 :<\/strong><\/p>\n<p><strong>Arupa Yakas\u0131 : <\/strong>06 Kas\u0131m 2019 \u00c7ara\u015fmba tarihinde saat 12:00-18:00 aras\u0131nda Ba\u011fc\u0131lar olimpik Spor Salon\u00a0<br \/><strong>Anadolu Yakas\u0131<\/strong> :07 Kas\u0131m 2019 Per\u015fembe tarihlerinde 12:00-18:00 \u00a0aras\u0131nda Anadolu yakas\u0131 Maltepe M\u00fczayyir Sille spor salonu da yap\u0131lacakt\u0131r.<br \/><br \/><br \/><strong><u>S\u0130KLETLER<\/u>\u00a0<\/strong><br \/><strong>YILDIZ ERKEKLER<\/strong>\u00a0\u00a0\u00a0\u00a0\u00a0\u00a0 : 33-37-41-45-49-53-57-61-65- +65 Kg.<br \/><strong>YILDIZ BAYANLAR<\/strong>\u00a0\u00a0\u00a0 \u00a0 : 29-33-37-41-44-47-51-55-59- +59 Kg.<\/p>\n<p>\u00a0<\/p>\n<p><strong>TEKN\u0130K TAL\u0130MAT\u00a0 \u00a0 :<br \/><\/strong>1-<strong> Ku\u015fak durumu<\/strong> :\u00a0<strong>Y\u0131ld\u0131z erkek ve bayanlar<\/strong>: En az K\u0131rm\u0131z\u0131 Siyah (1.G\u0131p) ve daha yukar\u0131 ku\u015fak derecesine sahip\u00a0 \u00a02005 \u2013 2006 ve 2007 do\u011fum tarihli sporcular kat\u0131labilir<br \/>2- Ku\u015fa\u011f\u0131n\u0131 belirten T\u00fcrkiye Taekwondo Federasyonu K\u0131rm\u0131z\u0131 Kimlik Kart\u0131, Kart\u0131 yoksa Federasyon sitesinden al\u0131nan interaktif\u00a0 \u00e7\u0131kt\u0131s\u0131n\u0131 tart\u0131da ibraz\u00a0 edecekleridir<br \/>3- M\u00fcsabakalarda kilo tolerans\u0131 yoktur. Sporcular tart\u0131ya n\u00fcfus c\u00fczdan\u0131 ve 2019 vizeli Lisansla geleceklerdir.<br \/>4- Doboklarda ve antren\u00f6rlerin e\u015fofmanlar\u0131nda Ay-Y\u0131ld\u0131z amblemi ve T\u00fcrkiye yaz\u0131s\u0131 olmayacakt\u0131r.<br \/>5- Bu m\u00fcsabaka, 2019 y\u0131l\u0131 Taekwondo Federasyonu talimatlar\u0131na g\u00f6re yap\u0131lacakt\u0131r.<br \/>6- M\u00fcsabakada manuel caml\u0131 kask kullan\u0131lacakt\u0131r. Kask WTF Taekwondo kask\u0131 ve mavi, k\u0131rm\u0131z\u0131 renklerde olacakt\u0131r.<br \/>7- M\u00fcsabakalarda\u00a0 2019 y\u0131l\u0131 vizesi olmayan antren\u00f6rler sporcular\u0131n arkas\u0131na \u00e7\u0131kamazlar.<br \/>8-Yar\u0131\u015fmalar, Elektronik Sistem\u2019le yap\u0131lacak olup, t\u00fcm yar\u0131\u015fmac\u0131lar; selfguard, Hari\u00e7 t\u00fcm malzemelerini kendileri getireceklerdir<br \/>9- Yap\u0131lacak m\u00fcsabakalar; T\u00fcrkiye Taekwondo Federasyonu 2019 Talimatlar\u0131na g\u00f6re yap\u0131lacakt\u0131r.<br \/>10-\u00a0 Hakemlerimiz Lacivert ceket, Lacivert Kravat, Gri Pantolon, Beyaz g\u00f6mlek,\u00a0 Beyaz Spor Ayakkab\u0131s\u0131 giyerek g\u00f6rev yerlerinde olacaklard\u0131r. K\u0131yafet \u015fekil \u015fart\u0131 zorunludur!<br \/><br \/><strong>\u00d6D\u00dcL\u00a0<\/strong>\u00a0\u00a0\u00a0\u00a0\u00a0\u00a0\u00a0\u00a0\u00a0\u00a0\u00a0\u00a0: 1. , 2. , 3. , 3. dereceye giren sporculara madalya verilecektir<strong>.<\/strong><\/p>\n<p>\u00a0<\/p>\n","protected":false},"excerpt":{"rendered":"<p>T\u00dcRK\u0130YE TAEKWONDO FEDERASYONU \u0130STANBUL TAEKWONDO \u0130L TEMS\u0130LC\u0130L\u0130\u011e\u0130 M\u00fcsabaka Ad\u0131\u00a0\u00a0\u00a0\u00a0:\u0130STANBUL YILDIZLAR TAEKWONDO \u015eAMP\u0130YONASIM\u00fcsabaka tarihi\u00a0\u00a0:\u00a0AVRUPA \u00a0yakas\u0131: 8-9-10 &#8211; 11 KASIM 2019 \u00a0ANADOLU yakas\u0131 : 12-13-14 KASIM 2019M\u00fcsabakan\u0131n\u00a0 Yeri\u00a0: SARIYER KAPALI SPOR SALONUM\u00fcsabaka\u00a0 Hakem\u00a0 Toplant\u0131s\u0131 :\u00a008:00M\u00fcsabaka\u00a0\u00a0 Antren\u00f6r\u00a0 Toplant\u0131s\u0131\u00a0: 08:30M\u00fcsabakan\u0131n\u00a0 Ba\u015flama\u00a0 Saati\u00a0 :\u00a009:00M\u00fcsabaka\u00a0\u00a0\u00a0\u00a0Listelerinin\u00a0 Sunumu\u00a0\u00a0\u00a0Online kay\u0131t i\u015flemihttp:\/\/isttit com\/online\/\u00a0Sayfas\u0131nda, 01\/KASIM\/2019\u00a0\u00a0saat 23.59\u2019a kadar\u00a0\u00a0yap\u0131lacakt\u0131r. NOT\u00a0\u00a0\u00a0\u00a0\u00a0:\u00a0S\u0130STEMDE\u00a0\u00a0KAYITLI\u00a0OLMAYAN\u00a0\u00a0SPORCULAR\u00a0\u00a0KAYIT\u00a0\u00a0TAR\u0130H\u0130\u00a0 VE\u00a0\u00a0SAAT\u0130\u00a0\u00a0B\u0130TT\u0130KTEN SONRA\u00a0KES\u0130NL\u0130KLE \u0130LAVE ED\u0130LMEYECEKT\u0130R. M\u00dcSABAKA\u00a0 TARTISI\u00a0\u00a0 TAR\u0130H\u00a0 \u00a0VE\u00a0 [&hellip;]<\/p>\n","protected":false},"author":5,"featured_media":4222,"comment_status":"closed","ping_status":"closed","sticky":false,"template":"","format":"standard","meta":{"footnotes":""},"categories":[94,95,96],"tags":[70,43,30,146,148,67],"class_list":["post-4219","post","type-post","status-publish","format-standard","has-post-thumbnail","hentry","category-genel","category-haberler","category-isttit-haberler","tag-feridun-aydogan","tag-istanbul-taekwondo-il-temsilciligi","tag-isttit","tag-veysel-oksuzoglu","tag-yildizlar-milli-takim-secme","tag-yildizlar-turkiye-taekwondo"],"_links":{"self":[{"href":"https:\/\/isttit.com\/index.php?rest_route=\/wp\/v2\/posts\/4219","targetHints":{"allow":["GET"]}}],"collection":[{"href":"https:\/\/isttit.com\/index.php?rest_route=\/wp\/v2\/posts"}],"about":[{"href":"https:\/\/isttit.com\/index.php?rest_route=\/wp\/v2\/types\/post"}],"author":[{"embeddable":true,"href":"https:\/\/isttit.com\/index.php?rest_route=\/wp\/v2\/users\/5"}],"replies":[{"embeddable":true,"href":"https:\/\/isttit.com\/index.php?rest_route=%2Fwp%2Fv2%2Fcomments&post=4219"}],"version-history":[{"count":0,"href":"https:\/\/isttit.com\/index.php?rest_route=\/wp\/v2\/posts\/4219\/revisions"}],"wp:featuredmedia":[{"embeddable":true,"href":"https:\/\/isttit.com\/index.php?rest_route=\/wp\/v2\/media\/4222"}],"wp:attachment":[{"href":"https:\/\/isttit.com\/index.php?rest_route=%2Fwp%2Fv2%2Fmedia&parent=4219"}],"wp:term":[{"taxonomy":"category","embeddable":true,"href":"https:\/\/isttit.com\/index.php?rest_route=%2Fwp%2Fv2%2Fcategories&post=4219"},{"taxonomy":"post_tag","embeddable":true,"href":"https:\/\/isttit.com\/index.php?rest_route=%2Fwp%2Fv2%2Ftags&post=4219"}],"curies":[{"name":"wp","href":"https:\/\/api.w.org\/{rel}","templated":true}]}}