{"id":4401,"date":"2020-02-02T21:06:24","date_gmt":"2020-02-02T18:06:24","guid":{"rendered":"http:\/\/www.isttit.com\/?p=4401"},"modified":"2020-02-02T21:06:24","modified_gmt":"2020-02-02T18:06:24","slug":"analig-taekwondo-yildizlar-il-secmeleri-2","status":"publish","type":"post","link":"https:\/\/isttit.com\/?p=4401","title":{"rendered":"ANAL\u0130G TAEKWONDO YILDIZLAR \u0130L SE\u00c7MELER\u0130"},"content":{"rendered":"\n<p><strong>T\u00dcRK\u0130YE TAEKWONDO FEDERASYONU \u0130STANBUL TAEKWONDO \u0130L TEMS\u0130LC\u0130L\u0130\u011e\u0130<\/strong><\/p>\n<p><strong>ANAL\u0130G TAEKWONDO YILDIZLAR \u0130L SE\u00c7MELER\u0130<\/strong><\/p>\n<p><strong>M\u00fcsabakan\u0131n\u00a0 Ad\u0131\u00a0 : <\/strong>ANAL\u0130G TAEKWONDO \u0130STANBUL \u0130L SECMELER\u0130<\/p>\n<p><strong>M\u00fcsabaka\u00a0 Tarihi ve YER\u0130: <\/strong>17-19 \u015eUBAT 2020 ANADOLU SE\u00c7MELER\u0130 &#8211; <strong>SARIYER MUSTAFA YENER\u00a0 KAPALI SPOR SALONU<\/strong><br \/>\u00a0\u00a0\u00a0\u00a0\u00a0\u00a0\u00a0\u00a0\u00a0\u00a0\u00a0\u00a0\u00a0\u00a0\u00a0\u00a0\u00a0\u00a0\u00a0\u00a0\u00a0\u00a0\u00a0\u00a0\u00a0\u00a0\u00a0 \u00a0\u00a0 : 21-27 \u015eUBAT 2020 AVRUPA SE\u00c7MELER\u0130 &#8211; <strong>BAH\u00c7EK\u00d6Y ORMAN FAK\u00dcLTES\u0130 SPOR KUL\u00dcB\u00dc<\/strong><\/p>\n<p><strong>M\u00fcsabaka\u00a0 Hakem\u00a0 <\/strong>Toplant\u0131s\u0131 : 08:00<\/p>\n<p><strong>M\u00fcsabaka\u00a0\u00a0 Antren\u00f6r\u00a0 Toplant\u0131s\u0131\u00a0 :<\/strong>08:30<\/p>\n<p><strong>M\u00fcsabakan\u0131n\u00a0 Ba\u015flama\u00a0 Saati\u00a0 : <\/strong>09:00<\/p>\n<p>M\u00fcsabaka Listelerinin Online kay\u0131t i\u015flemi isttit.com\/online\/ Sayfas\u0131nda, 14-\u015eUBAT-2020\u00a0 saat 17:00 a Kadar\u00a0 yap\u0131lacakt\u0131r.<\/p>\n<p>S\u0130STEMDE KAYITLI OLMAYAN SPORCULAR\u00a0 KAYIT\u00a0 TAR\u0130H\u0130\u00a0 VE SAAT\u0130\u00a0\u00a0 B\u0130TT\u0130KTEN SONRA \u0130LAVE ED\u0130LMEYECEKT\u0130R.<\/p>\n<p>S\u0130KLETLER<\/p>\n<p><strong>YILDIZLAR KIZLAR\u00a0\u00a0\u00a0\u00a0 29-33-37-41-44-47-51-55-59-(+59)KG <\/strong><\/p>\n<p><strong>YILDIZLAR ERKEKLER 33-37-41-45-49-53-57-61-65-(+65)KG <\/strong><\/p>\n<p><strong>M\u00dcSABAKA\u00a0 TARTISI\u00a0 TAR\u0130H VE\u00a0 YER\u0130<\/strong>\u00a0\u00a0\u00a0\u00a0\u00a0\u00a0\u00a0\u00a0\u00a0\u00a0\u00a0\u00a0\u00a0\u00a0\u00a0\u00a0\u00a0\u00a0\u00a0\u00a0\u00a0\u00a0 :<\/p>\n<p>15-\u015eubat 2020 SAAT; 11:00 \u2013 17:00 ANADOLU YAKASI : <strong>SARIYER MUSTAFA YENER\u00a0 KAPALI SPOR SALONU<\/strong><br \/>21-\u015eubat 2020\u00a0 SAAT; 11:00 \u2013 17:00 AVRUPA YAKASI\u00a0\u00a0 : BA\u011eCILAR OL\u0130MP\u0130K SPOR KOMPLEKS\u0130<\/p>\n<p><strong>TEKN\u0130K TAL\u0130MAT\u00a0 \u00a0 :<\/strong><strong><br \/><\/strong>1-<strong>\u00a0Ku\u015fak durumu<\/strong>\u00a0:\u00a0<strong>Y\u0131ld\u0131z erkek ve bayanlar<\/strong>: En az Mavi K\u0131rm\u0131z (3.G\u0131p) ve daha yukar\u0131 ku\u015fak derecesine sahip\u00a0 \u00a02006\u2013 2007 ve 2008 do\u011fum tarihli sporcular kat\u0131labilir<\/p>\n<p>2- Yabanc\u0131 uyruklu sporcular ANAL\u0130G\u2019e kat\u0131lamazlar. <br \/>3- 2018 \u2013 2019 sezonu T\u00fcrkiye \u015fampiyonalar\u0131nda 8 dereceye giren sporcular, &#8211; Spor dal\u0131nda ilk 3 dereceye giren tak\u0131mlarda yer alan sporcular, II. 2018 \u2013 2019 Uluslararas\u0131 faaliyet takvimi gere\u011fi; &#8211; Milli tak\u0131m kamp veya m\u00fcsabaka kadrolar\u0131nda yer alan sporcular ANAL\u0130G il karmalar\u0131nda yer alamazlar<br \/>4-Avrupa ve Anadolu karmalar\u0131nda yer alacak sporcular\u0131n se\u00e7iminde sporcunun ikamet durumlar\u0131 esas al\u0131nacakt\u0131r.<br \/>5- Ku\u015fa\u011f\u0131n\u0131 belirten T\u00fcrkiye Taekwondo Federasyonu K\u0131rm\u0131z\u0131 Kimlik Kart\u0131, Kart\u0131 yoksa Federasyon sitesinden al\u0131nan interaktif\u00a0 \u00e7\u0131kt\u0131s\u0131n\u0131 tart\u0131da ibraz\u00a0 edecekleridir<br \/>6- M\u00fcsabakalarda kilo tolerans\u0131 yoktur. Sporcular tart\u0131ya n\u00fcfus c\u00fczdan\u0131 ve 2020 vizeli Lisansla geleceklerdir.<br \/>7- Doboklarda ve antren\u00f6rlerin e\u015fofmanlar\u0131nda Ay-Y\u0131ld\u0131z amblemi ve T\u00fcrkiye yaz\u0131s\u0131 olmayacakt\u0131r.<br \/>8- Bu m\u00fcsabaka, 2020 y\u0131l\u0131 Taekwondo Federasyonu talimatlar\u0131na g\u00f6re yap\u0131lacakt\u0131r.<br \/>9- M\u00fcsabakada <strong>manuel caml\u0131 kask<\/strong> kullan\u0131lacakt\u0131r. Kask WTF Taekwondo kask\u0131 ve mavi, k\u0131rm\u0131z\u0131 renklerde olacakt\u0131r.<br \/>10- M\u00fcsabakalarda\u00a0 2020-Yar\u0131\u015fmalar, Elektronik Sistem\u2019le yap\u0131lacak olup, t\u00fcm yar\u0131\u015fmac\u0131lar; selfguard, Hari\u00e7 t\u00fcm malzemelerini kendileri getireceklerdir<br \/>11- Yap\u0131lacak m\u00fcsabakalar; T\u00fcrkiye Taekwondo Federasyonu 2020 Talimatlar\u0131na g\u00f6re yap\u0131lacakt\u0131r.<br \/>12-\u00a0 Hakemlerimiz Lacivert ceket, Lacivert Kravat, Gri Pantolon, Beyaz g\u00f6mlek,\u00a0 Beyaz Spor Ayakkab\u0131s\u0131 giyerek g\u00f6rev yerlerinde olacaklard\u0131r. K\u0131yafet \u015fekil \u015fart\u0131 zorunludur!<br \/><br \/><strong>\u00d6D\u00dcL\u00a0<\/strong>\u00a0\u00a0\u00a0\u00a0\u00a0\u00a0\u00a0\u00a0\u00a0\u00a0\u00a0\u00a0: 1. , 2. , 3. , 3. dereceye giren sporculara madalya verilecektir<strong>.<\/strong><\/p>\n<p>\u00a0<\/p>\n<p>\u00a0<\/p>\n","protected":false},"excerpt":{"rendered":"<p>T\u00dcRK\u0130YE TAEKWONDO FEDERASYONU \u0130STANBUL TAEKWONDO \u0130L TEMS\u0130LC\u0130L\u0130\u011e\u0130 ANAL\u0130G TAEKWONDO YILDIZLAR \u0130L SE\u00c7MELER\u0130 M\u00fcsabakan\u0131n\u00a0 Ad\u0131\u00a0 : ANAL\u0130G TAEKWONDO \u0130STANBUL \u0130L SECMELER\u0130 M\u00fcsabaka\u00a0 Tarihi ve YER\u0130: 17-19 \u015eUBAT 2020 ANADOLU SE\u00c7MELER\u0130 &#8211; SARIYER MUSTAFA YENER\u00a0 KAPALI SPOR SALONU\u00a0\u00a0\u00a0\u00a0\u00a0\u00a0\u00a0\u00a0\u00a0\u00a0\u00a0\u00a0\u00a0\u00a0\u00a0\u00a0\u00a0\u00a0\u00a0\u00a0\u00a0\u00a0\u00a0\u00a0\u00a0\u00a0\u00a0 \u00a0\u00a0 : 21-27 \u015eUBAT 2020 AVRUPA SE\u00c7MELER\u0130 &#8211; BAH\u00c7EK\u00d6Y ORMAN FAK\u00dcLTES\u0130 SPOR KUL\u00dcB\u00dc M\u00fcsabaka\u00a0 Hakem\u00a0 Toplant\u0131s\u0131 : 08:00 M\u00fcsabaka\u00a0\u00a0 [&hellip;]<\/p>\n","protected":false},"author":5,"featured_media":4402,"comment_status":"closed","ping_status":"closed","sticky":false,"template":"","format":"standard","meta":{"footnotes":""},"categories":[94,95,96],"tags":[70,30,22,141,146],"class_list":["post-4401","post","type-post","status-publish","format-standard","has-post-thumbnail","hentry","category-genel","category-haberler","category-isttit-haberler","tag-feridun-aydogan","tag-isttit","tag-taekwondo","tag-taekwondo-yildizlar","tag-veysel-oksuzoglu"],"_links":{"self":[{"href":"https:\/\/isttit.com\/index.php?rest_route=\/wp\/v2\/posts\/4401","targetHints":{"allow":["GET"]}}],"collection":[{"href":"https:\/\/isttit.com\/index.php?rest_route=\/wp\/v2\/posts"}],"about":[{"href":"https:\/\/isttit.com\/index.php?rest_route=\/wp\/v2\/types\/post"}],"author":[{"embeddable":true,"href":"https:\/\/isttit.com\/index.php?rest_route=\/wp\/v2\/users\/5"}],"replies":[{"embeddable":true,"href":"https:\/\/isttit.com\/index.php?rest_route=%2Fwp%2Fv2%2Fcomments&post=4401"}],"version-history":[{"count":0,"href":"https:\/\/isttit.com\/index.php?rest_route=\/wp\/v2\/posts\/4401\/revisions"}],"wp:featuredmedia":[{"embeddable":true,"href":"https:\/\/isttit.com\/index.php?rest_route=\/wp\/v2\/media\/4402"}],"wp:attachment":[{"href":"https:\/\/isttit.com\/index.php?rest_route=%2Fwp%2Fv2%2Fmedia&parent=4401"}],"wp:term":[{"taxonomy":"category","embeddable":true,"href":"https:\/\/isttit.com\/index.php?rest_route=%2Fwp%2Fv2%2Fcategories&post=4401"},{"taxonomy":"post_tag","embeddable":true,"href":"https:\/\/isttit.com\/index.php?rest_route=%2Fwp%2Fv2%2Ftags&post=4401"}],"curies":[{"name":"wp","href":"https:\/\/api.w.org\/{rel}","templated":true}]}}