{"id":4641,"date":"2020-10-12T15:33:05","date_gmt":"2020-10-12T12:33:05","guid":{"rendered":"http:\/\/www.isttit.com\/?p=4641"},"modified":"2020-10-12T15:33:05","modified_gmt":"2020-10-12T12:33:05","slug":"turkiye-taekwondo-federasyonu-asbaskani-zekeriya-tutar-vefat-etti","status":"publish","type":"post","link":"https:\/\/isttit.com\/?p=4641","title":{"rendered":"T\u00fcrkiye Taekwondo Federasyonu Asba\u015fkan\u0131 Zekeriya Tutar vefat etti."},"content":{"rendered":"\n<p>T\u00fcrkiye Taekwondo Federasyonu Asba\u015fkan\u0131 Zekeriya Tutar, ge\u00e7irdi\u011fi kalp krizi sonucu 55 ya\u015f\u0131nda vefat etti. Cumartesi ve Pazar g\u00fcnleri Antalya\u2019da federasyonun y\u00f6netim kurulu toplant\u0131s\u0131na kat\u0131lan Zekeriya Tutar, Pazar ak\u015fam\u0131 d\u00f6nd\u00fc\u011f\u00fc \u0130stanbul\u2019daki evinde kalp krizi ge\u00e7irdi. Tuzla Devlet Hastanesine yo\u011fun bak\u0131ma al\u0131nan Tutar, t\u00fcm m\u00fcdahalelere ra\u011fmen kurtar\u0131lamad\u0131. \u00dc\u00e7 d\u00f6nemdir T\u00fcrkiye Taekwondo Federasyonunda asba\u015fkanl\u0131k g\u00f6revini y\u00fcr\u00fcten Zekeriya Tutar, Tuzla Belediye Spor Kul\u00fcb\u00fc Y\u00f6netim Kurulu Ba\u015fkanl\u0131\u011f\u0131 ve K\u0131z\u0131lay Y\u00f6netim Kurulu \u00dcyeliklerinin yan\u0131 s\u0131ra AK Parti ve Refah Partisinde aktif siyaset yapm\u0131\u015ft\u0131.<br \/><br \/>T\u00fcrkiye Taekwondo Federasyonu Ba\u015fkan\u0131 Prof. Dr. Metin \u015eahin, Zekeriya Tutar\u2019\u0131n vefat\u0131yla ilgili yay\u0131nlad\u0131\u011f\u0131 taziye mesaj\u0131nda, \u201cKelimelerin anlam\u0131n\u0131 yitirdi\u011fi noktaday\u0131m. Daha d\u00fcn sabah birlikte Federasyonumuz i\u00e7in omuz omuza verip \u00e7al\u0131\u015ft\u0131\u011f\u0131m, yol ve dava arkada\u015f\u0131m, Federasyonumuzun Asba\u015fkan\u0131 Zekeriya Tutar\u2019\u0131 maalesef kaybettik. De\u011ferli karde\u015fim, k\u0131sa bir s\u00fcre \u00f6nce bu d\u00fcnyay\u0131 misafirhane gibi g\u00f6r\u00fcp ay\u0131rt etmeden herkesi sevmek gerekti\u011fini yazm\u0131\u015ft\u0131. Kendisini bildim bileli de b\u00f6yle ya\u015fad\u0131. Hem \u00e7ok de\u011ferli bir spor adam\u0131 hem de \u00e7ok de\u011ferli bir insand\u0131. Kimseyi \u00fczmeyen, k\u0131rmayan, hep yap\u0131c\u0131 olmaya gayret eden bir ki\u015fiydi. Yeri asla dolmayacak bir arkada\u015f\u0131md\u0131. Kendisini her zaman g\u00fczellikleriyle anaca\u011f\u0131z. K\u0131ymetli dostuma Cenab-\u0131 Allah\u2019tan rahmet, ba\u015fta ailesi ve sevenleri olmak \u00fczere camiam\u0131za ba\u015fsa\u011fl\u0131\u011f\u0131 ve sab\u0131rlar diliyorum.\u201d \u0130fadelerini kulland\u0131.<br \/><br \/>Cenaze ile ilgili bilgiler netle\u015fti\u011finde ayr\u0131ca bilgilendirme yap\u0131lacakt\u0131r.<\/p>\n","protected":false},"excerpt":{"rendered":"<p>T\u00fcrkiye Taekwondo Federasyonu Asba\u015fkan\u0131 Zekeriya Tutar, ge\u00e7irdi\u011fi kalp krizi sonucu 55 ya\u015f\u0131nda vefat etti. Cumartesi ve Pazar g\u00fcnleri Antalya\u2019da federasyonun y\u00f6netim kurulu toplant\u0131s\u0131na kat\u0131lan Zekeriya Tutar, Pazar ak\u015fam\u0131 d\u00f6nd\u00fc\u011f\u00fc \u0130stanbul\u2019daki evinde kalp krizi ge\u00e7irdi. Tuzla Devlet Hastanesine yo\u011fun bak\u0131ma al\u0131nan Tutar, t\u00fcm m\u00fcdahalelere ra\u011fmen kurtar\u0131lamad\u0131. \u00dc\u00e7 d\u00f6nemdir T\u00fcrkiye Taekwondo Federasyonunda asba\u015fkanl\u0131k g\u00f6revini y\u00fcr\u00fcten Zekeriya Tutar, [&hellip;]<\/p>\n","protected":false},"author":5,"featured_media":4648,"comment_status":"closed","ping_status":"closed","sticky":false,"template":"","format":"standard","meta":{"footnotes":""},"categories":[95,96,10],"tags":[],"class_list":["post-4641","post","type-post","status-publish","format-standard","has-post-thumbnail","hentry","category-haberler","category-isttit-haberler","category-ttf-haberler"],"_links":{"self":[{"href":"https:\/\/isttit.com\/index.php?rest_route=\/wp\/v2\/posts\/4641","targetHints":{"allow":["GET"]}}],"collection":[{"href":"https:\/\/isttit.com\/index.php?rest_route=\/wp\/v2\/posts"}],"about":[{"href":"https:\/\/isttit.com\/index.php?rest_route=\/wp\/v2\/types\/post"}],"author":[{"embeddable":true,"href":"https:\/\/isttit.com\/index.php?rest_route=\/wp\/v2\/users\/5"}],"replies":[{"embeddable":true,"href":"https:\/\/isttit.com\/index.php?rest_route=%2Fwp%2Fv2%2Fcomments&post=4641"}],"version-history":[{"count":0,"href":"https:\/\/isttit.com\/index.php?rest_route=\/wp\/v2\/posts\/4641\/revisions"}],"wp:featuredmedia":[{"embeddable":true,"href":"https:\/\/isttit.com\/index.php?rest_route=\/"}],"wp:attachment":[{"href":"https:\/\/isttit.com\/index.php?rest_route=%2Fwp%2Fv2%2Fmedia&parent=4641"}],"wp:term":[{"taxonomy":"category","embeddable":true,"href":"https:\/\/isttit.com\/index.php?rest_route=%2Fwp%2Fv2%2Fcategories&post=4641"},{"taxonomy":"post_tag","embeddable":true,"href":"https:\/\/isttit.com\/index.php?rest_route=%2Fwp%2Fv2%2Ftags&post=4641"}],"curies":[{"name":"wp","href":"https:\/\/api.w.org\/{rel}","templated":true}]}}