{"id":5910,"date":"2022-12-07T12:23:41","date_gmt":"2022-12-07T09:23:41","guid":{"rendered":"http:\/\/www.isttit.com\/?p=5910"},"modified":"2022-12-07T12:23:41","modified_gmt":"2022-12-07T09:23:41","slug":"taekwondo-ve-para-taekwondo-grand-prix-final","status":"publish","type":"post","link":"https:\/\/isttit.com\/?p=5910","title":{"rendered":"<strong>Taekwondo ve Para Taekwondo Grand Prix Final<\/strong>"},"content":{"rendered":"\n<table border=\"0\" width=\"580\" cellspacing=\"0\" cellpadding=\"0\">\n<tbody>\n<tr>\n<td valign=\"top\" width=\"580\">\n<table border=\"0\" width=\"100%\" cellspacing=\"0\" cellpadding=\"0\">\n<tbody>\n<tr>\n<td align=\"center\" valign=\"top\">\n<p class=\"icerik\">D\u00fcnya Taekwondo Federasyonu taraf\u0131ndan d\u00fczenlenen organizasyonda para taekwondo m\u00fcsabakalar\u0131 8 Aral\u0131k, taekwondo m\u00fcsabakalar\u0131 ise 9-10 tarihlerinde yap\u0131lacak. Olimpik ve paralimpik puan durumuna g\u00f6re sporcular\u0131n davet ile m\u00fccadele edebildi\u011fi grand prix finalinde \u00fclkemizi taekwondoda 8, para taekwondoda 9 sporcu temsil edecek. \u00dclkemizi temsil edecek sporcular\u0131m\u0131z \u015fu \u015fekilde:<br \/><br \/>\u201cTaekwondo<br \/><br \/>Kad\u0131nlar: Merve Din\u00e7el (49 kilo), Rukiye Y\u0131ld\u0131r\u0131m (49 kilo), Hatice K\u00fcbra \u0130lg\u00fcn (57 kilo), Nafia Ku\u015f (+67 kilo), Sude Yaren Uzun\u00e7avdar (+67 kilo)<br \/><br \/>Erkekler: G\u00f6rkem Polat (58 kilo), Hakan Re\u00e7ber (68 kilo), Emre Kutalm\u0131\u015f Ate\u015fli (+80 kilo)<br \/><br \/>Para Taekwondo (K44)<br \/><br \/>Kad\u0131nlar: Nurcihan Ekinci (47 kilo), Meryem Bet\u00fcl \u00c7avdar (52 kilo), Gamze G\u00fcrdal (57 kilo), Se\u00e7il Er (65 kilo), Nisa Nur G\u00fcrses (+65 kilo)<br \/><br \/>Erkekler: Ali Can \u00d6zcan (58 kilo), Mahmut Bozteke (63 kilo), Fatih \u00c7elik (70 kilo), Mehmet Sami Sara\u00e7 (+80 kilo)\u201d<\/p>\n<\/td>\n<\/tr>\n<\/tbody>\n<\/table>\n<\/td>\n<\/tr>\n<tr>\n<td align=\"center\" width=\"570\">\u00a0<\/td>\n<\/tr>\n<\/tbody>\n<\/table>\n\n\n","protected":false},"excerpt":{"rendered":"<p>D\u00fcnya Taekwondo Federasyonu taraf\u0131ndan d\u00fczenlenen organizasyonda para taekwondo m\u00fcsabakalar\u0131 8 Aral\u0131k, taekwondo m\u00fcsabakalar\u0131 ise 9-10 tarihlerinde yap\u0131lacak. Olimpik ve paralimpik puan durumuna g\u00f6re sporcular\u0131n davet ile m\u00fccadele edebildi\u011fi grand prix finalinde \u00fclkemizi taekwondoda 8, para taekwondoda 9 sporcu temsil edecek. \u00dclkemizi temsil edecek sporcular\u0131m\u0131z \u015fu \u015fekilde: \u201cTaekwondo Kad\u0131nlar: Merve Din\u00e7el (49 kilo), Rukiye Y\u0131ld\u0131r\u0131m (49 [&hellip;]<\/p>\n","protected":false},"author":5,"featured_media":4603,"comment_status":"closed","ping_status":"closed","sticky":false,"template":"","format":"standard","meta":{"footnotes":""},"categories":[10],"tags":[],"class_list":["post-5910","post","type-post","status-publish","format-standard","has-post-thumbnail","hentry","category-ttf-haberler"],"_links":{"self":[{"href":"https:\/\/isttit.com\/index.php?rest_route=\/wp\/v2\/posts\/5910","targetHints":{"allow":["GET"]}}],"collection":[{"href":"https:\/\/isttit.com\/index.php?rest_route=\/wp\/v2\/posts"}],"about":[{"href":"https:\/\/isttit.com\/index.php?rest_route=\/wp\/v2\/types\/post"}],"author":[{"embeddable":true,"href":"https:\/\/isttit.com\/index.php?rest_route=\/wp\/v2\/users\/5"}],"replies":[{"embeddable":true,"href":"https:\/\/isttit.com\/index.php?rest_route=%2Fwp%2Fv2%2Fcomments&post=5910"}],"version-history":[{"count":0,"href":"https:\/\/isttit.com\/index.php?rest_route=\/wp\/v2\/posts\/5910\/revisions"}],"wp:featuredmedia":[{"embeddable":true,"href":"https:\/\/isttit.com\/index.php?rest_route=\/"}],"wp:attachment":[{"href":"https:\/\/isttit.com\/index.php?rest_route=%2Fwp%2Fv2%2Fmedia&parent=5910"}],"wp:term":[{"taxonomy":"category","embeddable":true,"href":"https:\/\/isttit.com\/index.php?rest_route=%2Fwp%2Fv2%2Fcategories&post=5910"},{"taxonomy":"post_tag","embeddable":true,"href":"https:\/\/isttit.com\/index.php?rest_route=%2Fwp%2Fv2%2Ftags&post=5910"}],"curies":[{"name":"wp","href":"https:\/\/api.w.org\/{rel}","templated":true}]}}