{"id":5939,"date":"2019-06-30T03:24:56","date_gmt":"2019-06-30T00:24:56","guid":{"rendered":"http:\/\/www.isttit.com\/?p=3051"},"modified":"2019-06-30T03:24:56","modified_gmt":"2019-06-30T00:24:56","slug":"3051","status":"publish","type":"post","link":"https:\/\/isttit.com\/?p=5939","title":{"rendered":"Ankara&#8217;da yap\u0131lan ve 2884 sporcunun kat\u0131l\u0131m\u0131yla rekor k\u0131r\u0131lan Y\u0131ld\u0131zlar T\u00fcrkiye Taekwondo \u015eampiyonas\u0131&#8217;n\u0131n a\u00e7\u0131l\u0131\u015f seremonisi ger\u00e7ekle\u015ftirildi."},"content":{"rendered":"\n<table class=\"wp-block-table\"><tbody><tr><td>Ankara&#8217;da yap\u0131lan ve 2884 sporcunun kat\u0131l\u0131m\u0131yla rekor k\u0131r\u0131lan Y\u0131ld\u0131zlar T\u00fcrkiye Taekwondo \u015eampiyonas\u0131&#8217;n\u0131n a\u00e7\u0131l\u0131\u015f seremonisi ger\u00e7ekle\u015ftirildi.<\/td><\/tr><\/tbody><\/table>\n\n\n\n<table class=\"wp-block-table\"><tbody><tr><td><br><\/td><td><strong>25<br>Haziran<br><\/strong><\/td><td><strong>26&nbsp;<\/strong><br><strong>Haziran<\/strong><\/td><td><strong>27&nbsp;<\/strong><br><strong>Haziran<\/strong><\/td><td><strong>28&nbsp;<\/strong><br><strong>Haziran<\/strong><\/td><td><strong>29&nbsp;<\/strong><br><strong>Haziran<\/strong><\/td><td><strong>30&nbsp;<\/strong><br><strong>Haziran<\/strong><\/td><\/tr><tr><td><br><\/td><td><strong>Sal\u0131<\/strong><br><\/td><td><strong>\u00c7ar\u015famba<\/strong><\/td><td><strong>Per\u015fembe<\/strong><\/td><td><strong>Cuma<br><\/strong><\/td><td><strong>C.tesi<br><\/strong><\/td><td><strong>Pazar<\/strong><\/td><\/tr><tr><td><strong>Erkekler<\/strong><\/td><td>41, 49 Kg<\/td><td>37 Kg<\/td><td>33, 61 Kg<\/td><td>45 Kg<\/td><td>53, 65 Kg<\/td><td>57, +65 Kg<\/td><\/tr><tr><td><strong>Bayanlar<\/strong><\/td><td>37 Kg<\/td><td>44, 55 Kg<\/td><td>33, 47 Kg<\/td><td>51, 59 Kg<\/td><td>41, +59 Kg<\/td><td>29 Kg<\/td><\/tr><\/tbody><\/table>\n\n\n\n<table class=\"wp-block-table\"><tbody><tr><td><strong>SONU\u00c7LAR<\/strong><\/td><td><strong>FOTO\u011eRAFLAR<\/strong><\/td><\/tr><tr><td><strong><a href=\"http:\/\/www.turkiyetaekwondofed.gov.tr\/sonuc.asp?MusabakaID=84\">B\u00dcT\u00dcN SONU\u00c7LAR \u0130\u00c7\u0130N TIKLAYINIZ.<\/a><\/strong><\/td><td><strong><a href=\"https:\/\/www.tkdfed.com\/2019Yildizlar\">B\u00dcT\u00dcN FOTO\u011eRAFLAR \u0130\u00c7\u0130N TIKLAYINIZ.<\/a><\/strong><\/td><\/tr><\/tbody><\/table>\n\n\n\n<p><strong>A\u00c7ILI\u015e SEREMON\u0130S\u0130<\/strong><br><br>Ankara Ke\u00e7i\u00f6ren Taha Akg\u00fcl Spor Salonunda d\u00fczenlenen seremoni t\u00f6renine; Ke\u00e7i\u00f6ren Belediye Ba\u015fkan\u0131 Turgut Alt\u0131nok, \u00dclk\u00fc Ocaklar\u0131 E\u011fitim ve K\u00fclt\u00fcr Vakf\u0131 Genel Ba\u015fkan\u0131 Dr. Sinan Ate\u015f, Ankara Gen\u00e7lik Spor \u0130l M\u00fcd\u00fcr\u00fc Ferhat T\u00fcrko\u011flu, T\u00fcrkiye Halter Federasyonu Ba\u015fkan\u0131 Tamer Ta\u015fp\u0131nar, T\u00fcrkiye Taekwondo Federasyonu Ba\u015fkan Vekili Dr. Oktay Duymaz, Y\u00f6netim Kurulu \u00dcyesi Zafer \u00c7oktan,&nbsp; Sarar Protokol M\u00fcd\u00fcr\u00fc ve Sararspor Ba\u015fkan\u0131 Alaattin \u00c7oban, EGO Spor Kul\u00fcb\u00fc Ba\u015fkan\u0131 Ak\u0131n Hondoro\u011flu, hakemler, antren\u00f6rler, sporcular ve aileler kat\u0131ld\u0131.&nbsp;<br><br>A\u00e7\u0131l\u0131\u015f t\u00f6reninde T\u00fcrkiye Taekwondo Federasyonu Ba\u015fkan\u0131 Prof. Dr. Metin \u015eahin, Ke\u00e7i\u00f6ren Belediye Ba\u015fkan\u0131 Turgut Alt\u0131nok, \u00dclk\u00fc Ocaklar\u0131 E\u011fitim ve K\u00fclt\u00fcr Vakf\u0131 Genel Ba\u015fkan\u0131 Dr. Sinan Ate\u015f ve Ankara Gen\u00e7lik Spor \u0130l M\u00fcd\u00fcr\u00fc Ferhat T\u00fcrko\u011flu birer konu\u015fma yapt\u0131.&nbsp;<br><br>Konu\u015fmalar\u0131n ard\u0131ndan Ba\u015fkan \u015eahin, kat\u0131l\u0131mc\u0131lara g\u00fcn\u00fcn an\u0131s\u0131na birer plaket takdim etti.&nbsp;<\/p>\n","protected":false},"excerpt":{"rendered":"<p>Ankara&#8217;da yap\u0131lan ve 2884 sporcunun kat\u0131l\u0131m\u0131yla rekor k\u0131r\u0131lan Y\u0131ld\u0131zlar T\u00fcrkiye Taekwondo \u015eampiyonas\u0131&#8217;n\u0131n a\u00e7\u0131l\u0131\u015f seremonisi ger\u00e7ekle\u015ftirildi. 25Haziran 26&nbsp;Haziran 27&nbsp;Haziran 28&nbsp;Haziran 29&nbsp;Haziran 30&nbsp;Haziran Sal\u0131 \u00c7ar\u015famba Per\u015fembe Cuma C.tesi Pazar Erkekler 41, 49 Kg 37 Kg 33, 61 Kg 45 Kg 53, 65 Kg 57, +65 Kg Bayanlar 37 Kg 44, 55 Kg 33, 47 Kg 51, 59 [&hellip;]<\/p>\n","protected":false},"author":5,"featured_media":6090,"comment_status":"closed","ping_status":"closed","sticky":false,"template":"","format":"standard","meta":{"footnotes":""},"categories":[94,95,10],"tags":[],"class_list":["post-5939","post","type-post","status-publish","format-standard","has-post-thumbnail","hentry","category-genel","category-haberler","category-ttf-haberler"],"_links":{"self":[{"href":"https:\/\/isttit.com\/index.php?rest_route=\/wp\/v2\/posts\/5939","targetHints":{"allow":["GET"]}}],"collection":[{"href":"https:\/\/isttit.com\/index.php?rest_route=\/wp\/v2\/posts"}],"about":[{"href":"https:\/\/isttit.com\/index.php?rest_route=\/wp\/v2\/types\/post"}],"author":[{"embeddable":true,"href":"https:\/\/isttit.com\/index.php?rest_route=\/wp\/v2\/users\/5"}],"replies":[{"embeddable":true,"href":"https:\/\/isttit.com\/index.php?rest_route=%2Fwp%2Fv2%2Fcomments&post=5939"}],"version-history":[{"count":0,"href":"https:\/\/isttit.com\/index.php?rest_route=\/wp\/v2\/posts\/5939\/revisions"}],"wp:featuredmedia":[{"embeddable":true,"href":"https:\/\/isttit.com\/index.php?rest_route=\/wp\/v2\/media\/6090"}],"wp:attachment":[{"href":"https:\/\/isttit.com\/index.php?rest_route=%2Fwp%2Fv2%2Fmedia&parent=5939"}],"wp:term":[{"taxonomy":"category","embeddable":true,"href":"https:\/\/isttit.com\/index.php?rest_route=%2Fwp%2Fv2%2Fcategories&post=5939"},{"taxonomy":"post_tag","embeddable":true,"href":"https:\/\/isttit.com\/index.php?rest_route=%2Fwp%2Fv2%2Ftags&post=5939"}],"curies":[{"name":"wp","href":"https:\/\/api.w.org\/{rel}","templated":true}]}}