{"id":5941,"date":"2019-06-30T03:30:53","date_gmt":"2019-06-30T00:30:53","guid":{"rendered":"http:\/\/www.isttit.com\/?p=3057"},"modified":"2019-06-30T03:30:53","modified_gmt":"2019-06-30T00:30:53","slug":"taekwondo-siyah-kusak-dan-ve-terfi-sinavlari","status":"publish","type":"post","link":"https:\/\/isttit.com\/?p=5941","title":{"rendered":"Taekwondo Siyah Ku\u015fak Dan ve Terfi S\u0131navlar\u0131"},"content":{"rendered":"\n<table class=\"wp-block-table\"><tbody><tr><td>Taekwondo Federasyonu&#8217;nun 2019 Y\u0131l\u0131 Faaliyet Program\u0131nda yer alan Taekwondo Siyah Ku\u015fak Dan ve Terfi S\u0131navlar\u0131 a\u015fa\u011f\u0131da belirtilen yer ve tarihlerde yap\u0131lacakt\u0131r.<\/td><\/tr><\/tbody><\/table>\n\n\n\n<table class=\"wp-block-table\"><tbody><tr><td><strong>ANTREN\u00d6R VE SPORCULARIN D\u0130KKAT\u0130NE<\/strong><br><br>Federasyonumuzca ge\u00e7mi\u015f y\u0131llarda yap\u0131lan Dan s\u0131navlar\u0131n\u0131n Federasyonumuz sicil sistemine i\u015flenirken tespit edilen \u00e7e\u015fitli nedenlerden dolay\u0131 (Dan s\u0131nav talimat\u0131na uyulmamas\u0131; Komisyon Ba\u015fkan ve \u00dcyelerinin yo\u011funluktan dolay\u0131 s\u0131nav s\u0131ras\u0131nda sehven ya\u015f\u0131 ve\/veya s\u00fcresi dolmadan s\u0131nava al\u0131nmalar\u0131; s\u0131nav dekontunu s\u0131nav tarihinden sonra yat\u0131rmalar\u0131 vb.) Dan terfisi yap\u0131lmayan ki\u015filerin tespiti amac\u0131 ile s\u0131nava girenlerin dosyalar\u0131n\u0131n kendileri taraf\u0131ndan incelenerek, uyumsuzluk tespit etmeleri halinde Federasyonumuzdan bilgi almalar\u0131 gerekmektedir.&nbsp;<br><br>\u00d6nemle duyurulur.<br><\/td><\/tr><\/tbody><\/table>\n\n\n\n<p><br><strong>Siyah Ku\u015fak (PUM-DAN) S\u0131navlar\u0131n\u0131n ba\u015fvurular\u0131 bireysel olarak a\u015fa\u011f\u0131daki linkten online yap\u0131lacakt\u0131r.&nbsp;<br><br><\/strong><\/p>\n\n\n\n<table class=\"wp-block-table\"><tbody><tr><td><strong><br><a href=\"http:\/\/www.turkiyetaekwondofed.gov.tr\/kayittae\/giris3.asp\" target=\"_blank\" rel=\"noreferrer noopener\">ONLINE S\u0130YAH KU\u015eAK VE DAN TERF\u0130 SINAV BA\u015eVURUSU \u0130\u00c7\u0130N TIKLAYINIZ.<\/a><\/strong><br><br><\/td><\/tr><\/tbody><\/table>\n\n\n\n<p><strong>Yap\u0131lacak s\u0131navlara kat\u0131lacak ki\u015filer s\u0131navlar\u0131n yap\u0131laca\u011f\u0131 illerden birini se\u00e7erek kay\u0131t yapacaklard\u0131r.(S\u0131nava girmek istedi\u011fi il se\u00e7ilecektir.)<\/strong><br><\/p>\n\n\n\n<p><strong>6 Temmuz 2019 (Cumartesi g\u00fcn\u00fc) s\u0131nava girecekler;<br>5 Temmuz 2019 mesai bitimine kadar ba\u015fvurular\u0131n\u0131 yapabilecektir.<br><br>7 Temmuz 2019 (Pazar g\u00fcn\u00fc) s\u0131nava girecekler;<br>6 Temmuz 2019 mesai bitimine kadar ba\u015fvurular\u0131n\u0131 yapabilecektir.<\/strong><br><br>Taekwondo Federasyonumuzun 2019 y\u0131l\u0131 faaliyet program\u0131nda yer alan Taekwondo \u201cSiyah Ku\u015fak Dan ve Terfi S\u0131navlar\u0131\u201d ek listede belirtilen yer ve tarihlerde yap\u0131lacakt\u0131r.<br><br>1 &#8211; Siyah Ku\u015fak s\u0131navlar\u0131 a\u015fa\u011f\u0131da belirtilen talimata uygun olarak yap\u0131lacakt\u0131r.<br><br>2 &#8211; A\u015fa\u011f\u0131da belirtilen \u0130llerde G\u0131p\u2019tan Pum\/ 1.Dan\u2019a 1.Dan\/Pum\u2019dan 2.Dan\/Pum\u2019a, 3.Dan\/Pum\u2019a s\u0131navlar\u0131 yap\u0131lacakt\u0131r.<br><strong><br>6 Temmuz 2019<br><\/strong><\/p>\n\n\n\n<p><strong>ANTALYA &#8211; ANTALYA SPOR SALONU<br>KIR\u015eEH\u0130R &#8211; A\u015eIKPA\u015eA SPOR SALONU<br>OSMAN\u0130YE &#8211; TOSYALI SPOR SALONU<br>D\u0130YARBAKIR &#8211; KAYAPINAR \u015eEH\u0130T HAL\u0130T G\u00dcLSER SL.<br>R\u0130ZE &#8211; YEN\u0130\u015eEH\u0130R SPOR SALONU<br>D\u00dcZCE &#8211; D\u00dcZCE SPOR SALONU<\/strong><br><br>3 &#8211; A\u015fa\u011f\u0131da belirtilen yer ve tarihte G\u0131p\u2019tan Pum\/ 1.Dan\u2019a , 1.Dan\/Pum\u2019dan 2.Dan\/Pum\u2019a, 2.Dan\/Pum\u2019dan 3. Dan\/Pum\u2019a ge\u00e7i\u015f s\u0131navlar\u0131 yap\u0131lacakt\u0131r.<br><br><strong>6-7 Temmuz 2019<\/strong><br><br><strong>\u0130STANBUL &#8211; SARIYER MUSTAFA YENER SPOR SL.<br>\u0130ZM\u0130R &#8211; GAZ\u0130EM\u0130R SPOR SALONU<\/strong><br><br>4 &#8211; A\u015fa\u011f\u0131da belirtilen yer ve tarihte G\u0131p\u2019tan Pum\/ 1.Dan\u2019a , 1.Dan\/Pum\u2019dan 2.Dan\/Pum\u2019a, 2.Dan\/Pum\u2019dan 3. Dan\/Pum\u2019a, 3.Dan\u2019dan\/ 4.Dan\u2019a, 4.Dan\u2019dan 5.Dan\u2019a ge\u00e7i\u015f s\u0131navlar\u0131 yap\u0131lacakt\u0131r.<br><br><strong>6-7 Temmuz 2019<\/strong><br><strong><br>ANKARA<\/strong>&nbsp;&#8211; \u0130SMET IRAZ SPOR SALONU<br><br>5 &#8211; Ku\u015fak derecelerinde bekleme s\u00fcrelerini dolduran sporcular s\u0131nava girebileceklerdir. ( S\u00fcresi dolmayanlar s\u0131nava al\u0131nmayacakt\u0131r.)<\/p>\n","protected":false},"excerpt":{"rendered":"<p>Taekwondo Federasyonu&#8217;nun 2019 Y\u0131l\u0131 Faaliyet Program\u0131nda yer alan Taekwondo Siyah Ku\u015fak Dan ve Terfi S\u0131navlar\u0131 a\u015fa\u011f\u0131da belirtilen yer ve tarihlerde yap\u0131lacakt\u0131r. ANTREN\u00d6R VE SPORCULARIN D\u0130KKAT\u0130NE Federasyonumuzca ge\u00e7mi\u015f y\u0131llarda yap\u0131lan Dan s\u0131navlar\u0131n\u0131n Federasyonumuz sicil sistemine i\u015flenirken tespit edilen \u00e7e\u015fitli nedenlerden dolay\u0131 (Dan s\u0131nav talimat\u0131na uyulmamas\u0131; Komisyon Ba\u015fkan ve \u00dcyelerinin yo\u011funluktan dolay\u0131 s\u0131nav s\u0131ras\u0131nda sehven ya\u015f\u0131 ve\/veya [&hellip;]<\/p>\n","protected":false},"author":5,"featured_media":3219,"comment_status":"closed","ping_status":"closed","sticky":false,"template":"","format":"standard","meta":{"footnotes":""},"categories":[94,95,96,10],"tags":[],"class_list":["post-5941","post","type-post","status-publish","format-standard","has-post-thumbnail","hentry","category-genel","category-haberler","category-isttit-haberler","category-ttf-haberler"],"_links":{"self":[{"href":"https:\/\/isttit.com\/index.php?rest_route=\/wp\/v2\/posts\/5941","targetHints":{"allow":["GET"]}}],"collection":[{"href":"https:\/\/isttit.com\/index.php?rest_route=\/wp\/v2\/posts"}],"about":[{"href":"https:\/\/isttit.com\/index.php?rest_route=\/wp\/v2\/types\/post"}],"author":[{"embeddable":true,"href":"https:\/\/isttit.com\/index.php?rest_route=\/wp\/v2\/users\/5"}],"replies":[{"embeddable":true,"href":"https:\/\/isttit.com\/index.php?rest_route=%2Fwp%2Fv2%2Fcomments&post=5941"}],"version-history":[{"count":0,"href":"https:\/\/isttit.com\/index.php?rest_route=\/wp\/v2\/posts\/5941\/revisions"}],"wp:featuredmedia":[{"embeddable":true,"href":"https:\/\/isttit.com\/index.php?rest_route=\/wp\/v2\/media\/3219"}],"wp:attachment":[{"href":"https:\/\/isttit.com\/index.php?rest_route=%2Fwp%2Fv2%2Fmedia&parent=5941"}],"wp:term":[{"taxonomy":"category","embeddable":true,"href":"https:\/\/isttit.com\/index.php?rest_route=%2Fwp%2Fv2%2Fcategories&post=5941"},{"taxonomy":"post_tag","embeddable":true,"href":"https:\/\/isttit.com\/index.php?rest_route=%2Fwp%2Fv2%2Ftags&post=5941"}],"curies":[{"name":"wp","href":"https:\/\/api.w.org\/{rel}","templated":true}]}}