{"id":7705,"date":"2023-07-03T12:27:00","date_gmt":"2023-07-03T12:27:00","guid":{"rendered":"https:\/\/isttit.com\/?p=7705"},"modified":"2023-07-03T12:27:00","modified_gmt":"2023-07-03T12:27:00","slug":"avrupa-oyunlarini-6-madalyayla-tamamladik","status":"publish","type":"post","link":"https:\/\/isttit.com\/?p=7705","title":{"rendered":"Avrupa Oyunlar\u0131\u2019n\u0131 6 Madalyayla Tamamlad\u0131k!"},"content":{"rendered":"\n<p>Polonya\u2019n\u0131n ev sahipli\u011finde d\u00fczenlenen 3. Avrupa Oyunlar\u0131\u2019nda taekwondo m\u00fcsabakalar\u0131 23-26 Haziran 2023 tarihleri aras\u0131nda yap\u0131ld\u0131. Sporcular\u0131m\u0131z, oyunlar\u0131 2 alt\u0131n, 1 g\u00fcm\u00fc\u015f ve 3 bronz olmak \u00fczere 6 madalya ile tamamlad\u0131.<\/p>\n<p><strong>MADALYALARIMIZ<\/strong><br \/>ALTIN-Nafia Ku\u015f (+73kg)<br \/>ALTIN-Sude Yaren Uzun\u00e7avdar (73kg)<br \/>G\u00dcM\u00dc\u015e-Merve Din\u00e7el (49kg)<br \/>BRONZ-Hatice K\u00fcbra \u0130lg\u00fcn (57kg)<br \/>BRONZ-H\u00fcseyin Kartal (80kg)<br \/>BRONZ-Emre Kutalm\u0131\u015f Ate\u015fli (+87kg)<\/p>\n<figure class=\"wp-block-gallery has-nested-images columns-default is-cropped wp-block-gallery-1 is-layout-flex\">\n<figure class=\"wp-block-image size-large\"><img loading=\"lazy\" decoding=\"async\" class=\"wp-image-11039 lazyloaded\" src=\"https:\/\/turkiyetaekwondofed.gov.tr\/wp-content\/uploads\/2023\/06\/84.jpg\" sizes=\"auto, (min-width: 0px) and (max-width: 480px) 480px, (min-width: 481px) and (max-width: 980px) 980px, (min-width: 981px) 1024px, 100vw\" srcset=\"https:\/\/turkiyetaekwondofed.gov.tr\/wp-content\/uploads\/2023\/06\/84.jpg 1024w, https:\/\/turkiyetaekwondofed.gov.tr\/wp-content\/uploads\/2023\/06\/84-980x655.jpg 980w, https:\/\/turkiyetaekwondofed.gov.tr\/wp-content\/uploads\/2023\/06\/84-480x321.jpg 480w\" alt=\"\" width=\"1024\" height=\"684\" data-id=\"11039\" data-ll-status=\"loaded\" \/><\/figure>\n<figure class=\"wp-block-image size-large\"><img loading=\"lazy\" decoding=\"async\" class=\"wp-image-11040 lazyloaded\" src=\"https:\/\/turkiyetaekwondofed.gov.tr\/wp-content\/uploads\/2023\/06\/85.jpg\" sizes=\"auto, (min-width: 0px) and (max-width: 480px) 480px, (min-width: 481px) and (max-width: 980px) 980px, (min-width: 981px) 1024px, 100vw\" srcset=\"https:\/\/turkiyetaekwondofed.gov.tr\/wp-content\/uploads\/2023\/06\/85.jpg 1024w, https:\/\/turkiyetaekwondofed.gov.tr\/wp-content\/uploads\/2023\/06\/85-980x655.jpg 980w, https:\/\/turkiyetaekwondofed.gov.tr\/wp-content\/uploads\/2023\/06\/85-480x321.jpg 480w\" alt=\"\" width=\"1024\" height=\"684\" data-id=\"11040\" data-ll-status=\"loaded\" \/><\/figure>\n<\/figure>\n<p><strong>4. G\u00dcN (26 HAZ\u0130RAN) -2 ALTIN, 1 BRONZ B\u0130RDEN \u2013<\/strong><\/p>\n<p>Avrupa Oyunlar\u0131\u2019n\u0131n son g\u00fcn\u00fcnde 4 taekwondocumuz tatamiye \u00e7\u0131karken, 2 alt\u0131n ve 1 bronz madalya kazand\u0131k.<\/p>\n<p>Kad\u0131nlar +73 kiloda \u00fclkemizi temsil eden Nafia Ku\u015f, son 16 turunda Macaristan\u2019dan Henriet Padla, \u00e7eyrek finalde Bulgaristan\u2019dan Kalina Boyadzhieva, yar\u0131 finalde ise Fransa\u2019dan Solene Avoulete\u2019yi yenerek ad\u0131n\u0131 finale yazd\u0131rd\u0131. Finalde Polonya\u2019dan Aleksandra Kowalczuk\u2019u 2-0 yenen Nafia Ku\u015f, Avrupa Oyunlar\u0131 \u015fampiyonu oldu.<\/p>\n<p>Kad\u0131nlar 73 kiloda tatamiye \u00e7\u0131kan Sude Yaren Uzun\u00e7avdar, son 16 turunda Macaristan\u2019dan Rebeka Furedi, \u00e7eyrek finalde Fransa\u2019dan Althea Laurin, yar\u0131 finalde H\u0131rvatistan\u2019dan Nika Klepac\u2019\u0131 ma\u011flup ederek finale y\u00fckseldi. Finalde S\u0131rbistan\u2019dan Nadine Bozanic\u2019i 2-0 yenen Sude Yaren Uzun\u00e7avdar alt\u0131n madalya kazand\u0131.<\/p>\n<p>Erkekler +87 kiloda m\u00fccadele eden Emre Kutalm\u0131\u015f Ate\u015fli, son 16 turunda Moldova\u2019dan Dragos Marinescu\u2019yu yendikten sonra \u00e7eyrek finalde \u0130ngiltere\u2019den Caden Cunnigham\u2019a ma\u011flup oldu. \u0130ngiliz sporcunun finale y\u00fckselmesiyle repesaja kat\u0131lan Emre Kutalm\u0131\u015f Ate\u015fli, Norve\u00e7\u2019ten Milos Pilipovic\u2019i, \u00fc\u00e7\u00fcnc\u00fcl\u00fck ma\u00e7\u0131nda da \u0130spanya\u2019dan Ivan Garcia Martinez\u2019i yenerek bronz madalyan\u0131n sahibi oldu.<\/p>\n<p>Erkekler 87 kiloda tatamiye \u00e7\u0131kan Enbiya Taha Bi\u00e7er ise oyunlar\u0131 5. olarak tamamlad\u0131.<\/p>\n<figure class=\"wp-block-gallery has-nested-images columns-default is-cropped wp-block-gallery-3 is-layout-flex\">\n<figure class=\"wp-block-image size-large\"><img loading=\"lazy\" decoding=\"async\" class=\"wp-image-11033 lazyloaded\" src=\"https:\/\/turkiyetaekwondofed.gov.tr\/wp-content\/uploads\/2023\/06\/71.jpg\" sizes=\"auto, (min-width: 0px) and (max-width: 480px) 480px, (min-width: 481px) 680px, 100vw\" srcset=\"https:\/\/turkiyetaekwondofed.gov.tr\/wp-content\/uploads\/2023\/06\/71.jpg 680w, https:\/\/turkiyetaekwondofed.gov.tr\/wp-content\/uploads\/2023\/06\/71-480x320.jpg 480w\" alt=\"\" width=\"680\" height=\"454\" data-id=\"11033\" data-ll-status=\"loaded\" \/><\/figure>\n<figure class=\"wp-block-image size-large\"><img loading=\"lazy\" decoding=\"async\" class=\"wp-image-11035 lazyloaded\" src=\"https:\/\/turkiyetaekwondofed.gov.tr\/wp-content\/uploads\/2023\/06\/72.jpg\" sizes=\"auto, (min-width: 0px) and (max-width: 480px) 480px, (min-width: 481px) 680px, 100vw\" srcset=\"https:\/\/turkiyetaekwondofed.gov.tr\/wp-content\/uploads\/2023\/06\/72.jpg 680w, https:\/\/turkiyetaekwondofed.gov.tr\/wp-content\/uploads\/2023\/06\/72-480x344.jpg 480w\" alt=\"\" width=\"680\" height=\"488\" data-id=\"11035\" data-ll-status=\"loaded\" \/><\/figure>\n<figure class=\"wp-block-image size-large\"><img loading=\"lazy\" decoding=\"async\" class=\"wp-image-11034 lazyloaded\" src=\"https:\/\/turkiyetaekwondofed.gov.tr\/wp-content\/uploads\/2023\/06\/73.jpg\" sizes=\"auto, (min-width: 0px) and (max-width: 480px) 480px, (min-width: 481px) 680px, 100vw\" srcset=\"https:\/\/turkiyetaekwondofed.gov.tr\/wp-content\/uploads\/2023\/06\/73.jpg 680w, https:\/\/turkiyetaekwondofed.gov.tr\/wp-content\/uploads\/2023\/06\/73-480x320.jpg 480w\" alt=\"\" width=\"680\" height=\"454\" data-id=\"11034\" data-ll-status=\"loaded\" \/><\/figure>\n<\/figure>\n<figure class=\"wp-block-gallery has-nested-images columns-default is-cropped wp-block-gallery-5 is-layout-flex\">\n<figure class=\"wp-block-image size-large\"><img loading=\"lazy\" decoding=\"async\" class=\"wp-image-11043 lazyloaded\" src=\"https:\/\/turkiyetaekwondofed.gov.tr\/wp-content\/uploads\/2023\/06\/81.jpg\" sizes=\"auto, (min-width: 0px) and (max-width: 480px) 480px, (min-width: 481px) and (max-width: 980px) 980px, (min-width: 981px) 1024px, 100vw\" srcset=\"https:\/\/turkiyetaekwondofed.gov.tr\/wp-content\/uploads\/2023\/06\/81.jpg 1024w, https:\/\/turkiyetaekwondofed.gov.tr\/wp-content\/uploads\/2023\/06\/81-980x655.jpg 980w, https:\/\/turkiyetaekwondofed.gov.tr\/wp-content\/uploads\/2023\/06\/81-480x321.jpg 480w\" alt=\"\" width=\"1024\" height=\"684\" data-id=\"11043\" data-ll-status=\"loaded\" \/><\/figure>\n<figure class=\"wp-block-image size-large\"><img loading=\"lazy\" decoding=\"async\" class=\"wp-image-11044 lazyloaded\" src=\"https:\/\/turkiyetaekwondofed.gov.tr\/wp-content\/uploads\/2023\/06\/82.jpg\" sizes=\"auto, (min-width: 0px) and (max-width: 480px) 480px, (min-width: 481px) and (max-width: 980px) 980px, (min-width: 981px) 1024px, 100vw\" srcset=\"https:\/\/turkiyetaekwondofed.gov.tr\/wp-content\/uploads\/2023\/06\/82.jpg 1024w, https:\/\/turkiyetaekwondofed.gov.tr\/wp-content\/uploads\/2023\/06\/82-980x655.jpg 980w, https:\/\/turkiyetaekwondofed.gov.tr\/wp-content\/uploads\/2023\/06\/82-480x321.jpg 480w\" alt=\"\" width=\"1024\" height=\"684\" data-id=\"11044\" data-ll-status=\"loaded\" \/><\/figure>\n<figure class=\"wp-block-image size-large\"><img loading=\"lazy\" decoding=\"async\" class=\"wp-image-11042 lazyloaded\" src=\"https:\/\/turkiyetaekwondofed.gov.tr\/wp-content\/uploads\/2023\/06\/83.jpg\" sizes=\"auto, (min-width: 0px) and (max-width: 480px) 480px, (min-width: 481px) 684px, 100vw\" srcset=\"https:\/\/turkiyetaekwondofed.gov.tr\/wp-content\/uploads\/2023\/06\/83.jpg 684w, https:\/\/turkiyetaekwondofed.gov.tr\/wp-content\/uploads\/2023\/06\/83-480x719.jpg 480w\" alt=\"\" width=\"684\" height=\"1024\" data-id=\"11042\" data-ll-status=\"loaded\" \/><\/figure>\n<\/figure>\n<p><strong>3. G\u00dcN (25 HAZ\u0130RAN) \u2013 H\u00dcSEY\u0130N KARTAL AVRUPA OYUNLARI \u00dc\u00c7\u00dcNC\u00dcS\u00dc!<\/strong><\/p>\n<p>Taekwondo m\u00fcsabakalar\u0131n\u0131n \u00fc\u00e7\u00fcnc\u00fc g\u00fcn\u00fcnde 3 taekwondocumuz tatamiye \u00e7\u0131karken H\u00fcseyin Kartal bronz madalya kazand\u0131.<\/p>\n<p>Erkekler 80 kiloda m\u00fccadele eden H\u00fcseyin Kartal, son 16 turunda Fransa\u2019dan \u0130smael Bouzid\u2019i ma\u011flup ettikten sonra \u00e7eyrek finalde Norve\u00e7\u2019ten Richard Ordemann\u2019a 2-1 ma\u011flup oldu. Norve\u00e7li sporcunun finale y\u00fckselmesiyle repesaj ma\u00e7\u0131na \u00e7\u0131kan ve \u00c7ekya\u2019dan Adam Jochman\u2019\u0131 ma\u011flup eden H\u00fcseyin Kartal, bronz madalya ma\u00e7\u0131na \u00e7\u0131kmaya hak kazand\u0131. \u00dc\u00e7\u00fcnc\u00fcl\u00fck ma\u00e7\u0131nda \u0130spanya\u2019dan Jon Andoni Arteche\u2019yi yenerek bronz madalya kazand\u0131.<\/p>\n<p>\u00dc\u00e7\u00fcnc\u00fc g\u00fcn m\u00fccadele eden sporcular\u0131m\u0131zdan erkekler 74 kiloda Muhammed Emin Y\u0131ld\u0131z \u00e7eyrek final, kad\u0131nlar 67 kiloda m\u00fccadele eden \u0130kra Kay\u0131r ise son 16 turunda oyunlara veda etti.<\/p>\n<figure class=\"wp-block-gallery has-nested-images columns-default is-cropped wp-block-gallery-7 is-layout-flex\">\n<figure class=\"wp-block-image size-large\"><img loading=\"lazy\" decoding=\"async\" class=\"wp-image-11015 lazyloaded\" src=\"https:\/\/turkiyetaekwondofed.gov.tr\/wp-content\/uploads\/2023\/06\/h-1024x683.jpg\" sizes=\"auto, (min-width: 0px) and (max-width: 480px) 480px, (min-width: 481px) and (max-width: 980px) 980px, (min-width: 981px) 1024px, 100vw\" srcset=\"https:\/\/turkiyetaekwondofed.gov.tr\/wp-content\/uploads\/2023\/06\/h-980x654.jpg 980w, https:\/\/turkiyetaekwondofed.gov.tr\/wp-content\/uploads\/2023\/06\/h-480x320.jpg 480w\" alt=\"\" width=\"1024\" height=\"683\" data-id=\"11015\" data-ll-status=\"loaded\" \/><\/figure>\n<figure class=\"wp-block-image size-large\"><img loading=\"lazy\" decoding=\"async\" class=\"wp-image-11016 lazyloaded\" src=\"https:\/\/turkiyetaekwondofed.gov.tr\/wp-content\/uploads\/2023\/06\/h1-1024x683.jpg\" sizes=\"auto, (min-width: 0px) and (max-width: 480px) 480px, (min-width: 481px) and (max-width: 980px) 980px, (min-width: 981px) 1024px, 100vw\" srcset=\"https:\/\/turkiyetaekwondofed.gov.tr\/wp-content\/uploads\/2023\/06\/h1-980x654.jpg 980w, https:\/\/turkiyetaekwondofed.gov.tr\/wp-content\/uploads\/2023\/06\/h1-480x320.jpg 480w\" alt=\"\" width=\"1024\" height=\"683\" data-id=\"11016\" data-ll-status=\"loaded\" \/><\/figure>\n<figure class=\"wp-block-image size-large\"><img loading=\"lazy\" decoding=\"async\" class=\"wp-image-11014 lazyloaded\" src=\"https:\/\/turkiyetaekwondofed.gov.tr\/wp-content\/uploads\/2023\/06\/h2-1024x683.jpg\" sizes=\"auto, (min-width: 0px) and (max-width: 480px) 480px, (min-width: 481px) and (max-width: 980px) 980px, (min-width: 981px) 1024px, 100vw\" srcset=\"https:\/\/turkiyetaekwondofed.gov.tr\/wp-content\/uploads\/2023\/06\/h2-980x654.jpg 980w, https:\/\/turkiyetaekwondofed.gov.tr\/wp-content\/uploads\/2023\/06\/h2-480x320.jpg 480w\" alt=\"\" width=\"1024\" height=\"683\" data-id=\"11014\" data-ll-status=\"loaded\" \/><\/figure>\n<figure class=\"wp-block-image size-large\"><img loading=\"lazy\" decoding=\"async\" class=\"wp-image-11018 lazyloaded\" src=\"https:\/\/turkiyetaekwondofed.gov.tr\/wp-content\/uploads\/2023\/06\/h3-1024x740.jpg\" sizes=\"auto, (min-width: 0px) and (max-width: 480px) 480px, (min-width: 481px) and (max-width: 980px) 980px, (min-width: 981px) 1024px, 100vw\" srcset=\"https:\/\/turkiyetaekwondofed.gov.tr\/wp-content\/uploads\/2023\/06\/h3-980x708.jpg 980w, https:\/\/turkiyetaekwondofed.gov.tr\/wp-content\/uploads\/2023\/06\/h3-480x347.jpg 480w\" alt=\"\" width=\"1024\" height=\"740\" data-id=\"11018\" data-ll-status=\"loaded\" \/><\/figure>\n<figure class=\"wp-block-image size-large\"><img loading=\"lazy\" decoding=\"async\" class=\"wp-image-11017 lazyloaded\" src=\"https:\/\/turkiyetaekwondofed.gov.tr\/wp-content\/uploads\/2023\/06\/h4-1024x683.jpg\" sizes=\"auto, (min-width: 0px) and (max-width: 480px) 480px, (min-width: 481px) and (max-width: 980px) 980px, (min-width: 981px) 1024px, 100vw\" srcset=\"https:\/\/turkiyetaekwondofed.gov.tr\/wp-content\/uploads\/2023\/06\/h4-980x654.jpg 980w, https:\/\/turkiyetaekwondofed.gov.tr\/wp-content\/uploads\/2023\/06\/h4-480x320.jpg 480w\" alt=\"\" width=\"1024\" height=\"683\" data-id=\"11017\" data-ll-status=\"loaded\" \/><\/figure>\n<figure class=\"wp-block-image size-large\"><img loading=\"lazy\" decoding=\"async\" class=\"wp-image-11019 lazyloaded\" src=\"https:\/\/turkiyetaekwondofed.gov.tr\/wp-content\/uploads\/2023\/06\/h5-1024x683.jpg\" sizes=\"auto, (min-width: 0px) and (max-width: 480px) 480px, (min-width: 481px) and (max-width: 980px) 980px, (min-width: 981px) 1024px, 100vw\" srcset=\"https:\/\/turkiyetaekwondofed.gov.tr\/wp-content\/uploads\/2023\/06\/h5-980x654.jpg 980w, https:\/\/turkiyetaekwondofed.gov.tr\/wp-content\/uploads\/2023\/06\/h5-480x320.jpg 480w\" alt=\"\" width=\"1024\" height=\"683\" data-id=\"11019\" data-ll-status=\"loaded\" \/><\/figure>\n<\/figure>\n<p><strong>2. G\u00dcN (24 HAZ\u0130RAN) \u2013 HAT\u0130CE K\u00dcBRA \u0130LG\u00dcN AVRUPA OYUNLARI \u00dc\u00c7\u00dcNC\u00dcS\u00dc!<\/strong><\/p>\n<p>Taekwondo m\u00fcsabakalar\u0131n\u0131n ilk g\u00fcn\u00fcnde 4 taekwondocumuz tatamiye \u00e7\u0131karken Hatice K\u00fcbra \u0130lg\u00fcn, bronz madalya kazand\u0131.<\/p>\n<p>Kad\u0131nlar 57 kiloda seri ba\u015f\u0131 oldu\u011fu i\u00e7in ilk turu ma\u00e7 yapmadan ge\u00e7en Hatice K\u00fcbra \u0130lg\u00fcn, \u00e7eyrek finalde Litvanya\u2019dan Klaudija Tvaronaviciute\u2019yi yenerek yar\u0131 finale y\u00fckseldi. Yar\u0131 finalde Macaristan\u2019dan Luana Marton\u2019a 2-1 ma\u011flup olan Hatice K\u00fcbra \u0130lg\u00fcn, \u00fc\u00e7\u00fcnc\u00fcl\u00fck ma\u00e7\u0131nda \u0130spanya\u2019dan Arlet Ortiz Benito\u2019yu 2-0 yenerek bronz madalya kazand\u0131.<\/p>\n<p>\u0130kinci g\u00fcn m\u00fccadele eden di\u011fer sporcular\u0131m\u0131zdan erkekler 63 kiloda Hakan Re\u00e7ber ve kad\u0131nlar 53 kiloda S\u0131la Ezgi Ya\u011fc\u0131 \u00e7eyrek final, erkekler 68 kiloda Ferhat Can Kavurat son 16 turunda oyunlara veda etti.<\/p>\n<figure class=\"wp-block-gallery has-nested-images columns-default is-cropped wp-block-gallery-9 is-layout-flex\">\n<figure class=\"wp-block-image size-large\"><img loading=\"lazy\" decoding=\"async\" class=\"wp-image-10989 lazyloaded\" src=\"https:\/\/turkiyetaekwondofed.gov.tr\/wp-content\/uploads\/2023\/06\/51-1024x683.jpg\" sizes=\"auto, (min-width: 0px) and (max-width: 480px) 480px, (min-width: 481px) and (max-width: 980px) 980px, (min-width: 981px) 1024px, 100vw\" srcset=\"https:\/\/turkiyetaekwondofed.gov.tr\/wp-content\/uploads\/2023\/06\/51-980x654.jpg 980w, https:\/\/turkiyetaekwondofed.gov.tr\/wp-content\/uploads\/2023\/06\/51-480x320.jpg 480w\" alt=\"\" width=\"1024\" height=\"683\" data-id=\"10989\" data-ll-status=\"loaded\" \/><\/figure>\n<figure class=\"wp-block-image size-large\"><img loading=\"lazy\" decoding=\"async\" class=\"wp-image-10988 lazyloaded\" src=\"https:\/\/turkiyetaekwondofed.gov.tr\/wp-content\/uploads\/2023\/06\/hatice.jpg\" sizes=\"auto, (min-width: 0px) and (max-width: 480px) 480px, (min-width: 481px) 680px, 100vw\" srcset=\"https:\/\/turkiyetaekwondofed.gov.tr\/wp-content\/uploads\/2023\/06\/hatice.jpg 680w, https:\/\/turkiyetaekwondofed.gov.tr\/wp-content\/uploads\/2023\/06\/hatice-480x323.jpg 480w\" alt=\"\" width=\"680\" height=\"458\" data-id=\"10988\" data-ll-status=\"loaded\" \/><\/figure>\n<\/figure>\n<p><strong>1.G\u00dcN (23 HAZ\u0130RAN) \u2013 MERVE D\u0130N\u00c7EL AVRUPA OYULARI \u0130K\u0130NC\u0130S\u0130!<\/strong><\/p>\n<p>Taekwondo m\u00fcsabakalar\u0131n\u0131n ilk g\u00fcn\u00fcnde 4 taekwondocumuz tatamiye \u00e7\u0131karken Merve Din\u00e7el, g\u00fcm\u00fc\u015f madalya kazand\u0131.<\/p>\n<p>Kad\u0131nlar 49 kiloda seri ba\u015f\u0131 oldu\u011fu i\u00e7in ilk turu ma\u00e7 yapmadan ge\u00e7en Merve Din\u00e7el, \u00e7eyrek finalde \u0130ngiltere\u2019den Maddison Moore\u2019u, yar\u0131 finalde Almanya\u2019dan Supharada Kisskalt\u2019\u0131 ma\u011flup etti. Milli taekwondocumuz finalde ise \u0130spanya\u2019dan Adriana Cerezo Iglesias\u2019a \u00e7eki\u015fmeli bir m\u00fccadele sonunda 2-1 yenilerek g\u00fcm\u00fc\u015f madalyan\u0131n sahibi oldu.<\/p>\n<p>\u0130lk g\u00fcn m\u00fccadele eden di\u011fer sporcular\u0131m\u0131z kad\u0131nlar 46 kiloda Rukiye Y\u0131ld\u0131r\u0131m, erkekler 54 kiloda G\u00f6rkem Polat ve 58 kiloda \u00d6mer Faruk Day\u0131o\u011flu, son 16 turunda oyunlara veda etti.<\/p>\n<figure class=\"wp-block-gallery has-nested-images columns-default is-cropped wp-block-gallery-11 is-layout-flex\">\n<figure class=\"wp-block-image size-large\"><img loading=\"lazy\" decoding=\"async\" class=\"wp-image-10945 lazyloaded\" src=\"https:\/\/turkiyetaekwondofed.gov.tr\/wp-content\/uploads\/2023\/06\/mer1-1.jpg\" sizes=\"auto, (min-width: 0px) and (max-width: 480px) 480px, (min-width: 481px) and (max-width: 980px) 980px, (min-width: 981px) 1024px, 100vw\" srcset=\"https:\/\/turkiyetaekwondofed.gov.tr\/wp-content\/uploads\/2023\/06\/mer1-1.jpg 1024w, https:\/\/turkiyetaekwondofed.gov.tr\/wp-content\/uploads\/2023\/06\/mer1-1-980x654.jpg 980w, https:\/\/turkiyetaekwondofed.gov.tr\/wp-content\/uploads\/2023\/06\/mer1-1-480x320.jpg 480w\" alt=\"\" width=\"1024\" height=\"683\" data-id=\"10945\" data-ll-status=\"loaded\" \/><\/figure>\n<figure class=\"wp-block-image size-large\"><img loading=\"lazy\" decoding=\"async\" class=\"wp-image-10946 lazyloaded\" src=\"https:\/\/turkiyetaekwondofed.gov.tr\/wp-content\/uploads\/2023\/06\/mer2-1.jpg\" sizes=\"auto, (min-width: 0px) and (max-width: 480px) 480px, (min-width: 481px) and (max-width: 980px) 980px, (min-width: 981px) 1024px, 100vw\" srcset=\"https:\/\/turkiyetaekwondofed.gov.tr\/wp-content\/uploads\/2023\/06\/mer2-1.jpg 1024w, https:\/\/turkiyetaekwondofed.gov.tr\/wp-content\/uploads\/2023\/06\/mer2-1-980x654.jpg 980w, https:\/\/turkiyetaekwondofed.gov.tr\/wp-content\/uploads\/2023\/06\/mer2-1-480x320.jpg 480w\" alt=\"\" width=\"1024\" height=\"683\" data-id=\"10946\" data-ll-status=\"loaded\" \/><\/figure>\n<figure class=\"wp-block-image size-large\"><img loading=\"lazy\" decoding=\"async\" class=\"wp-image-10947 lazyloaded\" src=\"https:\/\/turkiyetaekwondofed.gov.tr\/wp-content\/uploads\/2023\/06\/mer3-1024x717.jpg\" sizes=\"auto, (min-width: 0px) and (max-width: 480px) 480px, (min-width: 481px) and (max-width: 980px) 980px, (min-width: 981px) 1024px, 100vw\" srcset=\"https:\/\/turkiyetaekwondofed.gov.tr\/wp-content\/uploads\/2023\/06\/mer3-980x686.jpg 980w, https:\/\/turkiyetaekwondofed.gov.tr\/wp-content\/uploads\/2023\/06\/mer3-480x336.jpg 480w\" alt=\"\" width=\"1024\" height=\"717\" data-id=\"10947\" data-ll-status=\"loaded\" \/><\/figure>\n<\/figure>\n<p>\u00a0<\/p>\n<p><strong>KADROMUZ<\/strong><\/p>\n<p>Paris 2024 Olimpiyat Oyunlar\u0131\u2019na kota puan\u0131 verecek oyunlarda \u00fclkemizi 15 taekwondocumuz temsil ediyor.<\/p>\n<p>Kad\u0131nlar: Rukiye Y\u0131ld\u0131r\u0131m (46kg), Merve Din\u00e7el (49kg), S\u0131la Ezgi Ya\u011fc\u0131 (53kg), Hatice K\u00fcbra \u0130lg\u00fcn (57kg), \u0130kra Kay\u0131r (67kg), Sude Yaren Uzun\u00e7avdar (73kg), Nafia Ku\u015f (+73kg)<\/p>\n<p>Erkekler: G\u00f6rkem Polat (54kg), \u00d6mer Faruk Day\u0131o\u011flu (58kg), Hakan Re\u00e7ber (63kg), Ferhat Can Kavurat (68kg), Muhammed Emin Y\u0131ld\u0131z (74kg), H\u00fcseyin Kartal (80kg), Enbiya Taha Bi\u00e7er (87kg), Emre Kutalm\u0131\u015f Ate\u015fli (+87kg)<\/p>\n\n\n","protected":false},"excerpt":{"rendered":"<p>Polonya\u2019n\u0131n ev sahipli\u011finde d\u00fczenlenen 3. Avrupa Oyunlar\u0131\u2019nda taekwondo m\u00fcsabakalar\u0131 23-26 Haziran 2023 tarihleri aras\u0131nda yap\u0131ld\u0131. Sporcular\u0131m\u0131z, oyunlar\u0131 2 alt\u0131n, 1 g\u00fcm\u00fc\u015f ve 3 bronz olmak \u00fczere 6 madalya ile tamamlad\u0131. MADALYALARIMIZALTIN-Nafia Ku\u015f (+73kg)ALTIN-Sude Yaren Uzun\u00e7avdar (73kg)G\u00dcM\u00dc\u015e-Merve Din\u00e7el (49kg)BRONZ-Hatice K\u00fcbra \u0130lg\u00fcn (57kg)BRONZ-H\u00fcseyin Kartal (80kg)BRONZ-Emre Kutalm\u0131\u015f Ate\u015fli (+87kg) 4. G\u00dcN (26 HAZ\u0130RAN) -2 ALTIN, 1 BRONZ B\u0130RDEN [&hellip;]<\/p>\n","protected":false},"author":2,"featured_media":7706,"comment_status":"closed","ping_status":"closed","sticky":false,"template":"","format":"standard","meta":{"footnotes":""},"categories":[10],"tags":[],"class_list":["post-7705","post","type-post","status-publish","format-standard","has-post-thumbnail","hentry","category-ttf-haberler"],"_links":{"self":[{"href":"https:\/\/isttit.com\/index.php?rest_route=\/wp\/v2\/posts\/7705","targetHints":{"allow":["GET"]}}],"collection":[{"href":"https:\/\/isttit.com\/index.php?rest_route=\/wp\/v2\/posts"}],"about":[{"href":"https:\/\/isttit.com\/index.php?rest_route=\/wp\/v2\/types\/post"}],"author":[{"embeddable":true,"href":"https:\/\/isttit.com\/index.php?rest_route=\/wp\/v2\/users\/2"}],"replies":[{"embeddable":true,"href":"https:\/\/isttit.com\/index.php?rest_route=%2Fwp%2Fv2%2Fcomments&post=7705"}],"version-history":[{"count":1,"href":"https:\/\/isttit.com\/index.php?rest_route=\/wp\/v2\/posts\/7705\/revisions"}],"predecessor-version":[{"id":7707,"href":"https:\/\/isttit.com\/index.php?rest_route=\/wp\/v2\/posts\/7705\/revisions\/7707"}],"wp:featuredmedia":[{"embeddable":true,"href":"https:\/\/isttit.com\/index.php?rest_route=\/wp\/v2\/media\/7706"}],"wp:attachment":[{"href":"https:\/\/isttit.com\/index.php?rest_route=%2Fwp%2Fv2%2Fmedia&parent=7705"}],"wp:term":[{"taxonomy":"category","embeddable":true,"href":"https:\/\/isttit.com\/index.php?rest_route=%2Fwp%2Fv2%2Fcategories&post=7705"},{"taxonomy":"post_tag","embeddable":true,"href":"https:\/\/isttit.com\/index.php?rest_route=%2Fwp%2Fv2%2Ftags&post=7705"}],"curies":[{"name":"wp","href":"https:\/\/api.w.org\/{rel}","templated":true}]}}