{"id":7723,"date":"2023-07-20T16:20:46","date_gmt":"2023-07-20T16:20:46","guid":{"rendered":"https:\/\/isttit.com\/?p=7723"},"modified":"2023-07-20T16:20:46","modified_gmt":"2023-07-20T16:20:46","slug":"yildizlar-milli-takim-secmesi","status":"publish","type":"post","link":"https:\/\/isttit.com\/?p=7723","title":{"rendered":"Y\u0131ld\u0131zlar Milli Tak\u0131m Se\u00e7mesi"},"content":{"rendered":"\n\n\n<p>T\u00fcrkiye Taekwondo Federasyonu, 28-31 A\u011fustos 2023 tarihleri aras\u0131nda Bosna Hersek\u2019in Saraybosna \u015fehrinde d\u00fczenlenecek D\u00fcnya Y\u0131ld\u0131zlar Taekwondo \u015eampiyonas\u0131 i\u00e7in milli tak\u0131m se\u00e7me listesi yay\u0131nlad\u0131.<br \/><br \/><strong>Se\u00e7me Tarihi :<\/strong>\u00a022 Temmuz 2023, Cumartesi<br \/><strong>Tart\u0131 Tarihi :<\/strong>\u00a021 Temmuz 2023, Cuma (Saat 10.00-13.00)<br \/><strong>Se\u00e7me ve Tart\u0131 Yeri :<\/strong>\u00a0Nil\u00fcfer Tofa\u015f Spor Salonu \/ Bursa<\/p>\n<p><strong>!! \u00d6NEML\u0130 !!Teknik Kurul gerekli g\u00f6rd\u00fc\u011f\u00fc hallerde se\u00e7me listelerinde, direkt gidecek sporcu isimlerinde ve se\u00e7me m\u00fcsabakalar\u0131n\u0131n kurallar\u0131nda de\u011fi\u015fiklikler yapabilir.Teknik Kurul se\u00e7me m\u00fcsabakalar\u0131n\u0131 kazanan sporcular\u0131n kamp \u00e7al\u0131\u015fmalar\u0131ndaki performans durumuna g\u00f6re tekrar se\u00e7me m\u00fcsabakas\u0131 yapabilir veya milli tak\u0131m listesinde de\u011fi\u015fikli\u011fe gidebilir.<br \/><\/strong><br \/>\u2013 Se\u00e7meler \u201cDaedo Elektronik Sistem\u201d ile yap\u0131lacakt\u0131r.<br \/>\u2013 Tart\u0131da kilo tolerans\u0131 olmayacakt\u0131r.<br \/>\u2013 Se\u00e7me m\u00fcsabakalar\u0131nda D\u00fcnya Taekwondo Federasyonu\u2019nun (WT) son oyun kurallar\u0131 ge\u00e7erli olacakt\u0131r.<br \/>\u2013 Milli Tak\u0131m se\u00e7mesine kat\u0131lacak sporcu ve antren\u00f6rlerin izinleri Gen\u00e7lik ve Spor \u0130l M\u00fcd\u00fcrl\u00fckleri taraf\u0131ndan al\u0131nacak, ayr\u0131ca harc\u0131rahlar\u0131 da Gen\u00e7lik ve Spor \u0130l M\u00fcd\u00fcrl\u00fckleri veya Kul\u00fcpleri taraf\u0131ndan kar\u015f\u0131lanacak olup, Federasyonumuz taraf\u0131ndan se\u00e7melerde harc\u0131rah \u00f6denmeyecektir.<br \/><br \/>Taekwondo camias\u0131na \u00f6nemle duyurulur.<br \/><br \/><strong>!!!SE\u00c7ME L\u0130STES\u0130 G\u00dcNL\u00dcK OLARAK G\u00dcNCELLENECEKT\u0130R!!!<\/strong><\/p>\n<figure class=\"wp-block-table\">\n<table>\n<tbody>\n<tr>\n<td><strong>ERKEKLER<\/strong><\/td>\n<td><strong>BAYANLAR<\/strong><\/td>\n<\/tr>\n<tr>\n<td><strong>148cm \u2013 Se\u00e7me Listesi<\/strong><br \/>Utku Kap<br \/>Osman Nuri Esad Ersan<br \/>Tu\u011fra Hacifazlio\u011flu<br \/>Arda Eker<br \/>Mira\u00e7 Kadio\u011flu<br \/>Mert \u015eeng\u00f6n\u00fcl<br \/>Ensar Faruk Yilmaz<br \/>Ahmet Eren Aksoy<br \/>Efe Yi\u011fit Erdo\u011fan<\/td>\n<td><strong>144cm<\/strong><br \/>Ebru Sevilay Abut \u2013 Direkt<br \/><br \/><br \/><\/td>\n<\/tr>\n<tr>\n<td><strong>152cm \u2013 Se\u00e7me Listesi<\/strong><br \/>Muhammed Taha Y\u0131ld\u0131z<br \/>Mira\u00e7 \u00c7a\u011fri G\u00fcng\u00f6r<br \/>Mustafa \u00c7elik<br \/>Naci \u00d6zbabacan<br \/>R\u00fczgar Di\u015fkaya<br \/>Yunus Emre Ekinci<br \/>Ersin Yavuz Petek<br \/>Yusuf D\u00fcndar<\/td>\n<td><strong>148cm<\/strong><br \/>Irmak Geni\u015f \u2013 Direkt<\/td>\n<\/tr>\n<tr>\n<td><strong>156cm \u2013 Se\u00e7me Listesi<\/strong><br \/>Yunus Ali K\u00f6rpe<br \/>Umutcan Bayram<br \/>Bo\u011fa\u00e7 Ali Boyraz<br \/>Mehmet \u00dcnal Kunt<br \/>\u00d6zg\u00fcr Kisa<br \/>Emir Ismail Topalo\u011flu<br \/>Abdulkadir Kili\u00e7<br \/>Halil Yalin<br \/>Mustafa Arda Al<\/td>\n<td><strong>152cm \u2013 Se\u00e7me Listesi<\/strong><br \/>Nisanur Akay<br \/>Nazl\u0131 Efe<br \/>Bilge Nur Karakurt<br \/>\u00d6yk\u00fc Ertu\u011f<br \/>Bilge Zeynep Mutlu<br \/>Gizem Kolcu<br \/>Azra Mete<br \/>Sahra Demirci<br \/>Cennet Elif Akkulak<br \/>Asl\u0131 G\u00fcven<br \/>Gizem G\u00fcltekin<br \/>\u00dcmre Aslan<br \/><br \/><\/td>\n<\/tr>\n<tr>\n<td><strong>160cm<\/strong><br \/>Mahmut \u0130nan \u2013 Direkt<\/td>\n<td><strong>156cm<\/strong><br \/>Fatma Sakaba\u015f\u0131 \u2013 Direkt<\/td>\n<\/tr>\n<tr>\n<td><strong>164cm \u2013 Se\u00e7me Listesi<\/strong><br \/>Taha Erdem<br \/>U\u011fur Han Yilmaz<br \/>Efe Hakan Bari\u015f<br \/>Bilal Dursun Okumu\u015f<br \/>Berke Erbay<br \/>Eymen Aras Ak\u00e7uraya<br \/>Ibrahim Hamza Hasanoglu<br \/>Ahmet Eymen Yi\u011fit<br \/>Abdullah Enes U\u015far<br \/>Ali Kerem Bekta\u015f<br \/>Yusuf \u015eehmuz Kanat<\/td>\n<td><strong>160cm \u2013 Se\u00e7me Listesi<\/strong><br \/>Selvi Naz K\u00fc\u00e7\u00fckcankurtaran<br \/>Ecrin Nisa Uslu<br \/>Esra Aka<br \/>Damla Rabia \u015eim\u015fek<br \/>Ay\u015fe Elif Kunt<br \/>Ay\u015fe Bozkurt<br \/>Ada \u015ean<br \/>Hayat Avci<br \/>Emine Kara\u00e7uka<br \/>Neslihan Bozkurt<br \/>Eda G\u00fcl<br \/>Duru Bahad\u0131r<\/td>\n<\/tr>\n<tr>\n<td><strong>168cm \u2013 Se\u00e7me Listesi<\/strong><br \/>Ahmet Akku\u015f<br \/>Egemen Kasap<br \/>Doruk Aydin<br \/>Yi\u011fit Marakli<br \/>Arif Bu\u011fra K\u00f6l\u00fck<br \/>Muhammed Furkan \u00c7ali\u015fkan<br \/>Kadir Egemen Ceran<br \/>Yank\u0131 Morko\u00e7<br \/>Osman Emre Ya\u011fc\u0131<br \/>Halil \u0130brahim Sordabak<br \/>Ege Tand\u0131rc\u0131o\u011flu<br \/>Ya\u011f\u0131z Pehlivano\u011flu<br \/><br \/><\/td>\n<td><strong>164cm<\/strong><br \/>Elvin Kavak \u2013 Direkt<\/td>\n<\/tr>\n<tr>\n<td><strong>172 cm<\/strong><br \/>Mustafa Atl\u0131 \u2013 Direkt<\/td>\n<td><strong>168cm \u2013 Se\u00e7me Listesi<\/strong><br \/>Nehir Tekin<br \/>Zeynep \u00c7akir<br \/>Azra Sena G\u00fczel<br \/>G\u00fcl Deniz Bostanci<br \/>Ezel Saadet Kiziltan<br \/>Defne Ruya Burgu<br \/>Hayriye Sultan Demir<br \/>\u015e\u00fckranay \u015eahin<br \/>Elif Rana Y\u0131lmaz<br \/>Nesli\u015fah En\u00e7ok<\/td>\n<\/tr>\n<tr>\n<td><strong>176cm \u2013 Se\u00e7me Listesi<\/strong><br \/>Ercan Berk \u0130mamo\u011flu<br \/>Emre Sarita\u015f<br \/>Muhammed Ali \u00c7uha<br \/>Deniz G\u00fcne\u015f<br \/>Mustafa Ta\u015fdelen<br \/>Metehan Dayio\u011flu<br \/>Mustafa Umut Arslan<br \/>\u00d6zg\u00fcr Yi\u011fit \u00d6zler<br \/>Ozan Karata\u015f<br \/>Ramazan Eren Ko\u00e7<\/td>\n<td>\u00a0<\/td>\n<\/tr>\n<tr>\n<td>\u00a0<\/td>\n<td>\u00a0<\/td>\n<\/tr>\n<\/tbody>\n<\/table>\n<\/figure>\n","protected":false},"excerpt":{"rendered":"<p>T\u00fcrkiye Taekwondo Federasyonu, 28-31 A\u011fustos 2023 tarihleri aras\u0131nda Bosna Hersek\u2019in Saraybosna \u015fehrinde d\u00fczenlenecek D\u00fcnya Y\u0131ld\u0131zlar Taekwondo \u015eampiyonas\u0131 i\u00e7in milli tak\u0131m se\u00e7me listesi yay\u0131nlad\u0131. Se\u00e7me Tarihi :\u00a022 Temmuz 2023, CumartesiTart\u0131 Tarihi :\u00a021 Temmuz 2023, Cuma (Saat 10.00-13.00)Se\u00e7me ve Tart\u0131 Yeri :\u00a0Nil\u00fcfer Tofa\u015f Spor Salonu \/ Bursa !! \u00d6NEML\u0130 !!Teknik Kurul gerekli g\u00f6rd\u00fc\u011f\u00fc hallerde se\u00e7me listelerinde, direkt [&hellip;]<\/p>\n","protected":false},"author":2,"featured_media":7721,"comment_status":"closed","ping_status":"closed","sticky":false,"template":"","format":"standard","meta":{"footnotes":""},"categories":[10],"tags":[],"class_list":["post-7723","post","type-post","status-publish","format-standard","has-post-thumbnail","hentry","category-ttf-haberler"],"_links":{"self":[{"href":"https:\/\/isttit.com\/index.php?rest_route=\/wp\/v2\/posts\/7723","targetHints":{"allow":["GET"]}}],"collection":[{"href":"https:\/\/isttit.com\/index.php?rest_route=\/wp\/v2\/posts"}],"about":[{"href":"https:\/\/isttit.com\/index.php?rest_route=\/wp\/v2\/types\/post"}],"author":[{"embeddable":true,"href":"https:\/\/isttit.com\/index.php?rest_route=\/wp\/v2\/users\/2"}],"replies":[{"embeddable":true,"href":"https:\/\/isttit.com\/index.php?rest_route=%2Fwp%2Fv2%2Fcomments&post=7723"}],"version-history":[{"count":1,"href":"https:\/\/isttit.com\/index.php?rest_route=\/wp\/v2\/posts\/7723\/revisions"}],"predecessor-version":[{"id":7724,"href":"https:\/\/isttit.com\/index.php?rest_route=\/wp\/v2\/posts\/7723\/revisions\/7724"}],"wp:featuredmedia":[{"embeddable":true,"href":"https:\/\/isttit.com\/index.php?rest_route=\/wp\/v2\/media\/7721"}],"wp:attachment":[{"href":"https:\/\/isttit.com\/index.php?rest_route=%2Fwp%2Fv2%2Fmedia&parent=7723"}],"wp:term":[{"taxonomy":"category","embeddable":true,"href":"https:\/\/isttit.com\/index.php?rest_route=%2Fwp%2Fv2%2Fcategories&post=7723"},{"taxonomy":"post_tag","embeddable":true,"href":"https:\/\/isttit.com\/index.php?rest_route=%2Fwp%2Fv2%2Ftags&post=7723"}],"curies":[{"name":"wp","href":"https:\/\/api.w.org\/{rel}","templated":true}]}}