{"id":7881,"date":"2023-10-18T12:38:12","date_gmt":"2023-10-18T12:38:12","guid":{"rendered":"https:\/\/isttit.com\/?p=7881"},"modified":"2023-10-18T12:38:12","modified_gmt":"2023-10-18T12:38:12","slug":"online-antrenor-ve-hakem-gelisim-semineri","status":"publish","type":"post","link":"https:\/\/isttit.com\/?p=7881","title":{"rendered":"Online Antren\u00f6r ve Hakem Geli\u015fim Semineri"},"content":{"rendered":"\n<p>T\u00fcrkiye Taekwondo Federasyonu, 2024 Y\u0131l\u0131 Vize niteli\u011fi ta\u015f\u0131yan Antren\u00f6r ve Hakem Geli\u015fim Semineri ile ilgili bir duyuru yay\u0131nlad\u0131.<\/p>\n<p><strong>Online Geli\u015fim Seminerine E-Devlet \u00fczerinden ba\u015fvuru ve \u00f6deme i\u00e7in son tarih\u00a013 Kas\u0131m 2023 saat 24.00\u2019d\u00fcr. Ba\u015fvurular E-Devlet Sistemi \u00fczerinden yap\u0131lmakta olup, bu tarihten sonra sistem kapand\u0131\u011f\u0131 i\u00e7in ba\u015fvuru yapman\u0131z ve seminere kat\u0131lman\u0131z m\u00fcmk\u00fcn olmayacakt\u0131r.<\/strong><\/p>\n<p>\u00a0<\/p>\n<p><strong>***BA\u015eVURULARIN NASIL YAPILACA\u011eI VE GRUPLAR \u0130\u00c7\u0130N GEREKL\u0130 EVRAKLARIN YER ALDI\u011eI L\u0130NKLERE SAYFANIN ALT B\u00d6L\u00dcM\u00dcNDEN ULA\u015eAB\u0130L\u0130RS\u0130N\u0130Z***<\/strong><\/p>\n<p>\u00a0<\/p>\n<p>Federasyonumuz ile Gen\u00e7lik ve Spor \u0130l M\u00fcd\u00fcrl\u00fcklerinin 2024 y\u0131l\u0131nda organize edecekleri faaliyetlerde ve Halk E\u011fitim Merkezlerinde g\u00f6rev almak isteyenler ile illerinde kul\u00fcp, \u00f6zel spor salonu vb. yerlerde yap\u0131lan GIP imtihanlar\u0131nda \u201cS\u0131nav Komisyon Ba\u015fkan\u0131\u201d olarak da g\u00f6rev alacak antren\u00f6r ve hakemlerin kat\u0131lmalar\u0131 gereken seminer program\u0131m\u0131z a\u015fa\u011f\u0131daki gibidir.<\/p>\n<p><strong>1-\u00a0<\/strong>Sadece T\u00fcrkiye ve\/veya il faaliyetlerinde\u00a0<strong>Antren\u00f6r<\/strong>\u00a0olarak g\u00f6rev yapmak isteyenler,<\/p>\n<p>Seminer program\u0131\u00a0<strong>16 \u2013 17 Kas\u0131m 2023<\/strong>\u00a0tarihleri aras\u0131nda\u00a0<strong>iki ayr\u0131 grup<\/strong>\u00a0<strong>halinde 1\u2019er g\u00fcn\u00a0<\/strong>olarak planlanm\u0131\u015ft\u0131r. Seminer gruplar\u0131\u00a0<strong>n\u00fcfusa kay\u0131tl\u0131 olunan<\/strong>\u00a0<strong>il bilgisine g\u00f6re belirlenmektedir.<\/strong><\/p>\n<p><strong><a href=\"https:\/\/turkiyetaekwondofed.gov.tr\/wp-content\/uploads\/2023\/10\/ILLER.xlsx\" data-type=\"URL\" data-id=\"https:\/\/turkiyetaekwondofed.gov.tr\/wp-content\/uploads\/2023\/10\/ILLER.xlsx\">(Hangi ilin hangi g\u00fcn seminer program\u0131na girece\u011fini g\u00f6steren listeye ula\u015fmak i\u00e7in t\u0131klay\u0131n\u0131z)<\/a><\/strong><\/p>\n<p><strong>2- Hakemler, Federasyon Faaliyetlerinde<\/strong>\u00a0<strong>Antren\u00f6r \u0130lde\u00a0Hakem<\/strong>\u00a0ve\u00a0<strong>Federasyon Faaliyetlerinde\u00a0Hakem\u00a0\u0130lde Antren\u00f6r\u00a0<\/strong>olarak g\u00f6rev yapmak isteyenler,<\/p>\n<p>Seminer program\u0131\u00a0<strong>18 \u2013 19 Kas\u0131m 2023<\/strong>\u00a0tarihleri aras\u0131nda\u00a0<strong>tek grup olarak<\/strong>\u00a0<strong>iki g\u00fcn s\u00fcreli<\/strong>\u00a0yap\u0131lacakt\u0131r.<\/p>\n<p>\u2013<strong>T\u00fcrkiye ve\/veya il faaliyetlerinde sadece Hakem olarak g\u00f6rev yapmak isteyen Hakemlerimiz E-Devlet \u00fczerinden ba\u015fvuru yapmayacak olup; direkt Federasyona gerekli evraklar\u0131 g\u00f6ndermeleri gerekmektedir.<\/strong><\/p>\n<p><strong>\u00d6NEML\u0130!!<\/strong><\/p>\n<p>*** Seminerler, Zoom program\u0131 \u00fczerinde yap\u0131lacak olup; seminer giri\u015f link ve \u015fifre bilgileri E-devlet ba\u015fvurusunda verilen mail adreslerine 14 Kas\u0131m 2023 24.00 \u2018e kadar Federasyonumuzca g\u00f6nderilecektir.<\/p>\n<p>***Hakemler i\u00e7in Zoom program\u0131 giri\u015f link ve \u015fifre bilgisi, Federasyonumuza g\u00f6nderilen Seminer Ba\u015fvuru Formlar\u0131 \u00fczerinde bulunan mail adreslerine g\u00f6nderilecektir.<\/p>\n<p>*** Dersler saat 09.00 \u2013 18.00 saatleri aras\u0131nda yap\u0131lacakt\u0131r.<\/p>\n<p>*** Derslerde yoklama al\u0131nmakta olup, yoklamada bulunmayan ki\u015filerin vizeleri yap\u0131lmayacakt\u0131r.<\/p>\n<p><strong>***E-Devlet \u00fczerinden ba\u015fvuruda bulunan antren\u00f6r ve hakemler i\u00e7in istenen evrak bilgisi ve ba\u015fvuru detaylar\u0131 a\u015fa\u011f\u0131daki linklerde yer almakta olup,\u00a0<u>evraklar\u0131n en ge\u00e7 13 Kas\u0131m 2023 tarihi 24.00<\/u>\u2019e kadar\u00a0<\/strong><a href=\"mailto:sicil@taekwondo.org.tr\"><strong>sicil@taekwondo.org.tr<\/strong><\/a><strong>\u00a0mail adresine g\u00f6nderilmesi gerekmektedir.<\/strong><\/p>\n<p><strong>NOT: Seminere kat\u0131lamayan antren\u00f6r ve hakemlerimiz i\u00e7in talep edilmesi halinde d\u00fczenlenecek telafi seminerinde seminer ba\u015fvuru a\u00e7\u0131klamas\u0131nda belirtilen \u00fccretlerin iki kat\u0131 \u00fccret al\u0131nacakt\u0131r.<\/strong><\/p>\n<p>\u00a0<\/p>\n<p><strong>***L\u0130NKLER***<\/strong><\/p>\n<p><a href=\"https:\/\/turkiyetaekwondofed.gov.tr\/wp-content\/uploads\/2023\/10\/2024-seminer-antrenor.docx\" data-type=\"URL\" data-id=\"https:\/\/turkiyetaekwondofed.gov.tr\/wp-content\/uploads\/2023\/10\/2024-seminer-antrenor.docx\">ANTREN\u00d6R GEL\u0130\u015e\u0130M SEM\u0130NER\u0130<\/a><\/p>\n<p><a href=\"https:\/\/turkiyetaekwondofed.gov.tr\/wp-content\/uploads\/2023\/10\/2024-SEMINER-HAKEM-1.docx\" data-type=\"URL\" data-id=\"https:\/\/turkiyetaekwondofed.gov.tr\/wp-content\/uploads\/2023\/10\/2024-SEMINER-HAKEM-1.docx\">HAKEM GEL\u0130\u015e\u0130M SEM\u0130NER\u0130<\/a><\/p>\n<p><a href=\"https:\/\/turkiyetaekwondofed.gov.tr\/wp-content\/uploads\/2023\/10\/2024-seminer-a-h.docx\" data-type=\"URL\" data-id=\"https:\/\/turkiyetaekwondofed.gov.tr\/wp-content\/uploads\/2023\/10\/2024-seminer-a-h.docx\">FEDERASYON FAAL\u0130YETLER\u0130NDE ANTREN\u00d6R VE \u0130LDE HAKEM SEM\u0130NER\u0130<\/a><\/p>\n<p><a href=\"https:\/\/turkiyetaekwondofed.gov.tr\/wp-content\/uploads\/2023\/10\/2024-seminer-h-a.docx\" data-type=\"URL\" data-id=\"https:\/\/turkiyetaekwondofed.gov.tr\/wp-content\/uploads\/2023\/10\/2024-seminer-h-a.docx\">FEDERASYON FAAL\u0130YETLER\u0130NDE HAKEM VE \u0130LDE ANTREN\u00d6R SEM\u0130NER\u0130<\/a><\/p>\n<p>\u00a0<\/p>\n<p><a href=\"https:\/\/turkiyetaekwondofed.gov.tr\/wp-content\/uploads\/2023\/10\/SEMINER-FORMU.xlsx\" data-type=\"URL\" data-id=\"https:\/\/turkiyetaekwondofed.gov.tr\/wp-content\/uploads\/2023\/10\/SEMINER-FORMU.xlsx\">SEM\u0130NER BA\u015eVURU FORMU<\/a><\/p>\n<p><a href=\"https:\/\/turkiyetaekwondofed.gov.tr\/wp-content\/uploads\/2023\/10\/antrenor-seminerine-basvuru-nasil-yapilir-tkdbasvuru_antrenor.pdf\" data-type=\"URL\" data-id=\"https:\/\/turkiyetaekwondofed.gov.tr\/wp-content\/uploads\/2023\/10\/antrenor-seminerine-basvuru-nasil-yapilir-tkdbasvuru_antrenor.pdf\">ONL\u0130NE ANTREN\u00d6R GEL\u0130\u015e\u0130M SEM\u0130NER\u0130NE NASIL KAYIT YAPILIR?<\/a><\/p>\n<p><a href=\"https:\/\/turkiyetaekwondofed.gov.tr\/wp-content\/uploads\/2023\/10\/garanti-bankasi-odemesi-hak.-seminerucretiodeme.pdf\" data-type=\"URL\" data-id=\"https:\/\/turkiyetaekwondofed.gov.tr\/wp-content\/uploads\/2023\/10\/garanti-bankasi-odemesi-hak.-seminerucretiodeme.pdf\">GARANT\u0130 BANKASI \u00d6DEM\u0130 \u0130\u015eLEM\u0130 \u0130\u00c7\u0130N DETAYLI ANLATIM<\/a><\/p>\n\n\n","protected":false},"excerpt":{"rendered":"<p>T\u00fcrkiye Taekwondo Federasyonu, 2024 Y\u0131l\u0131 Vize niteli\u011fi ta\u015f\u0131yan Antren\u00f6r ve Hakem Geli\u015fim Semineri ile ilgili bir duyuru yay\u0131nlad\u0131. Online Geli\u015fim Seminerine E-Devlet \u00fczerinden ba\u015fvuru ve \u00f6deme i\u00e7in son tarih\u00a013 Kas\u0131m 2023 saat 24.00\u2019d\u00fcr. Ba\u015fvurular E-Devlet Sistemi \u00fczerinden yap\u0131lmakta olup, bu tarihten sonra sistem kapand\u0131\u011f\u0131 i\u00e7in ba\u015fvuru yapman\u0131z ve seminere kat\u0131lman\u0131z m\u00fcmk\u00fcn olmayacakt\u0131r. \u00a0 ***BA\u015eVURULARIN NASIL [&hellip;]<\/p>\n","protected":false},"author":2,"featured_media":7882,"comment_status":"closed","ping_status":"closed","sticky":false,"template":"","format":"standard","meta":{"footnotes":""},"categories":[10],"tags":[],"class_list":["post-7881","post","type-post","status-publish","format-standard","has-post-thumbnail","hentry","category-ttf-haberler"],"_links":{"self":[{"href":"https:\/\/isttit.com\/index.php?rest_route=\/wp\/v2\/posts\/7881","targetHints":{"allow":["GET"]}}],"collection":[{"href":"https:\/\/isttit.com\/index.php?rest_route=\/wp\/v2\/posts"}],"about":[{"href":"https:\/\/isttit.com\/index.php?rest_route=\/wp\/v2\/types\/post"}],"author":[{"embeddable":true,"href":"https:\/\/isttit.com\/index.php?rest_route=\/wp\/v2\/users\/2"}],"replies":[{"embeddable":true,"href":"https:\/\/isttit.com\/index.php?rest_route=%2Fwp%2Fv2%2Fcomments&post=7881"}],"version-history":[{"count":1,"href":"https:\/\/isttit.com\/index.php?rest_route=\/wp\/v2\/posts\/7881\/revisions"}],"predecessor-version":[{"id":7883,"href":"https:\/\/isttit.com\/index.php?rest_route=\/wp\/v2\/posts\/7881\/revisions\/7883"}],"wp:featuredmedia":[{"embeddable":true,"href":"https:\/\/isttit.com\/index.php?rest_route=\/wp\/v2\/media\/7882"}],"wp:attachment":[{"href":"https:\/\/isttit.com\/index.php?rest_route=%2Fwp%2Fv2%2Fmedia&parent=7881"}],"wp:term":[{"taxonomy":"category","embeddable":true,"href":"https:\/\/isttit.com\/index.php?rest_route=%2Fwp%2Fv2%2Fcategories&post=7881"},{"taxonomy":"post_tag","embeddable":true,"href":"https:\/\/isttit.com\/index.php?rest_route=%2Fwp%2Fv2%2Ftags&post=7881"}],"curies":[{"name":"wp","href":"https:\/\/api.w.org\/{rel}","templated":true}]}}