{"id":7884,"date":"2023-10-18T12:40:26","date_gmt":"2023-10-18T12:40:26","guid":{"rendered":"https:\/\/isttit.com\/?p=7884"},"modified":"2023-10-18T12:40:26","modified_gmt":"2023-10-18T12:40:26","slug":"2023-avrupa-umitler-taekwondo-sampiyonasi-milli-takim-secmesi","status":"publish","type":"post","link":"https:\/\/isttit.com\/?p=7884","title":{"rendered":"2023 Avrupa \u00dcmitler Taekwondo \u015eampiyonas\u0131 Milli Tak\u0131m Se\u00e7mesi"},"content":{"rendered":"\n<p>07-10 Aral\u0131k 2023 tarihleri aras\u0131nda Romanya-B\u00fckre\u015f\u2019te yap\u0131lacak olan Avrupa \u00dcmitler Taekwondo \u015eampiyonas\u0131 Milli Tak\u0131m Se\u00e7me M\u00fcsabakalar\u0131 07-08 Kas\u0131m 2023 tarihlerinde Konya\u2019da yap\u0131lacakt\u0131r.<\/p>\n<p><strong>Se\u00e7me Tarihi:<\/strong>\u00a007-08 Kas\u0131m 2023\u00a0<strong>(Erkek sporcular i\u00e7in 07 Kas\u0131m \u2013 Bayan sporcular i\u00e7in 08 Kas\u0131m)<\/strong><\/p>\n<p><strong>Tart\u0131 Tarihi:<\/strong>\u00a006-07 Kas\u0131m 2023 (Saat 09.00 -14.00)\u00a0<strong>(Erkek sporcular i\u00e7in 06 Kas\u0131m \u2013 Bayan sporcular i\u00e7in 07 Kas\u0131m)<\/strong><\/p>\n<p><strong>Se\u00e7me ve Tart\u0131 Yeri:\u00a0<\/strong>KONYA<\/p>\n<p><strong>M\u00fcsabaka Program\u0131:<\/strong><\/p>\n<p><strong>07 Kas\u0131m 2023 Erkek Sporcular<\/strong><\/p>\n<p><strong>08 Kas\u0131m 2023 Bayan Sporcular<\/strong><\/p>\n<p>Se\u00e7me m\u00fcsabakalar\u0131 sabah saat 09.00\u2019da ba\u015flayacakt\u0131r.<br \/>\u2013 Se\u00e7meler \u201cDaedo Elektronik Sistem\u201d ile yap\u0131lacakt\u0131r.<br \/>\u2013 Se\u00e7me m\u00fcsabakalar\u0131nda D\u00fcnya Taekwondo Federasyonu\u2019nun (WT) son oyun kurallar\u0131 ge\u00e7erli olacakt\u0131r.<br \/>\u00a0\u2013 Milli Tak\u0131m se\u00e7mesine kat\u0131lacak sporcu ve antren\u00f6rlerin izinleri Gen\u00e7lik ve Spor \u0130l M\u00fcd\u00fcrl\u00fckleri taraf\u0131ndan al\u0131nacak, ayr\u0131ca harc\u0131rahlar\u0131 da Gen\u00e7lik ve Spor \u0130l M\u00fcd\u00fcrl\u00fckleri veya Kul\u00fcpleri taraf\u0131ndan kar\u015f\u0131lanabilecek olup, Federasyonumuz taraf\u0131ndan se\u00e7melerde harc\u0131rah \u00f6denmeyecektir.<\/p>\n<p><strong>Se\u00e7me kriterleri;<\/strong><\/p>\n<p>*17-21 Eyl\u00fcl 2023 tarihleri aras\u0131nda Erzurum\u2019da yap\u0131lan T\u00fcrkiye \u00dcmitler Taekwondo \u015eampiyonas\u0131nda 1. olan sporcular 07-10 Aral\u0131k 2023 tarihleri aras\u0131nda Romanya-B\u00fckre\u015f\u2019te yap\u0131lacak olan Avrupa \u00dcmitler Taekwondo \u015eampiyonas\u0131na direkt kat\u0131lacaklard\u0131r.\u00a0<strong><a href=\"https:\/\/turkiyetaekwondofed.gov.tr\/wp-content\/uploads\/2023\/10\/1.olan-sporcular-1.pdf\" data-type=\"URL\" data-id=\"https:\/\/turkiyetaekwondofed.gov.tr\/wp-content\/uploads\/2023\/10\/1.olan-sporcular-1.pdf\">(Liste i\u00e7in t\u0131klay\u0131n\u0131z)<\/a><\/strong><\/p>\n<p>\u2014Avrupa \u00dcmitler Taekwondo \u015eampiyonas\u0131 Milli Tak\u0131m Se\u00e7me M\u00fcsabakalar\u0131 15 siklette (Kad\u0131nlar 73kg d\u0131\u015f\u0131nda) yap\u0131lacak olup, m\u00fcsabakalara davet edilen sporcular;<\/p>\n<p>*2023 y\u0131l\u0131nda \u00e7e\u015fitli uluslararas\u0131 m\u00fcsabakalara kat\u0131larak Avrupa \u00dcmitler Taekwondo \u015eampiyonas\u0131na kota alan sporcular se\u00e7meye kat\u0131labileceklerdir. (<strong><a href=\"https:\/\/turkiyetaekwondofed.gov.tr\/wp-content\/uploads\/2023\/10\/kota-alan-sporcular-1.pdf\" data-type=\"URL\" data-id=\"https:\/\/turkiyetaekwondofed.gov.tr\/wp-content\/uploads\/2023\/10\/kota-alan-sporcular-1.pdf\">Liste i\u00e7in t\u0131klay\u0131n\u0131z)<\/a><\/strong><\/p>\n<p><strong>(Kota alarak se\u00e7me m\u00fcsabakas\u0131na kat\u0131lan ve elenen sporcular, alm\u0131\u015f olduklar\u0131 kotay\u0131 kullanarak kendi imk\u00e2nlar\u0131 ile 07-10 Aral\u0131k 2023 tarihleri aras\u0131nda Romanya-B\u00fckre\u015f\u2019te yap\u0131lacak olan Avrupa \u00dcmitler Taekwondo m\u00fcsabakas\u0131na kat\u0131labileceklerdir.)<\/strong><\/p>\n<p>*17-21 Eyl\u00fcl 2023 tarihleri aras\u0131nda Erzurum\u2019da yap\u0131lan T\u00fcrkiye \u00dcmitler Taekwondo \u015eampiyonas\u0131nda 2. 3. 4. 5. 6. 7. ve 8. olan sporcular<strong><a href=\"https:\/\/turkiyetaekwondofed.gov.tr\/wp-content\/uploads\/2023\/10\/2-8.-olan-sporcular-1.pdf\" data-type=\"URL\" data-id=\"https:\/\/turkiyetaekwondofed.gov.tr\/wp-content\/uploads\/2023\/10\/2-8.-olan-sporcular-1.pdf\">\u00a0(Se\u00e7me listesi i\u00e7in t\u0131klay\u0131n\u0131z)<\/a><\/strong><\/p>\n<p>*17-21 Eyl\u00fcl 2023 tarihleri aras\u0131nda Erzurum\u2019da yap\u0131lan T\u00fcrkiye \u00dcmitler Taekwondo \u015eampiyonas\u0131nda 1. ve 2. olan sporcuya 2-1 skorla yenilen sporcular\u00a0<strong><a href=\"https:\/\/turkiyetaekwondofed.gov.tr\/wp-content\/uploads\/2023\/10\/1.ve2_.ye-2-1-yenilen22.pdf\" data-type=\"URL\" data-id=\"https:\/\/turkiyetaekwondofed.gov.tr\/wp-content\/uploads\/2023\/10\/1.ve2_.ye-2-1-yenilen22.pdf\">(Se\u00e7me listesi i\u00e7in t\u0131klay\u0131n\u0131z)<\/a><\/strong><\/p>\n<p>*17-21 Eyl\u00fcl 2023 tarihleri aras\u0131nda Erzurum\u2019da yap\u0131lan T\u00fcrkiye \u00dcmitler Taekwondo \u015eampiyonas\u0131 teknik toplant\u0131s\u0131nda a\u00e7\u0131kland\u0131\u011f\u0131 \u00fczere 73 kg bayanlarda \u015fampiyonan\u0131n 1. olan\u0131 S\u0131la Nur Gencer ile Olimpik Havuzda yer alan Sude Yaren Uzun\u00e7avdar 73 kg da direkt kat\u0131lacaklard\u0131r.<\/p>\n<p>*17-21 Eyl\u00fcl 2023 tarihleri aras\u0131nda Erzurum\u2019da yap\u0131lan T\u00fcrkiye \u00dcmitler Taekwondo \u015eampiyonas\u0131nda 73 kg\u2019da 2. 3. 4. 5. 6. 7. ve 8. olan sporcular talep etmeleri halinde +73 kg\u2019da se\u00e7me m\u00fcsabakalar\u0131na kat\u0131labileceklerdir.<\/p>\n<p>!! \u00d6NEML\u0130 !!Teknik Kurul gerekli g\u00f6rd\u00fc\u011f\u00fc hallerde se\u00e7me listelerinde, direkt gidecek sporcu isimlerinde ve se\u00e7me m\u00fcsabakalar\u0131n\u0131n kurallar\u0131nda de\u011fi\u015fiklikler yapabilir. Teknik Kurul se\u00e7me m\u00fcsabakalar\u0131n\u0131 kazanan sporcular\u0131n kamp \u00e7al\u0131\u015fmalar\u0131ndaki performans durumuna g\u00f6re tekrar se\u00e7me m\u00fcsabakas\u0131 yapabilir veya milli tak\u0131m listesinde de\u011fi\u015fikli\u011fe gidebilir.<\/p>\n\n\n","protected":false},"excerpt":{"rendered":"<p>07-10 Aral\u0131k 2023 tarihleri aras\u0131nda Romanya-B\u00fckre\u015f\u2019te yap\u0131lacak olan Avrupa \u00dcmitler Taekwondo \u015eampiyonas\u0131 Milli Tak\u0131m Se\u00e7me M\u00fcsabakalar\u0131 07-08 Kas\u0131m 2023 tarihlerinde Konya\u2019da yap\u0131lacakt\u0131r. Se\u00e7me Tarihi:\u00a007-08 Kas\u0131m 2023\u00a0(Erkek sporcular i\u00e7in 07 Kas\u0131m \u2013 Bayan sporcular i\u00e7in 08 Kas\u0131m) Tart\u0131 Tarihi:\u00a006-07 Kas\u0131m 2023 (Saat 09.00 -14.00)\u00a0(Erkek sporcular i\u00e7in 06 Kas\u0131m \u2013 Bayan sporcular i\u00e7in 07 Kas\u0131m) Se\u00e7me ve [&hellip;]<\/p>\n","protected":false},"author":2,"featured_media":7878,"comment_status":"closed","ping_status":"closed","sticky":false,"template":"","format":"standard","meta":{"footnotes":""},"categories":[10],"tags":[],"class_list":["post-7884","post","type-post","status-publish","format-standard","has-post-thumbnail","hentry","category-ttf-haberler"],"_links":{"self":[{"href":"https:\/\/isttit.com\/index.php?rest_route=\/wp\/v2\/posts\/7884","targetHints":{"allow":["GET"]}}],"collection":[{"href":"https:\/\/isttit.com\/index.php?rest_route=\/wp\/v2\/posts"}],"about":[{"href":"https:\/\/isttit.com\/index.php?rest_route=\/wp\/v2\/types\/post"}],"author":[{"embeddable":true,"href":"https:\/\/isttit.com\/index.php?rest_route=\/wp\/v2\/users\/2"}],"replies":[{"embeddable":true,"href":"https:\/\/isttit.com\/index.php?rest_route=%2Fwp%2Fv2%2Fcomments&post=7884"}],"version-history":[{"count":1,"href":"https:\/\/isttit.com\/index.php?rest_route=\/wp\/v2\/posts\/7884\/revisions"}],"predecessor-version":[{"id":7885,"href":"https:\/\/isttit.com\/index.php?rest_route=\/wp\/v2\/posts\/7884\/revisions\/7885"}],"wp:featuredmedia":[{"embeddable":true,"href":"https:\/\/isttit.com\/index.php?rest_route=\/wp\/v2\/media\/7878"}],"wp:attachment":[{"href":"https:\/\/isttit.com\/index.php?rest_route=%2Fwp%2Fv2%2Fmedia&parent=7884"}],"wp:term":[{"taxonomy":"category","embeddable":true,"href":"https:\/\/isttit.com\/index.php?rest_route=%2Fwp%2Fv2%2Fcategories&post=7884"},{"taxonomy":"post_tag","embeddable":true,"href":"https:\/\/isttit.com\/index.php?rest_route=%2Fwp%2Fv2%2Ftags&post=7884"}],"curies":[{"name":"wp","href":"https:\/\/api.w.org\/{rel}","templated":true}]}}