{"id":7914,"date":"2023-11-01T13:50:57","date_gmt":"2023-11-01T13:50:57","guid":{"rendered":"https:\/\/isttit.com\/?p=7914"},"modified":"2023-11-01T13:50:58","modified_gmt":"2023-11-01T13:50:58","slug":"karisik-takimimizdan-bronz-madalya","status":"publish","type":"post","link":"https:\/\/isttit.com\/?p=7914","title":{"rendered":"Kar\u0131\u015f\u0131k Tak\u0131m\u0131m\u0131zdan Bronz Madalya!"},"content":{"rendered":"\n\n\n<p>Suudi Arabistan\u2019\u0131n ba\u015fkenti Riyad\u2019da d\u00fczenlenen 2023 D\u00fcnya D\u00f6v\u00fc\u015f Oyunlar\u0131\u2019nda \u00fclkemizi temsil eden Taekwondo Kar\u0131\u015f\u0131k Milli Tak\u0131m\u0131m\u0131z bronz madalyan\u0131n sahibi oldu.<\/p>\n<p>\u0130kra Kay\u0131r, H\u00fcr\u00fc G\u00f6k\u00e7e G\u00f6gebakan, I\u015f\u0131l Zafer, Yi\u011fithan K\u0131l\u0131\u00e7, \u00d6mer Furkan K\u00f6rpe ve \u0130smail Seymen Kazan\u2019dan olu\u015fan tak\u0131m\u0131m\u0131z, grup m\u00fcsabakalar\u0131nda Meksika ve Avustralya\u2019y\u0131 yenerek grup birincisi olarak yar\u0131 finale y\u00fckseldi. Gen\u00e7 isimlerden olu\u015fan milli tak\u0131m\u0131m\u0131z yar\u0131 finalde \u015fampiyonlu\u011fa ula\u015fan G\u00fcney Kore\u2019ye 1 say\u0131 farkla ma\u011flup olurken, \u00fc\u00e7\u00fcnc\u00fcl\u00fck ma\u00e7\u0131nda Meksika\u2019y\u0131 farkl\u0131 ge\u00e7erek bronz madalyan\u0131n sahibi oldu.<br \/><br \/>Grup A\u015famas\u0131<br \/>T\u00fcrkiye: 75 \u2013 Meksika: 73<br \/>T\u00fcrkiye: 147 \u2013 Avustralya: 43<\/p>\n<p>Yar\u0131 Final<br \/>T\u00fcrkiye: 59 \u2013 G\u00fcney Kore: 60<\/p>\n<p>Bronz Madalya<br \/>T\u00fcrkiye: 84 \u2013 Meksika: 40<\/p>\n<p>\u00a0<\/p>\n<figure class=\"wp-block-gallery has-nested-images columns-default is-cropped wp-block-gallery-1 is-layout-flex\">\n<figure class=\"wp-block-image size-large\"><img loading=\"lazy\" decoding=\"async\" class=\"wp-image-12126 lazyloaded\" src=\"https:\/\/turkiyetaekwondofed.gov.tr\/wp-content\/uploads\/2023\/10\/2-3-1024x905.jpg\" sizes=\"auto, (min-width: 0px) and (max-width: 480px) 480px, (min-width: 481px) and (max-width: 980px) 980px, (min-width: 981px) 1024px, 100vw\" srcset=\"https:\/\/turkiyetaekwondofed.gov.tr\/wp-content\/uploads\/2023\/10\/2-3-980x866.jpg 980w, https:\/\/turkiyetaekwondofed.gov.tr\/wp-content\/uploads\/2023\/10\/2-3-480x424.jpg 480w\" alt=\"\" width=\"1024\" height=\"905\" data-id=\"12126\" data-ll-status=\"loaded\" \/><\/figure>\n<figure class=\"wp-block-image size-large\"><img loading=\"lazy\" decoding=\"async\" class=\"wp-image-12124 lazyloaded\" src=\"https:\/\/turkiyetaekwondofed.gov.tr\/wp-content\/uploads\/2023\/10\/3-3.jpg\" sizes=\"auto, (min-width: 0px) and (max-width: 480px) 480px, (min-width: 481px) 892px, 100vw\" srcset=\"https:\/\/turkiyetaekwondofed.gov.tr\/wp-content\/uploads\/2023\/10\/3-3.jpg 892w, https:\/\/turkiyetaekwondofed.gov.tr\/wp-content\/uploads\/2023\/10\/3-3-480x434.jpg 480w\" alt=\"\" width=\"892\" height=\"807\" data-id=\"12124\" data-ll-status=\"loaded\" \/><\/figure>\n<figure class=\"wp-block-image size-large\"><img loading=\"lazy\" decoding=\"async\" class=\"wp-image-12125 lazyloaded\" src=\"https:\/\/turkiyetaekwondofed.gov.tr\/wp-content\/uploads\/2023\/10\/4-3-1024x786.jpg\" sizes=\"auto, (min-width: 0px) and (max-width: 480px) 480px, (min-width: 481px) and (max-width: 980px) 980px, (min-width: 981px) 1024px, 100vw\" srcset=\"https:\/\/turkiyetaekwondofed.gov.tr\/wp-content\/uploads\/2023\/10\/4-3-980x753.jpg 980w, https:\/\/turkiyetaekwondofed.gov.tr\/wp-content\/uploads\/2023\/10\/4-3-480x369.jpg 480w\" alt=\"\" width=\"1024\" height=\"786\" data-id=\"12125\" data-ll-status=\"loaded\" \/><\/figure>\n<\/figure>\n","protected":false},"excerpt":{"rendered":"<p>Suudi Arabistan\u2019\u0131n ba\u015fkenti Riyad\u2019da d\u00fczenlenen 2023 D\u00fcnya D\u00f6v\u00fc\u015f Oyunlar\u0131\u2019nda \u00fclkemizi temsil eden Taekwondo Kar\u0131\u015f\u0131k Milli Tak\u0131m\u0131m\u0131z bronz madalyan\u0131n sahibi oldu. \u0130kra Kay\u0131r, H\u00fcr\u00fc G\u00f6k\u00e7e G\u00f6gebakan, I\u015f\u0131l Zafer, Yi\u011fithan K\u0131l\u0131\u00e7, \u00d6mer Furkan K\u00f6rpe ve \u0130smail Seymen Kazan\u2019dan olu\u015fan tak\u0131m\u0131m\u0131z, grup m\u00fcsabakalar\u0131nda Meksika ve Avustralya\u2019y\u0131 yenerek grup birincisi olarak yar\u0131 finale y\u00fckseldi. Gen\u00e7 isimlerden olu\u015fan milli tak\u0131m\u0131m\u0131z [&hellip;]<\/p>\n","protected":false},"author":2,"featured_media":7915,"comment_status":"closed","ping_status":"closed","sticky":false,"template":"","format":"standard","meta":{"footnotes":""},"categories":[10],"tags":[],"class_list":["post-7914","post","type-post","status-publish","format-standard","has-post-thumbnail","hentry","category-ttf-haberler"],"_links":{"self":[{"href":"https:\/\/isttit.com\/index.php?rest_route=\/wp\/v2\/posts\/7914","targetHints":{"allow":["GET"]}}],"collection":[{"href":"https:\/\/isttit.com\/index.php?rest_route=\/wp\/v2\/posts"}],"about":[{"href":"https:\/\/isttit.com\/index.php?rest_route=\/wp\/v2\/types\/post"}],"author":[{"embeddable":true,"href":"https:\/\/isttit.com\/index.php?rest_route=\/wp\/v2\/users\/2"}],"replies":[{"embeddable":true,"href":"https:\/\/isttit.com\/index.php?rest_route=%2Fwp%2Fv2%2Fcomments&post=7914"}],"version-history":[{"count":1,"href":"https:\/\/isttit.com\/index.php?rest_route=\/wp\/v2\/posts\/7914\/revisions"}],"predecessor-version":[{"id":7916,"href":"https:\/\/isttit.com\/index.php?rest_route=\/wp\/v2\/posts\/7914\/revisions\/7916"}],"wp:featuredmedia":[{"embeddable":true,"href":"https:\/\/isttit.com\/index.php?rest_route=\/wp\/v2\/media\/7915"}],"wp:attachment":[{"href":"https:\/\/isttit.com\/index.php?rest_route=%2Fwp%2Fv2%2Fmedia&parent=7914"}],"wp:term":[{"taxonomy":"category","embeddable":true,"href":"https:\/\/isttit.com\/index.php?rest_route=%2Fwp%2Fv2%2Fcategories&post=7914"},{"taxonomy":"post_tag","embeddable":true,"href":"https:\/\/isttit.com\/index.php?rest_route=%2Fwp%2Fv2%2Ftags&post=7914"}],"curies":[{"name":"wp","href":"https:\/\/api.w.org\/{rel}","templated":true}]}}