{"id":8078,"date":"2024-01-03T13:41:07","date_gmt":"2024-01-03T13:41:07","guid":{"rendered":"https:\/\/isttit.com\/?p=8078"},"modified":"2024-01-03T13:41:07","modified_gmt":"2024-01-03T13:41:07","slug":"isitme-engelliler-taekwondo-milli-takim-secme-musabakalari-2","status":"publish","type":"post","link":"https:\/\/isttit.com\/?p=8078","title":{"rendered":"\u0130\u015fitme Engelliler Taekwondo Milli Tak\u0131m Se\u00e7me M\u00fcsabakalar\u0131"},"content":{"rendered":"\n<p>25-30 Mart 2024 tarihleri aras\u0131nda K\u0131rg\u0131zistan\u2019\u0131n ba\u015fkenti Bi\u015fkek\u2019te d\u00fczenlenecek olan D\u00fcnya \u0130\u015fitme Engelliler Taekwondo \u015eampiyonas\u0131 Milli Tak\u0131m Se\u00e7me M\u00fcsabakalar\u0131 Ankara\u2019da (\u0130smet Iraz Spor Salonu) yap\u0131lmak \u00fczere 12 Ocak 2024 tarihine ertelenmi\u015ftir.<\/p>\n<p><strong>Se\u00e7me Tarihi:<\/strong>\u00a012 Ocak 2024<\/p>\n<p><strong>Tart\u0131 Tarihi:<\/strong>\u00a011 Ocak 2024<\/p>\n<p><strong>Se\u00e7me ve Tart\u0131 Yeri:\u00a0<\/strong>Ankara \/ \u0130smet Iraz Spor Salonu<\/p>\n<p><strong>**A\u015fa\u011f\u0131daki kategorilerde se\u00e7me yap\u0131lacakt\u0131r.<\/strong><\/p>\n<figure class=\"wp-block-table\">\n<table>\n<tbody>\n<tr>\n<td>Kategori<\/td>\n<td>Ya\u015f<\/td>\n<td>Erkek<\/td>\n<td>Kad\u0131n<\/td>\n<td>\u00c7ift<\/td>\n<\/tr>\n<tr>\n<td>Kyorugi +87kg<\/td>\n<td>15 ve \u00fczeri<\/td>\n<td>\u2713<\/td>\n<td>\u00a0<\/td>\n<td>\u00a0<\/td>\n<\/tr>\n<tr>\n<td>Kyorugi -54kg<\/td>\n<td>15 ve \u00fczeri<\/td>\n<td>\u2713<\/td>\n<td>\u00a0<\/td>\n<td>\u00a0<\/td>\n<\/tr>\n<tr>\n<td>Kyorugi -63kg<\/td>\n<td>15 ve \u00fczeri<\/td>\n<td>\u2713<\/td>\n<td>\u00a0<\/td>\n<td>\u00a0<\/td>\n<\/tr>\n<tr>\n<td>Kyorugi -74kg<\/td>\n<td>15 ve \u00fczeri<\/td>\n<td>\u2713<\/td>\n<td>\u00a0<\/td>\n<td>\u00a0<\/td>\n<\/tr>\n<tr>\n<td>Kyorugi -87kg<\/td>\n<td>15 ve \u00fczeri<\/td>\n<td>\u2713<\/td>\n<td>\u00a0<\/td>\n<td>\u00a0<\/td>\n<\/tr>\n<tr>\n<td>Kyorugi -58kg<\/td>\n<td>15 ve \u00fczeri<\/td>\n<td>\u2713<\/td>\n<td>\u00a0<\/td>\n<td>\u00a0<\/td>\n<\/tr>\n<tr>\n<td>Kyorugi -68kg<\/td>\n<td>15 ve \u00fczeri<\/td>\n<td>\u2713<\/td>\n<td>\u00a0<\/td>\n<td>\u00a0<\/td>\n<\/tr>\n<tr>\n<td>Kyorugi -80kg<\/td>\n<td>15 ve \u00fczeri<\/td>\n<td>\u2713<\/td>\n<td>\u00a0<\/td>\n<td>\u00a0<\/td>\n<\/tr>\n<tr>\n<td>Kyorugi +73kg<\/td>\n<td>15 ve \u00fczeri<\/td>\n<td>\u00a0<\/td>\n<td>\u2713<\/td>\n<td>\u00a0<\/td>\n<\/tr>\n<tr>\n<td>Kyorugi -46kg<\/td>\n<td>15 ve \u00fczeri<\/td>\n<td>\u00a0<\/td>\n<td>\u2713<\/td>\n<td>\u00a0<\/td>\n<\/tr>\n<tr>\n<td>Kyorugi -53kg<\/td>\n<td>15 ve \u00fczeri<\/td>\n<td>\u00a0<\/td>\n<td>\u2713<\/td>\n<td>\u00a0<\/td>\n<\/tr>\n<tr>\n<td>Kyorugi -62kg<\/td>\n<td>15 ve \u00fczeri<\/td>\n<td>\u00a0<\/td>\n<td>\u2713<\/td>\n<td>\u00a0<\/td>\n<\/tr>\n<tr>\n<td>Kyorugi -73kg<\/td>\n<td>15 ve \u00fczeri<\/td>\n<td>\u00a0<\/td>\n<td>\u2713<\/td>\n<td>\u00a0<\/td>\n<\/tr>\n<tr>\n<td>Kyorugi -49kg<\/td>\n<td>15 ve \u00fczeri<\/td>\n<td>\u00a0<\/td>\n<td>\u2713<\/td>\n<td>\u00a0<\/td>\n<\/tr>\n<tr>\n<td>Kyorugi -57kg<\/td>\n<td>15 ve \u00fczeri<\/td>\n<td>\u00a0<\/td>\n<td>\u2713<\/td>\n<td>\u00a0<\/td>\n<\/tr>\n<tr>\n<td>Kyorugi -67kg<\/td>\n<td>15 ve \u00fczeri<\/td>\n<td>\u00a0<\/td>\n<td>\u2713<\/td>\n<td>\u00a0<\/td>\n<\/tr>\n<tr>\n<td>Poomsae Ferdi<\/td>\n<td>12 ve \u00fczeri<\/td>\n<td>\u2713<\/td>\n<td>\u2713<\/td>\n<td>\u00a0<\/td>\n<\/tr>\n<tr>\n<td>Poomsae Pair<\/td>\n<td>12 ve \u00fczeri<\/td>\n<td>\u00a0<\/td>\n<td>\u00a0<\/td>\n<td>\u2713<\/td>\n<\/tr>\n<tr>\n<td>Poomsae Tak\u0131m<\/td>\n<td>12 ve \u00fczeri<\/td>\n<td>\u2713<\/td>\n<td>\u2713<\/td>\n<td>\u00a0<\/td>\n<\/tr>\n<\/tbody>\n<\/table>\n<\/figure>\n<figure class=\"wp-block-table\">\n<table>\n<tbody>\n<tr>\n<td colspan=\"4\">Kategori ba\u015f\u0131na se\u00e7ilecek sporcu say\u0131s\u0131<\/td>\n<\/tr>\n<tr>\n<td>Kategori<\/td>\n<td>Erkek<\/td>\n<td>Kad\u0131n<\/td>\n<td>\u00c7ift<\/td>\n<\/tr>\n<tr>\n<td>Kyorugi +87kg<\/td>\n<td>1 sporcu<\/td>\n<td>\u00a0<\/td>\n<td>\u00a0<\/td>\n<\/tr>\n<tr>\n<td>Kyorugi -54kg<\/td>\n<td>1 sporcu<\/td>\n<td>\u00a0<\/td>\n<td>\u00a0<\/td>\n<\/tr>\n<tr>\n<td>Kyorugi -63kg<\/td>\n<td>1 sporcu<\/td>\n<td>\u00a0<\/td>\n<td>\u00a0<\/td>\n<\/tr>\n<tr>\n<td>Kyorugi -74kg<\/td>\n<td>1 sporcu<\/td>\n<td>\u00a0<\/td>\n<td>\u00a0<\/td>\n<\/tr>\n<tr>\n<td>Kyorugi -87kg<\/td>\n<td>1 sporcu<\/td>\n<td>\u00a0<\/td>\n<td>\u00a0<\/td>\n<\/tr>\n<tr>\n<td>Kyorugi -58kg<\/td>\n<td>1 sporcu<\/td>\n<td>\u00a0<\/td>\n<td>\u00a0<\/td>\n<\/tr>\n<tr>\n<td>Kyorugi -68kg<\/td>\n<td>1 sporcu<\/td>\n<td>\u00a0<\/td>\n<td>\u00a0<\/td>\n<\/tr>\n<tr>\n<td>Kyorugi -80kg<\/td>\n<td>1 sporcu<\/td>\n<td>\u00a0<\/td>\n<td>\u00a0<\/td>\n<\/tr>\n<tr>\n<td>Kyorugi +73kg<\/td>\n<td>\u00a0<\/td>\n<td>1 sporcu<\/td>\n<td>\u00a0<\/td>\n<\/tr>\n<tr>\n<td>Kyorugi -46kg<\/td>\n<td>\u00a0<\/td>\n<td>1 sporcu<\/td>\n<td>\u00a0<\/td>\n<\/tr>\n<tr>\n<td>Kyorugi -53kg<\/td>\n<td>\u00a0<\/td>\n<td>1 sporcu<\/td>\n<td>\u00a0<\/td>\n<\/tr>\n<tr>\n<td>Kyorugi -61kg<\/td>\n<td>\u00a0<\/td>\n<td>1 sporcu<\/td>\n<td>\u00a0<\/td>\n<\/tr>\n<tr>\n<td>Kyorugi -73kg<\/td>\n<td>\u00a0<\/td>\n<td>1 sporcu<\/td>\n<td>\u00a0<\/td>\n<\/tr>\n<tr>\n<td>Kyorugi -49kg<\/td>\n<td>\u00a0<\/td>\n<td>1 sporcu<\/td>\n<td>\u00a0<\/td>\n<\/tr>\n<tr>\n<td>Kyorugi -57kg<\/td>\n<td>\u00a0<\/td>\n<td>1 sporcu<\/td>\n<td>\u00a0<\/td>\n<\/tr>\n<tr>\n<td>Kyorugi -67kg<\/td>\n<td>\u00a0<\/td>\n<td>1 sporcu<\/td>\n<td>\u00a0<\/td>\n<\/tr>\n<tr>\n<td>Poomsae Ferdi<\/td>\n<td>1 sporcu<\/td>\n<td>1 sporcu<\/td>\n<td>\u00a0<\/td>\n<\/tr>\n<tr>\n<td>Poomsae Pair<\/td>\n<td>\u00a0<\/td>\n<td>\u00a0<\/td>\n<td>2 sporcu<\/td>\n<\/tr>\n<tr>\n<td>Poomsae Tak\u0131m<\/td>\n<td>3 sporcu<\/td>\n<td>3 sporcu<\/td>\n<td>\u00a0<\/td>\n<\/tr>\n<\/tbody>\n<\/table>\n<\/figure>\n<p><strong>\u2013 Poomsae Kurallar\u0131<\/strong><\/p>\n<p><strong>Tan\u0131nm\u0131\u015f Poomsae<\/strong><\/p>\n<p>Ferdi ve Pair m\u00fcsabakalar\u0131 30 ila 90 saniye aral\u0131\u011f\u0131nda olacakt\u0131r.<\/p>\n<p>\u00c7izilen ilk ve ikinci poomsae aras\u0131ndaki bekleme s\u00fcresi 30-60 saniyedir.<\/p>\n<figure class=\"wp-block-table\">\n<table>\n<tbody>\n<tr>\n<td><strong>Ferdi \u00c7izilecek Poomsaeler<\/strong><\/td>\n<td>Taegeuk 6th Jang<\/td>\n<td>Taegeuk 7th Jang<\/td>\n<td>Taegeuk 8th Jang<\/td>\n<td>Koryo<\/td>\n<td>Keumgang<\/td>\n<td>Taebak<\/td>\n<td>Pyongwon<\/td>\n<td>Shipjin<\/td>\n<\/tr>\n<tr>\n<td><strong>Pair \u00c7izilecek Poomsaeler<\/strong><\/td>\n<td>Taegeuk 6th Jang<\/td>\n<td>Taegeuk 7th Jang<\/td>\n<td>Taegeuk 8th Jang<\/td>\n<td>Koryo<\/td>\n<td>Keumgang<\/td>\n<td>Taebak<\/td>\n<td>Pyongwon<\/td>\n<td>Shipjin<\/td>\n<\/tr>\n<tr>\n<td><strong>Tak\u0131m \u00c7izilecek Poomsaeler<\/strong><\/td>\n<td>Taegeuk 6th Jang<\/td>\n<td>Taegeuk 7th Jang<\/td>\n<td>Taegeuk 8th Jang<\/td>\n<td>Koryo<\/td>\n<td>Keumgang<\/td>\n<td>Taebak<\/td>\n<td>Pyongwon<\/td>\n<td>Shipjin<\/td>\n<\/tr>\n<\/tbody>\n<\/table>\n<\/figure>\n<p>Se\u00e7me m\u00fcsabakalar\u0131 sabah saat 09.00\u2019da ba\u015flayacakt\u0131r.<br \/>\u2013 Se\u00e7meler \u201cDaedo Elektronik Sistem\u201d ile yap\u0131lacakt\u0131r.<br \/><br \/>\u2013 Se\u00e7me m\u00fcsabakalar\u0131nda D\u00fcnya Taekwondo Federasyonu\u2019nun (WT) son oyun kurallar\u0131 ge\u00e7erli olacakt\u0131r.<br \/><br \/>\u2013 Milli Tak\u0131m se\u00e7mesine kat\u0131lacak sporcu ve antren\u00f6rlerin izinleri Gen\u00e7lik ve Spor \u0130l M\u00fcd\u00fcrl\u00fckleri taraf\u0131ndan al\u0131nacak, ayr\u0131ca harc\u0131rahlar\u0131 da Gen\u00e7lik ve Spor \u0130l M\u00fcd\u00fcrl\u00fckleri veya Kul\u00fcpleri taraf\u0131ndan kar\u015f\u0131lanabilecek olup, Federasyonumuz taraf\u0131ndan se\u00e7melerde harc\u0131rah \u00f6denmeyecektir.<\/p>\n<p>-M\u00fcsabaka tart\u0131s\u0131 s\u0131ras\u0131nda t\u00fcm sporcular 2024 y\u0131l\u0131 vizeli Taekwondo bran\u015f\u0131nda i\u015fitme engelli spor lisanslar\u0131 ile birlikte resimli n\u00fcfus c\u00fczdan\u0131 g\u00f6stermek zorundad\u0131r.<\/p>\n<p>-Federasyonumuzca sahtecilik yapt\u0131\u011f\u0131 y\u00f6n\u00fcnde kanaat olu\u015fan sporcu, antren\u00f6r, kul\u00fcp ve y\u00f6neticiler ile ilgili gerekli ara\u015ft\u0131rmalar yap\u0131lacak ve sahtecilik tespit edildi\u011fi takdirde ilgili ki\u015filer m\u00fcsabakalara al\u0131nmayacak, ayr\u0131ca Disiplin\u00a0 Kuruluna sevk edilecektir.<\/p>\n<p>-M\u00fcsabakalara sadece T\u00fcrkiye Cumhuriyeti vatanda\u015f\u0131 olanlar kat\u0131labilecektir.<\/p>\n<p>-Sporcular ki\u015fisel kullan\u0131mlar\u0131 i\u00e7in\u00a0 t\u00fcm koruyucular\u0131n\u0131 kendileri getirecektir.<\/p>\n<p>-M\u00fcsabakaya kat\u0131l\u0131mda ,sporculara say\u0131 s\u0131n\u0131rlamas\u0131 yoktur.<\/p>\n<p>-Sporcular\u0131n m\u00fcsabaka esnas\u0131nda i\u015fitme cihaz\u0131 kullanmas\u0131 kesinlikle ya\u015fat\u0131r. Kullan\u0131ld\u0131\u011f\u0131 tespit edilen sporcu Federasyonumuz taraf\u0131ndan \u015fampiyonadan men edilir ve disiplin kuruluna sevk edilir.<\/p>\n<p class=\"has-vivid-red-color has-text-color\"><strong>(A\u015fa\u011f\u0131da istenilen raporlar\u0131n as\u0131llar\u0131 m\u00fcsabaka tart\u0131s\u0131 \u00f6ncesi teslim al\u0131narak daha sonra iade edilecektir. Raporlar\u0131n asl\u0131 olmayan sporcular m\u00fcsabakaya al\u0131nmayacakt\u0131r.)<\/strong><\/p>\n<p><strong>\u0130\u015fitme Engelli Taekwondo sporcular\u0131m\u0131z\u0131n Federasyonumuzun 29.06.2015 tarih ve 34 nolu Y\u00f6netim Kurulu Karar\u0131 gere\u011fi 1.G\u0131p (K\u0131rm\u0131z\u0131 Siyah) Renkli Ku\u015fak Denklikleri yap\u0131lacakt\u0131r.<\/strong><\/p>\n<p><strong>Federasyonumuz sicil sisteminde 1. G\u0131p olmayan sporcular se\u00e7me m\u00fcsabakalar\u0131na al\u0131nmayacakt\u0131r.<\/strong><\/p>\n<p><strong>KU\u015eAK DENKL\u0130K \u0130\u00c7\u0130N \u0130STENEN EVRAKLAR;<\/strong><\/p>\n<p><strong>D\u00dcNYA \u0130\u015e\u0130TME ENGELL\u0130LER SPOR KOM\u0130TES\u0130N\u0130N\u00a0 (\u0130CSD) \u00d6L\u00c7\u00dcMLER DO\u011eRULTUSUNDA;<\/strong><\/p>\n<p><strong>DEVLET HASTANES\u0130 VE \u00dcN\u0130VERS\u0130TE HASTANELER\u0130NDEN ALINMASI \u015eARTI \u0130LE;<\/strong><\/p>\n<p><strong>-ODYOMETR\u0130 Raporu (Son 1 y\u0131l tarihli olacak)<\/strong><\/p>\n<p><strong>-Heyet Raporu<\/strong><\/p>\n<p><strong>-Sa\u011f Kulak 55 DB<\/strong><\/p>\n<p><strong>-Sol Kulak \u00a055 DB<\/strong><\/p>\n<p><strong>-N\u00fcfus C\u00fczdan\u0131 Fotokopisi(\u00d6n-Arka)<\/strong><\/p>\n<p><strong>-Var ise \u0130\u015fitme Engeliler Taekwondo bran\u015f\u0131na ait sporcu lisans\u0131<\/strong><\/p>\n<p><strong>-Ekte bulunan Sporcu Bilgi Formu doldurularak g\u00f6nderilecektir.<\/strong><\/p>\n<p><strong>-\u00d6nceki D\u00fcnya ve Olimpiyat \u015eampiyonalar\u0131na kat\u0131lan sporcular\u0131n var ise<u>\u00a0V i\u015fitme \u00d6l\u00e7\u00fcm Raporu<\/u>\u00a0(Uluslararas\u0131 m\u00fcsabakalarda verilen ODYOMETR\u0130 raporu) raporlar\u0131n\u0131 beyan etmeleri gerekmektedir<\/strong><\/p>\n<p><strong>Federasyonumuzdan mail adreslerine g\u00f6nderilecek onay sonucunda Gen\u00e7lik Spor \u0130l M\u00fcd\u00fcrl\u00fcklerinden\u00a02024 y\u0131l\u0131 vizeli\u00a0\u0130\u015fitme Engelli Taekwondo Sporcu Lisans\u0131 \u00e7\u0131kar\u0131lacakt\u0131r.<\/strong><\/p>\n<p><a href=\"https:\/\/turkiyetaekwondofed.gov.tr\/wp-content\/uploads\/2023\/11\/SPORCU-BELGESI.docx\"><strong>Sporcu Bilgi formu i\u00e7in t\u0131klay\u0131n\u0131z<\/strong><\/a><\/p>\n\n\n","protected":false},"excerpt":{"rendered":"<p>25-30 Mart 2024 tarihleri aras\u0131nda K\u0131rg\u0131zistan\u2019\u0131n ba\u015fkenti Bi\u015fkek\u2019te d\u00fczenlenecek olan D\u00fcnya \u0130\u015fitme Engelliler Taekwondo \u015eampiyonas\u0131 Milli Tak\u0131m Se\u00e7me M\u00fcsabakalar\u0131 Ankara\u2019da (\u0130smet Iraz Spor Salonu) yap\u0131lmak \u00fczere 12 Ocak 2024 tarihine ertelenmi\u015ftir. Se\u00e7me Tarihi:\u00a012 Ocak 2024 Tart\u0131 Tarihi:\u00a011 Ocak 2024 Se\u00e7me ve Tart\u0131 Yeri:\u00a0Ankara \/ \u0130smet Iraz Spor Salonu **A\u015fa\u011f\u0131daki kategorilerde se\u00e7me yap\u0131lacakt\u0131r. Kategori Ya\u015f Erkek [&hellip;]<\/p>\n","protected":false},"author":2,"featured_media":8079,"comment_status":"closed","ping_status":"closed","sticky":false,"template":"","format":"standard","meta":{"footnotes":""},"categories":[10],"tags":[],"class_list":["post-8078","post","type-post","status-publish","format-standard","has-post-thumbnail","hentry","category-ttf-haberler"],"_links":{"self":[{"href":"https:\/\/isttit.com\/index.php?rest_route=\/wp\/v2\/posts\/8078","targetHints":{"allow":["GET"]}}],"collection":[{"href":"https:\/\/isttit.com\/index.php?rest_route=\/wp\/v2\/posts"}],"about":[{"href":"https:\/\/isttit.com\/index.php?rest_route=\/wp\/v2\/types\/post"}],"author":[{"embeddable":true,"href":"https:\/\/isttit.com\/index.php?rest_route=\/wp\/v2\/users\/2"}],"replies":[{"embeddable":true,"href":"https:\/\/isttit.com\/index.php?rest_route=%2Fwp%2Fv2%2Fcomments&post=8078"}],"version-history":[{"count":1,"href":"https:\/\/isttit.com\/index.php?rest_route=\/wp\/v2\/posts\/8078\/revisions"}],"predecessor-version":[{"id":8080,"href":"https:\/\/isttit.com\/index.php?rest_route=\/wp\/v2\/posts\/8078\/revisions\/8080"}],"wp:featuredmedia":[{"embeddable":true,"href":"https:\/\/isttit.com\/index.php?rest_route=\/wp\/v2\/media\/8079"}],"wp:attachment":[{"href":"https:\/\/isttit.com\/index.php?rest_route=%2Fwp%2Fv2%2Fmedia&parent=8078"}],"wp:term":[{"taxonomy":"category","embeddable":true,"href":"https:\/\/isttit.com\/index.php?rest_route=%2Fwp%2Fv2%2Fcategories&post=8078"},{"taxonomy":"post_tag","embeddable":true,"href":"https:\/\/isttit.com\/index.php?rest_route=%2Fwp%2Fv2%2Ftags&post=8078"}],"curies":[{"name":"wp","href":"https:\/\/api.w.org\/{rel}","templated":true}]}}