{"id":8111,"date":"2024-02-02T21:16:31","date_gmt":"2024-02-02T21:16:31","guid":{"rendered":"https:\/\/isttit.com\/?p=8111"},"modified":"2024-02-13T21:21:35","modified_gmt":"2024-02-13T21:21:35","slug":"2023-2024-yili-istanbul-ili-taekwondo-kyorugi-yildizlar-mahalli-musabakalari","status":"publish","type":"post","link":"https:\/\/isttit.com\/?p=8111","title":{"rendered":"2023-2024 YILI \u0130STANBUL \u0130L\u0130 TAEKWONDO KYORUGI YILDIZLAR MAHALLI M\u00dcSABAKALARI"},"content":{"rendered":"\n<p><strong>2023-2024 E\u011e\u0130T\u0130M \u00d6\u011eRET\u0130M YILI\u00a0OKUL SPOR FAAL\u0130YETLER\u0130 TAEKWONDO \u0130L M\u00dcSABAKALARI<\/strong><\/p>\n<p><strong>M\u00fcsabakan\u0131n Ad\u0131:\u00a0<\/strong>2023-2024 YILI \u0130STANBUL \u0130L\u0130 TAEKWONDO KYORUGI YILDIZLAR MAHALLI M\u00dcSABAKALARI<\/p>\n<p><strong>M\u00fcsabaka Tarihi:\u00a0\u00a0<\/strong>15-25 \u015eubat 2024<br \/><strong>M\u00fcsabakan\u0131n Yeri: Ba\u011fc\u0131lar \u00e7ok ama\u00e7l\u0131 spor salonu<br \/>Hakem Toplant\u0131s\u0131:<\/strong>\u00a008:00<br \/><strong>M\u00fcsabaka\u00a0\u00a0 Antren\u00f6r Toplant\u0131s\u0131:\u00a0<\/strong>08:30<br \/><strong>M\u00fcsabakan\u0131n Ba\u015flama Saati:\u00a0<\/strong>09:00<br \/><strong>M\u00dcSABAKA TARTISI TAR\u0130H VE YER\u0130\u00a0<\/strong>:15 \u015eubat 2024 10:00 -16:00 Ba\u011fc\u0131lar \u00e7ok ama\u00e7l\u0131 spor salonu da yap\u0131lacakt\u0131r.<strong>\u00a0<br \/>M\u00dcSABAKA PROGRAMI:<\/strong>\u00a0S\u0130KLETLER\u0130N G\u00dcNLER\u0130 TARTILAR YAPILDIKTAN SONRA A\u00c7IKLANACAKTIR.<\/p>\n<p><strong>16 \u015eUBAT 2024 \u0130T\u0130BAR\u0130 \u0130LE TARTI YI GE\u00c7EN SPORCULARIN \u0130S\u0130MLER\u0130 ANTREN\u00d6R GURUBUNDAN VE isttit.com DAN YAYINLANACAK\u00a0 OLUP TARTI L\u0130STES\u0130N\u0130 \u00d6NEMLE TAK\u0130P ED\u0130N\u0130Z. SPORCUNUN ADI, SOYAD, \u00a0BOY VE K\u0130LOSUNU KONTROL ED\u0130N\u0130Z AKS\u0130 TAKD\u0130RDE YA\u015eANAN OLUMSUZLUKLARDAN DOLAYI SORUMLULUK \u00a0KABU ED\u0130LMEYECEKT\u0130R.<\/strong><\/p>\n<p>M\u00fcsabaka Listelerinin Sunumu Online kay\u0131t i\u015flemi\u00a0<a href=\"https:\/\/docs.google.com\/forms\/d\/e\/1FAIpQLSeff7p0NEREEuSyLNpclHGoP5TiuD2og-R1qbAus2lD7VmJkQ\/viewform\" target=\"_blank\" rel=\"noopener\">isttit.com\/online\/<\/a>\u00a0Sayfas\u0131nda, 13 \u015eubat 2024 saat 18:00 a kadar\u00a0 yap\u0131lacakt\u0131r.<\/p>\n<p><strong>NOT<\/strong>\u00a0\u00a0<strong>: Esame listeleri ve Okul Sporcu Lisanslar\u0131\u00a0<\/strong>RESM\u0130 ANTREN\u00d6R veya OKUL\u00a0 BEDEN\u00a0 E\u011e\u0130T\u0130M\u0130\u00a0 VE SPOR \u00d6\u011eRETMEN\u0130 taraf\u0131ndan, tart\u0131 g\u00fcn\u00fc g\u00f6revli hakemlere teslim edilecektir.<\/p>\n<p><strong>Esame Listeleri\u00a0\u00a0\u00a0\u00a0<\/strong>: Okul m\u00fcd\u00fcrleri taraf\u0131ndan onaylanm\u0131\u015f ESAME listeleri\u00a0tart\u0131 hakemlerine teslim edilecektir.<\/p>\n<p><strong>OKUL SPORLARI S\u0130STEM\u0130NDEN \u00c7IKARTILMAMI\u015e\u00a0 VE OKUL M\u00dcD\u00dcRLER\u0130 TARAFINDAN ONAYLANMAYAN ESAME L\u0130STELER\u0130 kabul edilmeyecektir.<\/strong><\/p>\n<p>S\u0130KLETLER Y\u0131ld\u0131zlar\u00a0Kategorisi<br \/>Y\u0131ld\u0131zlar kategorisinde a\u015fa\u011f\u0131daki tabloda yer alan boy kriterleri metodu uygulanacakt\u0131r.<\/p>\n<p>\u00a0<\/p>\n<table width=\"880\">\n<tbody>\n<tr>\n<td width=\"99\">\n<p>\u00a0<\/p>\n<\/td>\n<td width=\"383\">\n<p>ERKEKLER<\/p>\n<\/td>\n<td width=\"399\">\n<p>Kilo Aral\u0131\u011f\u0131<\/p>\n<\/td>\n<\/tr>\n<tr>\n<td width=\"99\">\n<p>148 cm<\/p>\n<\/td>\n<td width=\"383\">\n<p>148 cm ve alt\u0131<\/p>\n<\/td>\n<td width=\"399\">\n<p>33 kg ile 45 kg aras\u0131<\/p>\n<\/td>\n<\/tr>\n<tr>\n<td width=\"99\">\n<p>152 cm<\/p>\n<\/td>\n<td width=\"383\">\n<p>148 cm \u00fcst\u00fc &amp; 152 cm&#8217;yi a\u015famaz<\/p>\n<\/td>\n<td width=\"399\">\n<p>35 kg ile 48 kg aras\u0131<\/p>\n<\/td>\n<\/tr>\n<tr>\n<td width=\"99\">\n<p>156 cm<\/p>\n<\/td>\n<td width=\"383\">\n<p>152 cm \u00fcst\u00fc &amp; 156 cm&#8217;yi a\u015famaz<\/p>\n<\/td>\n<td width=\"399\">\n<p>37 kg ile 51 kg aras\u0131<\/p>\n<\/td>\n<\/tr>\n<tr>\n<td width=\"99\">\n<p>160 cm<\/p>\n<\/td>\n<td width=\"383\">\n<p>156 cm \u00fcst\u00fc &amp; 160 cm&#8217;yi a\u015famaz<\/p>\n<\/td>\n<td width=\"399\">\n<p>39 kg ile 53 kg aras\u0131<\/p>\n<\/td>\n<\/tr>\n<tr>\n<td width=\"99\">\n<p>164 cm<\/p>\n<\/td>\n<td width=\"383\">\n<p>160 cm \u00fcst\u00fc &amp; 164 cm&#8217;yi a\u015famaz<\/p>\n<\/td>\n<td width=\"399\">\n<p>41 kg ile 56 kg aras\u0131<\/p>\n<\/td>\n<\/tr>\n<tr>\n<td width=\"99\">\n<p>168 cm<\/p>\n<\/td>\n<td width=\"383\">\n<p>164 cm \u00fcst\u00fc &amp; 168 cm&#8217;yi a\u015famaz<\/p>\n<\/td>\n<td width=\"399\">\n<p>43 kg ile 59 kg aras\u0131<\/p>\n<\/td>\n<\/tr>\n<tr>\n<td width=\"99\">\n<p>172 cm<\/p>\n<\/td>\n<td width=\"383\">\n<p>168 cm \u00fcst\u00fc &amp; 172 cm&#8217;yi a\u015famaz<\/p>\n<\/td>\n<td width=\"399\">\n<p>45 kg ile 61 kg aras\u0131<\/p>\n<\/td>\n<\/tr>\n<tr>\n<td width=\"99\">\n<p>176 cm<\/p>\n<\/td>\n<td width=\"383\">\n<p>172 cm \u00fcst\u00fc &amp; 176 cm&#8217;yi a\u015famaz<\/p>\n<\/td>\n<td width=\"399\">\n<p>47 kg ile 64 kg aras\u0131<\/p>\n<\/td>\n<\/tr>\n<tr>\n<td width=\"99\">\n<p>180 cm<\/p>\n<\/td>\n<td width=\"383\">\n<p>176 cm \u00fcst\u00fc &amp; 180 cm&#8217;yi a\u015famaz<\/p>\n<\/td>\n<td width=\"399\">\n<p>49 kg ile 67 kg aras\u0131<\/p>\n<\/td>\n<\/tr>\n<tr>\n<td width=\"99\">\n<p>185 cm<\/p>\n<\/td>\n<td width=\"383\">\n<p>180 cm ve \u00fcst\u00fc<\/p>\n<\/td>\n<td width=\"399\">\n<p>52 kg ile 80 kg aras\u0131<\/p>\n<\/td>\n<\/tr>\n<tr>\n<td width=\"99\">\n<p>\u00a0<\/p>\n<\/td>\n<td width=\"383\">\n<p>BAYANLAR<\/p>\n<\/td>\n<td width=\"399\">\n<p>Kilo Aral\u0131\u011f\u0131<\/p>\n<\/td>\n<\/tr>\n<tr>\n<td width=\"99\">\n<p>144 cm<\/p>\n<\/td>\n<td width=\"383\">\n<p>144 cm ve alt\u0131<\/p>\n<\/td>\n<td width=\"399\">\n<p>32 kg ile 43 kg aras\u0131<\/p>\n<\/td>\n<\/tr>\n<tr>\n<td width=\"99\">\n<p>148 cm<\/p>\n<\/td>\n<td width=\"383\">\n<p>144 cm \u00fcst\u00fc &amp; 148 cm&#8217;yi a\u015famaz<\/p>\n<\/td>\n<td width=\"399\">\n<p>33 kg ile 45 kg aras\u0131<\/p>\n<\/td>\n<\/tr>\n<tr>\n<td width=\"99\">\n<p>152 cm<\/p>\n<\/td>\n<td width=\"383\">\n<p>148 cm \u00fcst\u00fc &amp; 152 cm&#8217;yi a\u015famaz<\/p>\n<\/td>\n<td width=\"399\">\n<p>35 kg ile 48 kg aras\u0131<\/p>\n<\/td>\n<\/tr>\n<tr>\n<td width=\"99\">\n<p>156 cm<\/p>\n<\/td>\n<td width=\"383\">\n<p>152 cm \u00fcst\u00fc &amp; 156 cm&#8217;yi a\u015famaz<\/p>\n<\/td>\n<td width=\"399\">\n<p>37 kg ile 51 kg aras\u0131<\/p>\n<\/td>\n<\/tr>\n<tr>\n<td width=\"99\">\n<p>160 cm<\/p>\n<\/td>\n<td width=\"383\">\n<p>156 cm \u00fcst\u00fc &amp; 160 cm&#8217;yi a\u015famaz<\/p>\n<\/td>\n<td width=\"399\">\n<p>39 kg ile 53 kg aras\u0131<\/p>\n<\/td>\n<\/tr>\n<tr>\n<td width=\"99\">\n<p>164 cm<\/p>\n<\/td>\n<td width=\"383\">\n<p>160 cm \u00fcst\u00fc &amp; 164 cm&#8217;yi a\u015famaz<\/p>\n<\/td>\n<td width=\"399\">\n<p>41 kg ile 56 kg aras\u0131<\/p>\n<\/td>\n<\/tr>\n<tr>\n<td width=\"99\">\n<p>168 cm<\/p>\n<\/td>\n<td width=\"383\">\n<p>164 cm \u00fcst\u00fc &amp; 168 cm&#8217;yi a\u015famaz<\/p>\n<\/td>\n<td width=\"399\">\n<p>43 kg ile 59 kg aras\u0131<\/p>\n<\/td>\n<\/tr>\n<tr>\n<td width=\"99\">\n<p>172 cm<\/p>\n<\/td>\n<td width=\"383\">\n<p>168 cm \u00fcst\u00fc &amp; 172 cm&#8217;yi a\u015famaz<\/p>\n<\/td>\n<td width=\"399\">\n<p>45 kg ile 61 kg aras\u0131<\/p>\n<\/td>\n<\/tr>\n<tr>\n<td width=\"99\">\n<p>176 cm<\/p>\n<\/td>\n<td width=\"383\">\n<p>172 cm \u00fcst\u00fc &amp; 176 cm&#8217;yi a\u015famaz<\/p>\n<\/td>\n<td width=\"399\">\n<p>47 kg ile 64 kg aras\u0131<\/p>\n<\/td>\n<\/tr>\n<tr>\n<td width=\"99\">\n<p>180 cm<\/p>\n<\/td>\n<td width=\"383\">\n<p>176 cm ve \u00fcst\u00fc<\/p>\n<\/td>\n<td width=\"399\">\n<p>50 kg ile 75 kg aras\u0131<\/p>\n<\/td>\n<\/tr>\n<\/tbody>\n<\/table>\n<p><br \/>Okullar, her s\u0131klette diledi\u011fi kadar sporcu ile yar\u0131\u015fmalara kat\u0131labilecektir.\u00a0<\/p>\n<p><strong>TEKN\u0130K TAL\u0130MAT:<\/strong><\/p>\n<p>1\u00a0<strong>\u2013 YILDIZLAR K\u0131z ve Erkek 2010-2011 do\u011fumlu sporcular m\u00fcsabakaya girebileceklerdir.\u00a0<br \/><\/strong>Okul\u00a0\u00a0 Spor\u00a0\u00a0 Faaliyetleri\u00a0\u00a0 Y\u00f6netmeli\u011finin Terfiler ba\u015fl\u0131kl\u0131\u00a0\u00a0 15.\u00a0\u00a0 maddesindeki h\u00fck\u00fcm gere\u011fince, \u00f6\u011frencinin velisinin izni ile; K\u00fc\u00e7\u00fckler kategorisinde yer alan 2012 do\u011fumlu \u00f6\u011frenciler, y\u0131ld\u0131zlar kategorisine, girebilirler<\/p>\n<p>2 \u2013 Y\u0131ld\u0131zlar Kategorisinde (k\u0131z-erkek) 3. G\u0131p ve \u00fcst\u00fc (Mavi k\u0131rm\u0131z\u0131) ku\u015fak derecesine sahip olan sporcu \u00f6\u011frenciler kat\u0131lacaklard\u0131r. T\u00fcrkiye Taekwondo Federasyonundan onayl\u0131 ku\u015fak durumunu g\u00f6steren resimli \u0130nteraktif \u00e7\u0131kt\u0131 ile 2023-2024 y\u0131l\u0131 okul sporlar\u0131 lisans\u0131n\u0131 birlikte getireceklerdir.<\/p>\n<p>3 \u2013 Kilolarda ve boylarda tolerans yoktur. Sporcu \u00f6\u011frenciler; mahalli yar\u0131\u015fmalarda hangi kilo\u00a0 ve boyda yar\u0131\u015fmaya kat\u0131ld\u0131ysa grup ve\/veya T\u00fcrkiye birincili\u011fi yar\u0131\u015fmalar\u0131nda da ayn\u0131 kilo ve boy da yar\u0131\u015fmalara kat\u0131lacaklard\u0131r. S\u0131klet de\u011fi\u015ftirilemeyecektir. Aksi takdirde yar\u0131\u015fmalara al\u0131nmayacaklard\u0131r. Kilo fazlas\u0131 olan bir sporcu ikinci tart\u0131 hakk\u0131n\u0131 kullanabilir.<\/p>\n<p>4.Sporcular tart\u0131ya \u00e7\u0131karken t\u015f\u00f6rt ve \u015fortla \u00e7\u0131kabilir.<\/p>\n<p>5\u00a0 \u2013 Sporcular M\u00fcsabakaya; Okul spor faaliyetlerinde; Mahalli yar\u0131\u015fmalarda sporcular\u0131n yanlar\u0131nda bulundurulmas\u0131 zorunlu evraklar a\u015fa\u011f\u0131dad\u0131r. Zorunlu evraklar\u0131 eksik olan sporcular yar\u0131\u015fmalara al\u0131nmayacakt\u0131r.<\/p>\n<ul>\n<li>N\u00fcfus C\u00fczdan\u0131<\/li>\n<li>Sporcu \u00d6\u011frenci Lisans\u0131 (Bran\u015fa ait)<\/li>\n<li>Esame Listesi<\/li>\n<li>Sporcunun ku\u015fak durumunu g\u00f6sterir belge (interaktif veya k\u0131rm\u0131z\u0131 kimlik)<\/li>\n<li>Okul tak\u0131m\u0131 \u00e7al\u0131\u015ft\u0131r\u0131c\u0131s\u0131n\u0131n, Beden e\u011fitimi \u00f6\u011fretmeni olmas\u0131 veya Taekwondo antren\u00f6rl\u00fc\u011f\u00fc belgesine sahip olmas\u0131,<\/li>\n<\/ul>\n<p>\u00a0\u00a0\u00a0\u00a0 2023-2024 y\u0131l\u0131 Okul Sporlar\u0131 lisans\u0131, Ku\u015fa\u011f\u0131n\u0131 belirten T\u00fcrkiye Federasyon sitesinden al\u0131nan interaktif \u00e7\u0131kt\u0131s\u0131 ile tart\u0131ya girilecektir.<\/p>\n<p>6 \u2013 M\u00fcsabakalar elektronik sistem yap\u0131lacakt\u0131r. Di\u015flik Zorunludur, Sporcular Safeguard ve kask hari\u00e7 Elektronik \u00e7orap ve malzemelerini kendileri getireceklerdir.<\/p>\n<p>7-\u00a0 M\u00fcsabakalarda ancak \u00c7al\u0131\u015ft\u0131r\u0131c\u0131 ve antren\u00f6rlerin; Mahalli, grup ve T\u00fcrkiye birincili\u011fi\u00a0 yar\u0131\u015fmalar\u0131na \u201cOkul Sporlar\u0131 Bilgi Y\u00f6netim Sistemi\u201d \u00fczerinden \u00e7\u0131kar\u0131lm\u0131\u015f \u201cE\u011fitici Kart\u0131\u201d ile kat\u0131lmalar\u0131 zorunludur. 2024 y\u0131l\u0131 vizesi olmayan antren\u00f6rler sporcular\u0131n arkas\u0131na \u00e7\u0131kamazlar.<\/p>\n<p>8- Yap\u0131lacak m\u00fcsabakalar; 2023-2024 E\u011fitim \u00f6\u011fretim y\u0131l\u0131 okul spor faaliyetleri Taekwondo bran\u015f talimatlar\u0131na g\u00f6re yap\u0131lacakt\u0131r.<\/p>\n<p>9- Hakemler lacivert ceket, lacivert kravat, gri pantolon, beyaz g\u00f6mlek, beyaz spor ayakkab\u0131s\u0131 giyerek g\u00f6rev yerlerinde olacaklard\u0131r. K\u0131yafet \u015fekil \u015fart\u0131 zorunludur.<\/p>\n<p><strong>\u00d6D\u00dcL:<\/strong>1.,2.,3.,3. dereceye giren sporculara madalya verilecektir.<\/p>\n<p><strong>NOT:<\/strong>\u00a0Talimatta yer almayan konularda Okul sporlar\u0131 komitesi, \u0130stanbul \u0130l Temsilcili\u011fi, \u0130l hakem kurulu ve \u0130l Tertip kurulu yetkilidir.<\/p>\n","protected":false},"excerpt":{"rendered":"<p>2023-2024 E\u011e\u0130T\u0130M \u00d6\u011eRET\u0130M YILI\u00a0OKUL SPOR FAAL\u0130YETLER\u0130 TAEKWONDO \u0130L M\u00dcSABAKALARI M\u00fcsabakan\u0131n Ad\u0131:\u00a02023-2024 YILI \u0130STANBUL \u0130L\u0130 TAEKWONDO KYORUGI YILDIZLAR MAHALLI M\u00dcSABAKALARI M\u00fcsabaka Tarihi:\u00a0\u00a015-25 \u015eubat 2024M\u00fcsabakan\u0131n Yeri: Ba\u011fc\u0131lar \u00e7ok ama\u00e7l\u0131 spor salonuHakem Toplant\u0131s\u0131:\u00a008:00M\u00fcsabaka\u00a0\u00a0 Antren\u00f6r Toplant\u0131s\u0131:\u00a008:30M\u00fcsabakan\u0131n Ba\u015flama Saati:\u00a009:00M\u00dcSABAKA TARTISI TAR\u0130H VE YER\u0130\u00a0:15 \u015eubat 2024 10:00 -16:00 Ba\u011fc\u0131lar \u00e7ok ama\u00e7l\u0131 spor salonu da yap\u0131lacakt\u0131r.\u00a0M\u00dcSABAKA PROGRAMI:\u00a0S\u0130KLETLER\u0130N G\u00dcNLER\u0130 TARTILAR YAPILDIKTAN SONRA A\u00c7IKLANACAKTIR. [&hellip;]<\/p>\n","protected":false},"author":2,"featured_media":7903,"comment_status":"closed","ping_status":"closed","sticky":false,"template":"","format":"standard","meta":{"footnotes":""},"categories":[95,96,7,10],"tags":[],"class_list":["post-8111","post","type-post","status-publish","format-standard","has-post-thumbnail","hentry","category-haberler","category-isttit-haberler","category-taekwondo","category-ttf-haberler"],"_links":{"self":[{"href":"https:\/\/isttit.com\/index.php?rest_route=\/wp\/v2\/posts\/8111","targetHints":{"allow":["GET"]}}],"collection":[{"href":"https:\/\/isttit.com\/index.php?rest_route=\/wp\/v2\/posts"}],"about":[{"href":"https:\/\/isttit.com\/index.php?rest_route=\/wp\/v2\/types\/post"}],"author":[{"embeddable":true,"href":"https:\/\/isttit.com\/index.php?rest_route=\/wp\/v2\/users\/2"}],"replies":[{"embeddable":true,"href":"https:\/\/isttit.com\/index.php?rest_route=%2Fwp%2Fv2%2Fcomments&post=8111"}],"version-history":[{"count":2,"href":"https:\/\/isttit.com\/index.php?rest_route=\/wp\/v2\/posts\/8111\/revisions"}],"predecessor-version":[{"id":8113,"href":"https:\/\/isttit.com\/index.php?rest_route=\/wp\/v2\/posts\/8111\/revisions\/8113"}],"wp:featuredmedia":[{"embeddable":true,"href":"https:\/\/isttit.com\/index.php?rest_route=\/wp\/v2\/media\/7903"}],"wp:attachment":[{"href":"https:\/\/isttit.com\/index.php?rest_route=%2Fwp%2Fv2%2Fmedia&parent=8111"}],"wp:term":[{"taxonomy":"category","embeddable":true,"href":"https:\/\/isttit.com\/index.php?rest_route=%2Fwp%2Fv2%2Fcategories&post=8111"},{"taxonomy":"post_tag","embeddable":true,"href":"https:\/\/isttit.com\/index.php?rest_route=%2Fwp%2Fv2%2Ftags&post=8111"}],"curies":[{"name":"wp","href":"https:\/\/api.w.org\/{rel}","templated":true}]}}