{"id":8266,"date":"2024-08-23T12:45:41","date_gmt":"2024-08-23T12:45:41","guid":{"rendered":"https:\/\/isttit.com\/?p=8266"},"modified":"2024-08-23T12:45:41","modified_gmt":"2024-08-23T12:45:41","slug":"2024-dunya-gencler-taekwondo-sampiyonasi-milli-takim-secmesi","status":"publish","type":"post","link":"https:\/\/isttit.com\/?p=8266","title":{"rendered":"2024 D\u00fcnya Gen\u00e7ler Taekwondo \u015eampiyonas\u0131 Milli Tak\u0131m Se\u00e7mesi"},"content":{"rendered":"\n<p><strong>T\u00fcrkiye Taekwondo Federasyonu, 01-06 Ekim 2024 tarihleri aras\u0131nda G\u00fcney Kore\u2019nin Chuncheon d\u00fczenlenecek D\u00fcnya Gen\u00e7ler Taekwondo \u015eampiyonas\u0131 i\u00e7in milli tak\u0131m se\u00e7me listesi yay\u0131nlad\u0131.<\/strong><\/p>\n<p><strong>Se\u00e7me Tarihi :<\/strong>\u00a031 A\u011fustos Cumartesi (Saati daha sonra duyurulacakt\u0131r)<br \/><strong>Tart\u0131 Tarihi ve Saati :<\/strong>\u00a030 A\u011fustos 2024, Cuma (Saati daha sonra duyurulacakt\u0131r)<br \/><strong>Se\u00e7me ve Tart\u0131 Yeri :<\/strong>\u00a0Konya (Salon ad\u0131 daha sonra duyurulacakt\u0131r)<\/p>\n<p>\u00a0<\/p>\n<p><strong><mark class=\"has-inline-color has-vivid-red-color\">!! \u00d6NEML\u0130 !!Teknik Kurul gerekli g\u00f6rd\u00fc\u011f\u00fc hallerde se\u00e7me listelerinde, direkt gidecek sporcu isimlerinde ve se\u00e7me m\u00fcsabakalar\u0131n\u0131n kurallar\u0131nda de\u011fi\u015fiklikler yapabilir.Teknik Kurul se\u00e7me m\u00fcsabakalar\u0131n\u0131 kazanan sporcular\u0131n kamp \u00e7al\u0131\u015fmalar\u0131ndaki performans durumuna g\u00f6re tekrar se\u00e7me m\u00fcsabakas\u0131 yapabilir veya milli tak\u0131m listesinde de\u011fi\u015fikli\u011fe gidebilir.<\/mark><br \/><\/strong><br \/>\u2013 Se\u00e7meler \u201cDaedo Elektronik Sistem\u201d ile yap\u0131lacakt\u0131r.<br \/>\u2013 Tart\u0131da kilo tolerans\u0131 olmayacakt\u0131r.<br \/>\u2013 Se\u00e7me m\u00fcsabakalar\u0131nda D\u00fcnya Taekwondo Federasyonu\u2019nun (WT) son oyun kurallar\u0131 ge\u00e7erli olacakt\u0131r.<br \/>\u2013 Milli Tak\u0131m se\u00e7mesine kat\u0131lacak sporcu ve antren\u00f6rlerin izinleri Gen\u00e7lik ve Spor \u0130l M\u00fcd\u00fcrl\u00fckleri taraf\u0131ndan al\u0131nacak, ayr\u0131ca harc\u0131rahlar\u0131 da Gen\u00e7lik ve Spor \u0130l M\u00fcd\u00fcrl\u00fckleri veya Kul\u00fcpleri taraf\u0131ndan kar\u015f\u0131lanacak olup, Federasyonumuz taraf\u0131ndan se\u00e7melerde harc\u0131rah \u00f6denmeyecektir.<\/p>\n<p>Taekwondo camias\u0131na \u00f6nemle duyurulur.<\/p>\n<figure class=\"wp-block-table\">\n<table>\n<tbody>\n<tr>\n<td><strong>ERKEKLER<\/strong><\/td>\n<td><strong>KADINLAR<\/strong><\/td>\n<\/tr>\n<tr>\n<td><strong>45 Kg<\/strong><br \/>Altu\u011f Gesge \u2013 Direkt<\/td>\n<td><strong>42 Kg -Se\u00e7me Listesi-<\/strong><br \/>Damla Nur Y\u0131lmaz<br \/>Azra Naz Kam\u0131\u015f<br \/>Esma \u00c7elik<br \/>Sahra Nur \u00d6zdemir<br \/>Buse Nur Kazako\u011flu<br \/>Nazl\u0131 Efe<br \/>Ecrin \u00dcnl\u00fct\u00fcrk<br \/>Ay\u015fe Orhan<br \/>Zeynep \u00c7i\u00e7ek<\/td>\n<\/tr>\n<tr>\n<td><strong>48 Kg<\/strong><br \/>Murat Semih Uzun \u2013 Direkt<\/td>\n<td><strong>44 Kg<\/strong><br \/>R\u00fcveyda Nur Evin \u2013 Direkt<\/td>\n<\/tr>\n<tr>\n<td><strong>51Kg<\/strong><br \/>Selimhan Aksoy \u2013 Direkt<\/td>\n<td><strong>46 Kg<\/strong><br \/>Hayrunnisa G\u00fcrb\u00fcz \u2013 Direkt<\/td>\n<\/tr>\n<tr>\n<td><strong>55 Kg<\/strong><br \/>Emre Talha Evin \u2013 Direkt<\/td>\n<td><strong>49 Kg<\/strong><br \/>Asl\u0131 Cemre Ceylan \u2013 Direkt<\/td>\n<\/tr>\n<tr>\n<td><strong>59 Kg<\/strong><br \/>Yusuf Badem \u2013 Direkt<\/td>\n<td><strong>52 Kg<\/strong><br \/>S\u0131la Irmak Uzun\u00e7avdar \u2013 Direkt<\/td>\n<\/tr>\n<tr>\n<td><strong>63 Kg \u2013 Se\u00e7me Listesi-<\/strong><br \/>Ahmet Bo\u011fa\u00e7han Ceylan<br \/>Mehmet Efe Av\u015far<br \/>H\u00fcseyin Arslan<br \/>Mustafa Ta\u015fdelen<br \/>Ali Sami Pelit<br \/>\u0130brahim Efe D\u00fczel<br \/>Muhammed Ali Toktay<br \/>Ahmet Arda \u00c7ankaya<br \/>Nusret Efe \u00c7ak\u0131r<\/td>\n<td><strong>55 Kg<\/strong><br \/>M\u00fcm\u00fcne Nur G\u00f6z \u2013 Direkt<\/td>\n<\/tr>\n<tr>\n<td><strong>68 Kg<\/strong><br \/>Bu\u011fra Co\u015fkung\u00f6n\u00fcl \u2013 Direkt<\/td>\n<td><strong>59 Kg<\/strong><br \/>Cansu \u00d6zg\u00fcven \u2013 Direkt<\/td>\n<\/tr>\n<tr>\n<td><strong>73 Kg<\/strong><br \/>Sedat Enes K\u0131l\u0131\u00e7aslan \u2013 Direkt<\/td>\n<td><strong>63 Kg<\/strong><br \/>Beyzanur Pehlivan \u2013 Direkt<\/td>\n<\/tr>\n<tr>\n<td><strong>78 Kg<\/strong><br \/>Samet Co\u015fkun \u2013 Direkt<\/td>\n<td><strong>68 Kg<\/strong><br \/>Dilara \u015eirin \u2013 Direkt<\/td>\n<\/tr>\n<tr>\n<td><strong>+78 Kg \u2013 Se\u00e7me Listesi-<\/strong><br \/>F\u0131rat Murat Taha G\u00fcn\u00fc\u00e7<br \/>Recep Alperen Akta\u015f<br \/>Yusuf Efe M\u0131zrak<br \/>Arda Alku\u015f<br \/>Ekrem I\u015f\u0131k<br \/>Hamit K\u0131van\u00e7 Odaba\u015f\u0131<br \/>Yavuz Selim Yamak<br \/>Arda Y\u0131ld\u0131r\u0131m<br \/>Abdussamed S\u00f6zen<\/td>\n<td><strong>+68 Kg<\/strong><br \/>Elifnaz K\u00f6seo\u011flu \u2013 Direkt<\/td>\n<\/tr>\n<\/tbody>\n<\/table>\n<\/figure>\n\n\n","protected":false},"excerpt":{"rendered":"<p>T\u00fcrkiye Taekwondo Federasyonu, 01-06 Ekim 2024 tarihleri aras\u0131nda G\u00fcney Kore\u2019nin Chuncheon d\u00fczenlenecek D\u00fcnya Gen\u00e7ler Taekwondo \u015eampiyonas\u0131 i\u00e7in milli tak\u0131m se\u00e7me listesi yay\u0131nlad\u0131. Se\u00e7me Tarihi :\u00a031 A\u011fustos Cumartesi (Saati daha sonra duyurulacakt\u0131r)Tart\u0131 Tarihi ve Saati :\u00a030 A\u011fustos 2024, Cuma (Saati daha sonra duyurulacakt\u0131r)Se\u00e7me ve Tart\u0131 Yeri :\u00a0Konya (Salon ad\u0131 daha sonra duyurulacakt\u0131r) \u00a0 !! \u00d6NEML\u0130 !!Teknik [&hellip;]<\/p>\n","protected":false},"author":2,"featured_media":8267,"comment_status":"closed","ping_status":"closed","sticky":false,"template":"","format":"standard","meta":{"footnotes":""},"categories":[10],"tags":[],"class_list":["post-8266","post","type-post","status-publish","format-standard","has-post-thumbnail","hentry","category-ttf-haberler"],"_links":{"self":[{"href":"https:\/\/isttit.com\/index.php?rest_route=\/wp\/v2\/posts\/8266","targetHints":{"allow":["GET"]}}],"collection":[{"href":"https:\/\/isttit.com\/index.php?rest_route=\/wp\/v2\/posts"}],"about":[{"href":"https:\/\/isttit.com\/index.php?rest_route=\/wp\/v2\/types\/post"}],"author":[{"embeddable":true,"href":"https:\/\/isttit.com\/index.php?rest_route=\/wp\/v2\/users\/2"}],"replies":[{"embeddable":true,"href":"https:\/\/isttit.com\/index.php?rest_route=%2Fwp%2Fv2%2Fcomments&post=8266"}],"version-history":[{"count":1,"href":"https:\/\/isttit.com\/index.php?rest_route=\/wp\/v2\/posts\/8266\/revisions"}],"predecessor-version":[{"id":8268,"href":"https:\/\/isttit.com\/index.php?rest_route=\/wp\/v2\/posts\/8266\/revisions\/8268"}],"wp:featuredmedia":[{"embeddable":true,"href":"https:\/\/isttit.com\/index.php?rest_route=\/wp\/v2\/media\/8267"}],"wp:attachment":[{"href":"https:\/\/isttit.com\/index.php?rest_route=%2Fwp%2Fv2%2Fmedia&parent=8266"}],"wp:term":[{"taxonomy":"category","embeddable":true,"href":"https:\/\/isttit.com\/index.php?rest_route=%2Fwp%2Fv2%2Fcategories&post=8266"},{"taxonomy":"post_tag","embeddable":true,"href":"https:\/\/isttit.com\/index.php?rest_route=%2Fwp%2Fv2%2Ftags&post=8266"}],"curies":[{"name":"wp","href":"https:\/\/api.w.org\/{rel}","templated":true}]}}