{"id":8317,"date":"2024-10-22T14:23:19","date_gmt":"2024-10-22T14:23:19","guid":{"rendered":"https:\/\/isttit.com\/?p=8317"},"modified":"2024-10-22T14:23:20","modified_gmt":"2024-10-22T14:23:20","slug":"baskanimiz-goreve-basladi","status":"publish","type":"post","link":"https:\/\/isttit.com\/?p=8317","title":{"rendered":"Ba\u015fkan\u0131m\u0131z G\u00f6reve Ba\u015flad\u0131"},"content":{"rendered":"\n\n\n<div class=\"et_post_meta_wrapper\"><img loading=\"lazy\" decoding=\"async\" class=\"lazyloaded\" src=\"https:\/\/turkiyetaekwondofed.gov.tr\/wp-content\/uploads\/2024\/10\/1-1-1080x675.jpg\" sizes=\"auto, (min-width: 0px) and (max-width: 480px) 480px, (min-width: 481px) and (max-width: 980px) 980px, (min-width: 981px) 1080px, 100vw\" srcset=\"https:\/\/turkiyetaekwondofed.gov.tr\/wp-content\/uploads\/2024\/10\/1-1-980x653.jpg 980w, https:\/\/turkiyetaekwondofed.gov.tr\/wp-content\/uploads\/2024\/10\/1-1-480x320.jpg 480w\" alt=\"\" width=\"1080\" height=\"675\" data-ll-status=\"loaded\" \/><\/div>\n<div class=\"entry-content\">\n<p>Federasyonumuz 6. Ola\u011fan ve 8. Ola\u011fan Mali Genel Kurulu\u2019nda ba\u015fkanl\u0131\u011fa se\u00e7ilen Bahri Tanr\u0131kulu g\u00f6revine ba\u015flad\u0131.<\/p>\n<p>Ba\u015fkan Tanr\u0131kulu,\u00a0 y\u00f6netim kurulu \u00fcyeleri ve camiam\u0131zdan isimlerle birlikte federasyon ofisimize gelerek resmen g\u00f6revine ba\u015flad\u0131. Ofise geli\u015finde personelimizle tan\u0131\u015fan ve kendilerine baklava ikram eden Tanr\u0131kulu, ba\u015fkanl\u0131k makam\u0131nda y\u00f6netim kurulu \u00fcyeleriyle birlikte hem tebrikleri kabul etti hem de yap\u0131lacak ilk i\u015fler i\u00e7in yol haritas\u0131n\u0131 belirledi.<\/p>\n<p>G\u00f6reve ba\u015flaman\u0131n hakl\u0131 gururunu ya\u015fad\u0131\u011f\u0131n\u0131 ifade eden Bahri Tanr\u0131kulu, \u201cD\u00f6rt y\u0131l boyunca burada g\u00f6rev yapaca\u011f\u0131z. Taekwondo ailesi olarak hep birlikte ba\u015far\u0131l\u0131 olmak i\u00e7in yorgunlu\u011fa ve y\u0131lg\u0131nl\u0131\u011fa mahal vermeden yo\u011fun bir mesai harcayaca\u011f\u0131z. Bizim kap\u0131m\u0131z t\u00fcm camiam\u0131za her zaman a\u00e7\u0131k olacak. Bu kutlu g\u00f6rev yolunda bizlere destek olan herkese \u00e7ok te\u015fekk\u00fcr ediyorum\u201d diye konu\u015ftu.<\/p>\n<figure class=\"wp-block-gallery has-nested-images columns-default is-cropped wp-block-gallery-1 is-layout-flex\">\n<figure class=\"wp-block-image size-large\"><img loading=\"lazy\" decoding=\"async\" class=\"wp-image-15092 lazyloaded\" src=\"https:\/\/turkiyetaekwondofed.gov.tr\/wp-content\/uploads\/2024\/10\/2-3-1024x683.jpg\" sizes=\"auto, (min-width: 0px) and (max-width: 480px) 480px, (min-width: 481px) and (max-width: 980px) 980px, (min-width: 981px) 1024px, 100vw\" srcset=\"https:\/\/turkiyetaekwondofed.gov.tr\/wp-content\/uploads\/2024\/10\/2-3-980x653.jpg 980w, https:\/\/turkiyetaekwondofed.gov.tr\/wp-content\/uploads\/2024\/10\/2-3-480x320.jpg 480w\" alt=\"\" width=\"1024\" height=\"683\" data-id=\"15092\" data-ll-status=\"loaded\" \/><\/figure>\n<figure class=\"wp-block-image size-large\"><img loading=\"lazy\" decoding=\"async\" class=\"wp-image-15095 lazyloaded\" src=\"https:\/\/turkiyetaekwondofed.gov.tr\/wp-content\/uploads\/2024\/10\/3-2-1024x683.jpg\" sizes=\"auto, (min-width: 0px) and (max-width: 480px) 480px, (min-width: 481px) and (max-width: 980px) 980px, (min-width: 981px) 1024px, 100vw\" srcset=\"https:\/\/turkiyetaekwondofed.gov.tr\/wp-content\/uploads\/2024\/10\/3-2-980x653.jpg 980w, https:\/\/turkiyetaekwondofed.gov.tr\/wp-content\/uploads\/2024\/10\/3-2-480x320.jpg 480w\" alt=\"\" width=\"1024\" height=\"683\" data-id=\"15095\" data-ll-status=\"loaded\" \/><\/figure>\n<figure class=\"wp-block-image size-large\"><img loading=\"lazy\" decoding=\"async\" class=\"wp-image-15097 lazyloaded\" src=\"https:\/\/turkiyetaekwondofed.gov.tr\/wp-content\/uploads\/2024\/10\/4-1024x683.jpg\" sizes=\"auto, (min-width: 0px) and (max-width: 480px) 480px, (min-width: 481px) and (max-width: 980px) 980px, (min-width: 981px) 1024px, 100vw\" srcset=\"https:\/\/turkiyetaekwondofed.gov.tr\/wp-content\/uploads\/2024\/10\/4-980x653.jpg 980w, https:\/\/turkiyetaekwondofed.gov.tr\/wp-content\/uploads\/2024\/10\/4-480x320.jpg 480w\" alt=\"\" width=\"1024\" height=\"683\" data-id=\"15097\" data-ll-status=\"loaded\" \/><\/figure>\n<figure class=\"wp-block-image size-large\"><img loading=\"lazy\" decoding=\"async\" class=\"wp-image-15093 lazyloaded\" src=\"https:\/\/turkiyetaekwondofed.gov.tr\/wp-content\/uploads\/2024\/10\/5-1024x683.jpg\" sizes=\"auto, (min-width: 0px) and (max-width: 480px) 480px, (min-width: 481px) and (max-width: 980px) 980px, (min-width: 981px) 1024px, 100vw\" srcset=\"https:\/\/turkiyetaekwondofed.gov.tr\/wp-content\/uploads\/2024\/10\/5-980x653.jpg 980w, https:\/\/turkiyetaekwondofed.gov.tr\/wp-content\/uploads\/2024\/10\/5-480x320.jpg 480w\" alt=\"\" width=\"1024\" height=\"683\" data-id=\"15093\" data-ll-status=\"loaded\" \/><\/figure>\n<figure class=\"wp-block-image size-large\"><img loading=\"lazy\" decoding=\"async\" class=\"wp-image-15096 lazyloaded\" src=\"https:\/\/turkiyetaekwondofed.gov.tr\/wp-content\/uploads\/2024\/10\/6-1024x683.jpg\" sizes=\"auto, (min-width: 0px) and (max-width: 480px) 480px, (min-width: 481px) and (max-width: 980px) 980px, (min-width: 981px) 1024px, 100vw\" srcset=\"https:\/\/turkiyetaekwondofed.gov.tr\/wp-content\/uploads\/2024\/10\/6-980x653.jpg 980w, https:\/\/turkiyetaekwondofed.gov.tr\/wp-content\/uploads\/2024\/10\/6-480x320.jpg 480w\" alt=\"\" width=\"1024\" height=\"683\" data-id=\"15096\" data-ll-status=\"loaded\" \/><\/figure>\n<figure class=\"wp-block-image size-large\"><img loading=\"lazy\" decoding=\"async\" class=\"wp-image-15094 lazyloaded\" src=\"https:\/\/turkiyetaekwondofed.gov.tr\/wp-content\/uploads\/2024\/10\/7-1024x683.jpg\" sizes=\"auto, (min-width: 0px) and (max-width: 480px) 480px, (min-width: 481px) and (max-width: 980px) 980px, (min-width: 981px) 1024px, 100vw\" srcset=\"https:\/\/turkiyetaekwondofed.gov.tr\/wp-content\/uploads\/2024\/10\/7-980x653.jpg 980w, https:\/\/turkiyetaekwondofed.gov.tr\/wp-content\/uploads\/2024\/10\/7-480x320.jpg 480w\" alt=\"\" width=\"1024\" height=\"683\" data-id=\"15094\" data-ll-status=\"loaded\" \/><\/figure>\n<figure class=\"wp-block-image size-large\"><img loading=\"lazy\" decoding=\"async\" class=\"wp-image-15090 lazyloaded\" src=\"https:\/\/turkiyetaekwondofed.gov.tr\/wp-content\/uploads\/2024\/10\/8-1024x683.jpg\" sizes=\"auto, (min-width: 0px) and (max-width: 480px) 480px, (min-width: 481px) and (max-width: 980px) 980px, (min-width: 981px) 1024px, 100vw\" srcset=\"https:\/\/turkiyetaekwondofed.gov.tr\/wp-content\/uploads\/2024\/10\/8-980x653.jpg 980w, https:\/\/turkiyetaekwondofed.gov.tr\/wp-content\/uploads\/2024\/10\/8-480x320.jpg 480w\" alt=\"\" width=\"1024\" height=\"683\" data-id=\"15090\" data-ll-status=\"loaded\" \/><\/figure>\n<figure class=\"wp-block-image size-large\"><img loading=\"lazy\" decoding=\"async\" class=\"wp-image-15091 lazyloaded\" src=\"https:\/\/turkiyetaekwondofed.gov.tr\/wp-content\/uploads\/2024\/10\/9-1-1024x683.jpg\" sizes=\"auto, (min-width: 0px) and (max-width: 480px) 480px, (min-width: 481px) and (max-width: 980px) 980px, (min-width: 981px) 1024px, 100vw\" srcset=\"https:\/\/turkiyetaekwondofed.gov.tr\/wp-content\/uploads\/2024\/10\/9-1-980x653.jpg 980w, https:\/\/turkiyetaekwondofed.gov.tr\/wp-content\/uploads\/2024\/10\/9-1-480x320.jpg 480w\" alt=\"\" width=\"1024\" height=\"683\" data-id=\"15091\" data-ll-status=\"loaded\" \/><\/figure>\n<figure class=\"wp-block-image size-large\"><img loading=\"lazy\" decoding=\"async\" class=\"wp-image-15089 lazyloaded\" src=\"https:\/\/turkiyetaekwondofed.gov.tr\/wp-content\/uploads\/2024\/10\/10-1024x683.jpg\" sizes=\"auto, (min-width: 0px) and (max-width: 480px) 480px, (min-width: 481px) and (max-width: 980px) 980px, (min-width: 981px) 1024px, 100vw\" srcset=\"https:\/\/turkiyetaekwondofed.gov.tr\/wp-content\/uploads\/2024\/10\/10-980x653.jpg 980w, https:\/\/turkiyetaekwondofed.gov.tr\/wp-content\/uploads\/2024\/10\/10-480x320.jpg 480w\" alt=\"\" width=\"1024\" height=\"683\" data-id=\"15089\" data-ll-status=\"loaded\" \/><\/figure>\n<\/figure>\n<\/div>\n","protected":false},"excerpt":{"rendered":"<p>Federasyonumuz 6. Ola\u011fan ve 8. Ola\u011fan Mali Genel Kurulu\u2019nda ba\u015fkanl\u0131\u011fa se\u00e7ilen Bahri Tanr\u0131kulu g\u00f6revine ba\u015flad\u0131. Ba\u015fkan Tanr\u0131kulu,\u00a0 y\u00f6netim kurulu \u00fcyeleri ve camiam\u0131zdan isimlerle birlikte federasyon ofisimize gelerek resmen g\u00f6revine ba\u015flad\u0131. Ofise geli\u015finde personelimizle tan\u0131\u015fan ve kendilerine baklava ikram eden Tanr\u0131kulu, ba\u015fkanl\u0131k makam\u0131nda y\u00f6netim kurulu \u00fcyeleriyle birlikte hem tebrikleri kabul etti hem de yap\u0131lacak ilk i\u015fler [&hellip;]<\/p>\n","protected":false},"author":2,"featured_media":8318,"comment_status":"closed","ping_status":"closed","sticky":false,"template":"","format":"standard","meta":{"footnotes":""},"categories":[10],"tags":[],"class_list":["post-8317","post","type-post","status-publish","format-standard","has-post-thumbnail","hentry","category-ttf-haberler"],"_links":{"self":[{"href":"https:\/\/isttit.com\/index.php?rest_route=\/wp\/v2\/posts\/8317","targetHints":{"allow":["GET"]}}],"collection":[{"href":"https:\/\/isttit.com\/index.php?rest_route=\/wp\/v2\/posts"}],"about":[{"href":"https:\/\/isttit.com\/index.php?rest_route=\/wp\/v2\/types\/post"}],"author":[{"embeddable":true,"href":"https:\/\/isttit.com\/index.php?rest_route=\/wp\/v2\/users\/2"}],"replies":[{"embeddable":true,"href":"https:\/\/isttit.com\/index.php?rest_route=%2Fwp%2Fv2%2Fcomments&post=8317"}],"version-history":[{"count":1,"href":"https:\/\/isttit.com\/index.php?rest_route=\/wp\/v2\/posts\/8317\/revisions"}],"predecessor-version":[{"id":8319,"href":"https:\/\/isttit.com\/index.php?rest_route=\/wp\/v2\/posts\/8317\/revisions\/8319"}],"wp:featuredmedia":[{"embeddable":true,"href":"https:\/\/isttit.com\/index.php?rest_route=\/wp\/v2\/media\/8318"}],"wp:attachment":[{"href":"https:\/\/isttit.com\/index.php?rest_route=%2Fwp%2Fv2%2Fmedia&parent=8317"}],"wp:term":[{"taxonomy":"category","embeddable":true,"href":"https:\/\/isttit.com\/index.php?rest_route=%2Fwp%2Fv2%2Fcategories&post=8317"},{"taxonomy":"post_tag","embeddable":true,"href":"https:\/\/isttit.com\/index.php?rest_route=%2Fwp%2Fv2%2Ftags&post=8317"}],"curies":[{"name":"wp","href":"https:\/\/api.w.org\/{rel}","templated":true}]}}