{"id":8330,"date":"2024-10-31T12:09:05","date_gmt":"2024-10-31T12:09:05","guid":{"rendered":"https:\/\/isttit.com\/?p=8330"},"modified":"2024-10-31T12:09:05","modified_gmt":"2024-10-31T12:09:05","slug":"yildiz-milli-takimimizdan-29-ekim-kutlamasi","status":"publish","type":"post","link":"https:\/\/isttit.com\/?p=8330","title":{"rendered":"Y\u0131ld\u0131z Milli Tak\u0131m\u0131m\u0131zdan 29 Ekim Kutlamas\u0131"},"content":{"rendered":"\n<p>Arnavutluk\u2019un ba\u015fkenti Tiran\u2019da 7-9 Kas\u0131m tarihleri aras\u0131nda d\u00fczenlenecek olan Avrupa Y\u0131ld\u0131zlar Taekwondo \u015eampiyonas\u0131 i\u00e7in Milli Tak\u0131m\u0131m\u0131z haz\u0131rl\u0131klar\u0131n\u0131 Konya\u2019da s\u00fcrd\u00fcr\u00fcyor.<\/p>\n<p>Gen\u00e7 sporcular\u0131m\u0131z, teknik ekibimizle birlikte kampta 29 Ekim Cumhuriyet Bayram\u0131\u2019n\u0131 kutlayarak ba\u015far\u0131 s\u00f6z\u00fc verdi.<\/p>\n<p><a href=\"https:\/\/turkiyetaekwondofed.gov.tr\/wp-content\/uploads\/2024\/10\/YILDIZ.mp4\" data-type=\"URL\" data-id=\"https:\/\/turkiyetaekwondofed.gov.tr\/wp-content\/uploads\/2024\/10\/YILDIZ.mp4\">M\u0130LL\u0130 TAKIMIMIZIN HAZIRLADI\u011eI V\u0130DEOYA ULA\u015eMAK \u0130\u00c7\u0130N TIKLAYINIZ<\/a><\/p>\n\n\n","protected":false},"excerpt":{"rendered":"<p>Arnavutluk\u2019un ba\u015fkenti Tiran\u2019da 7-9 Kas\u0131m tarihleri aras\u0131nda d\u00fczenlenecek olan Avrupa Y\u0131ld\u0131zlar Taekwondo \u015eampiyonas\u0131 i\u00e7in Milli Tak\u0131m\u0131m\u0131z haz\u0131rl\u0131klar\u0131n\u0131 Konya\u2019da s\u00fcrd\u00fcr\u00fcyor. Gen\u00e7 sporcular\u0131m\u0131z, teknik ekibimizle birlikte kampta 29 Ekim Cumhuriyet Bayram\u0131\u2019n\u0131 kutlayarak ba\u015far\u0131 s\u00f6z\u00fc verdi. M\u0130LL\u0130 TAKIMIMIZIN HAZIRLADI\u011eI V\u0130DEOYA ULA\u015eMAK \u0130\u00c7\u0130N TIKLAYINIZ<\/p>\n","protected":false},"author":2,"featured_media":8331,"comment_status":"closed","ping_status":"closed","sticky":false,"template":"","format":"standard","meta":{"footnotes":""},"categories":[10],"tags":[],"class_list":["post-8330","post","type-post","status-publish","format-standard","has-post-thumbnail","hentry","category-ttf-haberler"],"_links":{"self":[{"href":"https:\/\/isttit.com\/index.php?rest_route=\/wp\/v2\/posts\/8330","targetHints":{"allow":["GET"]}}],"collection":[{"href":"https:\/\/isttit.com\/index.php?rest_route=\/wp\/v2\/posts"}],"about":[{"href":"https:\/\/isttit.com\/index.php?rest_route=\/wp\/v2\/types\/post"}],"author":[{"embeddable":true,"href":"https:\/\/isttit.com\/index.php?rest_route=\/wp\/v2\/users\/2"}],"replies":[{"embeddable":true,"href":"https:\/\/isttit.com\/index.php?rest_route=%2Fwp%2Fv2%2Fcomments&post=8330"}],"version-history":[{"count":1,"href":"https:\/\/isttit.com\/index.php?rest_route=\/wp\/v2\/posts\/8330\/revisions"}],"predecessor-version":[{"id":8332,"href":"https:\/\/isttit.com\/index.php?rest_route=\/wp\/v2\/posts\/8330\/revisions\/8332"}],"wp:featuredmedia":[{"embeddable":true,"href":"https:\/\/isttit.com\/index.php?rest_route=\/wp\/v2\/media\/8331"}],"wp:attachment":[{"href":"https:\/\/isttit.com\/index.php?rest_route=%2Fwp%2Fv2%2Fmedia&parent=8330"}],"wp:term":[{"taxonomy":"category","embeddable":true,"href":"https:\/\/isttit.com\/index.php?rest_route=%2Fwp%2Fv2%2Fcategories&post=8330"},{"taxonomy":"post_tag","embeddable":true,"href":"https:\/\/isttit.com\/index.php?rest_route=%2Fwp%2Fv2%2Ftags&post=8330"}],"curies":[{"name":"wp","href":"https:\/\/api.w.org\/{rel}","templated":true}]}}