{"id":8350,"date":"2024-11-08T12:37:59","date_gmt":"2024-11-08T12:37:59","guid":{"rendered":"https:\/\/isttit.com\/?p=8350"},"modified":"2024-11-08T12:37:59","modified_gmt":"2024-11-08T12:37:59","slug":"hakem-gelisim-semineri","status":"publish","type":"post","link":"https:\/\/isttit.com\/?p=8350","title":{"rendered":"Hakem Geli\u015fim Semineri"},"content":{"rendered":"\n<p>T\u00fcrkiye Taekwondo Federasyonu 2025 Y\u0131l\u0131 Vize niteli\u011fi ta\u015f\u0131yan Hakem Geli\u015fim Seminerine ait program a\u015fa\u011f\u0131daki gibidir;<\/p>\n<p>Bu program T\u00fcrkiye ve\/veya il faaliyetlerinde\u00a0<mark class=\"has-inline-color has-vivid-red-color\"><strong>SADECE HAKEM<\/strong><\/mark>\u00a0olarak g\u00f6rev yapmak isteyen Hakemlerimiz i\u00e7in\u00a0<strong>\u00c7anakkale ve Erzurum\u00a0<\/strong>illerinde olmak \u00fczere iki ayr\u0131 b\u00f6lge olarak planlanm\u0131\u015ft\u0131r.<\/p>\n<p>*** T\u00fcrkiye ve\/veya il faaliyetlerinde Antren\u00f6r olarak g\u00f6rev yapmak isteyenler, Federasyon Faaliyetlerinde Antren\u00f6r \u0130lde Hakem ve Federasyon Faaliyetlerinde Hakem \u0130lde Antren\u00f6r olarak g\u00f6rev yapmak isteyenler i\u00e7in seminer program\u0131 ise online olarak planlanm\u0131\u015f olup sonraki yay\u0131nlar\u0131m\u0131zda ilgili seminerler i\u00e7in gerekli bilgilendirmeler yap\u0131lacakt\u0131r.<br \/><br \/><strong>\u00c7anakkale Hakem Geli\u015fim Semineri Tarihleri: 22 \u2013 23 \u2013 24 Kas\u0131m 2024<br \/>Erzurum Hakem Geli\u015fim Semineri Tarihleri: 27 \u2013 28 \u2013 29 Aral\u0131k 2024<\/strong><br \/><br \/>** \u00c7anakkale b\u00f6lgesi i\u00e7in seminerimiz G\u00fczelyal\u0131 Sporcu Kamp E\u011fitim Merkezinde yap\u0131lacakt\u0131r. (G\u00fczelyal\u0131 Mevkii, Tusan Cad. no:81\/1 Erenk\u00f6y, \u00c7anakkale Merkez) Seminer i\u00e7in merkeze giri\u015fler 22 Kas\u0131m 2024 tarihinde saat 12:00\u2018ye kadar yap\u0131lacak olup, saat 13:00\u2019 de dersler ba\u015flayacakt\u0131r. Seminer program\u0131m\u0131z 24 Kas\u0131m 2024 tarihinde 15:30\u2019da son bulacakt\u0131r.<\/p>\n<p>**\u00c7anakkale B\u00f6lgesi i\u00e7in kontenjan\u0131m\u0131z 420 ki\u015fi ile s\u0131n\u0131rl\u0131d\u0131r<br \/><br \/>** Erzurum b\u00f6lgesi i\u00e7in seminerimiz Erzurum Hizmeti\u00e7i E\u011fitim Enstit\u00fcs\u00fc ve Ak\u015fam Sanat Okulunda (Il\u0131ca Mah. E 80 Bul. Hizmet \u0130\u00e7i E\u011fitim Merkezi Sit. No:29B\/1 Aziziye\/ERZURUM) yap\u0131lacakt\u0131r. Seminer i\u00e7in merkeze giri\u015fler 27 Aral\u0131k 2024 tarihinde saat 12:00\u2019ye kadar yap\u0131lacak olup, saat 13:00\u2019 de dersler ba\u015flayacakt\u0131r. Seminer program\u0131m\u0131z 29 Aral\u0131k 2024 tarihinde 15:30\u2019da son bulacakt\u0131r.<\/p>\n<p>**Erzurum B\u00f6lgesi i\u00e7in kontenjan\u0131m\u0131z 490 ki\u015fi ile s\u0131n\u0131rl\u0131d\u0131r.<br \/><br \/><strong>2025 YILI HAKEM V\u0130ZES\u0130 \u0130\u00c7\u0130N \u0130STEN\u0130LEN BELGELER<\/strong><br \/>1-Seminer Ba\u015fvuru Formu<br \/>2-N\u00fcfus c\u00fczdan fotokopisi,<br \/>3-Dekont -Garanti Bankas\u0131 Ankara Anafartalar Caddesi \u015eubesi<br \/>(IBAN : TR10 0006 2000 7110 0006 2958 75 nolu hesab\u0131na)<br \/><strong>**Kat\u0131l\u0131mc\u0131lar i\u00e7in Hakem Geli\u015fim Seminer \u00fccreti: 5.000,00 TL<\/strong>\u00a0(Konaklama \u00fccrete dahildir)<\/p>\n<p><strong><mark class=\"has-inline-color has-vivid-red-color\">\u00c7anakkale b\u00f6lgesi i\u00e7in son evrak g\u00f6nderim tarihi: 19 Kas\u0131m 2024<\/mark><br \/><mark class=\"has-inline-color has-vivid-red-color\">Erzurum b\u00f6lgesi i\u00e7in son evrak g\u00f6nderim tarihi: 24 Aral\u0131k 2024<\/mark><\/strong><\/p>\n<p><strong>SEM\u0130NER\u0130N UYGULAMA ESASLARI A\u015eA\u011eIDA BEL\u0130RT\u0130LM\u0130\u015eT\u0130R<\/strong><br \/>1.Federasyonumuz ile Gen\u00e7lik ve Spor \u0130l M\u00fcd\u00fcrl\u00fcklerinin 2025 y\u0131l\u0131nda organize edecekleri faaliyetlerde g\u00f6rev almak isteyen Hakemlerin bu Geli\u015fim Seminerine kat\u0131lmalar\u0131 zorunludur.<br \/>2.Seminere kat\u0131lmayan Hakemler 2025 y\u0131l\u0131nda \u0130l ve Federasyon faaliyetlerinde g\u00f6rev alamayacaklar\u0131 gibi 2025 y\u0131l\u0131 Hakem Terfi Kurslar\u0131na da kat\u0131lamayacaklard\u0131r.<br \/>3.Geli\u015fim Seminerine Aday, \u0130l, Ulusal, Uluslararas\u0131 Hakemlik Belgesine sahip Hakemler kat\u0131lacakt\u0131r.<\/p>\n<p><strong><mark class=\"has-inline-color has-vivid-red-color\">\u00d6NEML\u0130 B\u0130LG\u0130LER<\/mark><\/strong><br \/>*** Seminer i\u00e7in e-Devlet Sistemi \u00fczerinden kay\u0131t al\u0131nmayacakt\u0131r.<br \/>*** Seminere kat\u0131l\u0131m sa\u011flamak isteyen hakemlerimizin a\u015fa\u011f\u0131da yer alan EK-1 formlar\u0131n\u0131 seminere hangi b\u00f6lgede kat\u0131l\u0131m sa\u011flamak istediklerini i\u015faretlemi\u015f olmak kayd\u0131 ile info@taekwondo.org.tr mail adresimize dekontlar\u0131 ile g\u00f6nderim sa\u011flamalar\u0131 gerekmektedir. ( Kontenjan k\u0131s\u0131tlamas\u0131 bulunmas\u0131 nedeni ile seminer i\u00e7in kay\u0131tlar mail g\u00f6nderim s\u0131ras\u0131na g\u00f6re yap\u0131lacakt\u0131r. Seminer kat\u0131l\u0131m b\u00f6lgesi i\u015faretlenmeyen EK-1 formlar\u0131 dikkate al\u0131nmayacakt\u0131r. )<br \/>*** Seminer i\u00e7in \u00f6demelerin, Federasyonumuz IBAN hesab\u0131na dekont a\u00e7\u0131klama k\u0131sm\u0131nda seminer kat\u0131l\u0131mc\u0131s\u0131n\u0131n ad- soyad bilgisi ile hakem geli\u015fim semineri ibaresi eklenerek yat\u0131r\u0131lmas\u0131 gerekmektedir. ( Aksi halde dekont ge\u00e7ersiz say\u0131lacakt\u0131r.)<br \/>*** Derslerde yoklama al\u0131nmakta olup, yoklamada bulunmayan ki\u015filerin vizeleri yap\u0131lmayacakt\u0131r.<\/p>\n<p><strong><a href=\"https:\/\/turkiyetaekwondofed.gov.tr\/wp-content\/uploads\/2024\/11\/EK-1-FORMU-HAKEM.xlsx\" target=\"_blank\" rel=\"noreferrer noopener\" data-type=\"URL\" data-id=\"https:\/\/turkiyetaekwondofed.gov.tr\/wp-content\/uploads\/2024\/11\/EK-1-FORMU-HAKEM.xlsx\">EK-1 FORMU \u0130\u00c7\u0130N TIKLAYINIZ<\/a><\/strong><\/p>\n\n\n","protected":false},"excerpt":{"rendered":"<p>T\u00fcrkiye Taekwondo Federasyonu 2025 Y\u0131l\u0131 Vize niteli\u011fi ta\u015f\u0131yan Hakem Geli\u015fim Seminerine ait program a\u015fa\u011f\u0131daki gibidir; Bu program T\u00fcrkiye ve\/veya il faaliyetlerinde\u00a0SADECE HAKEM\u00a0olarak g\u00f6rev yapmak isteyen Hakemlerimiz i\u00e7in\u00a0\u00c7anakkale ve Erzurum\u00a0illerinde olmak \u00fczere iki ayr\u0131 b\u00f6lge olarak planlanm\u0131\u015ft\u0131r. *** T\u00fcrkiye ve\/veya il faaliyetlerinde Antren\u00f6r olarak g\u00f6rev yapmak isteyenler, Federasyon Faaliyetlerinde Antren\u00f6r \u0130lde Hakem ve Federasyon Faaliyetlerinde Hakem [&hellip;]<\/p>\n","protected":false},"author":2,"featured_media":8267,"comment_status":"closed","ping_status":"closed","sticky":false,"template":"","format":"standard","meta":{"footnotes":""},"categories":[10],"tags":[],"class_list":["post-8350","post","type-post","status-publish","format-standard","has-post-thumbnail","hentry","category-ttf-haberler"],"_links":{"self":[{"href":"https:\/\/isttit.com\/index.php?rest_route=\/wp\/v2\/posts\/8350","targetHints":{"allow":["GET"]}}],"collection":[{"href":"https:\/\/isttit.com\/index.php?rest_route=\/wp\/v2\/posts"}],"about":[{"href":"https:\/\/isttit.com\/index.php?rest_route=\/wp\/v2\/types\/post"}],"author":[{"embeddable":true,"href":"https:\/\/isttit.com\/index.php?rest_route=\/wp\/v2\/users\/2"}],"replies":[{"embeddable":true,"href":"https:\/\/isttit.com\/index.php?rest_route=%2Fwp%2Fv2%2Fcomments&post=8350"}],"version-history":[{"count":1,"href":"https:\/\/isttit.com\/index.php?rest_route=\/wp\/v2\/posts\/8350\/revisions"}],"predecessor-version":[{"id":8351,"href":"https:\/\/isttit.com\/index.php?rest_route=\/wp\/v2\/posts\/8350\/revisions\/8351"}],"wp:featuredmedia":[{"embeddable":true,"href":"https:\/\/isttit.com\/index.php?rest_route=\/wp\/v2\/media\/8267"}],"wp:attachment":[{"href":"https:\/\/isttit.com\/index.php?rest_route=%2Fwp%2Fv2%2Fmedia&parent=8350"}],"wp:term":[{"taxonomy":"category","embeddable":true,"href":"https:\/\/isttit.com\/index.php?rest_route=%2Fwp%2Fv2%2Fcategories&post=8350"},{"taxonomy":"post_tag","embeddable":true,"href":"https:\/\/isttit.com\/index.php?rest_route=%2Fwp%2Fv2%2Ftags&post=8350"}],"curies":[{"name":"wp","href":"https:\/\/api.w.org\/{rel}","templated":true}]}}