{"id":8352,"date":"2024-11-11T10:57:52","date_gmt":"2024-11-11T10:57:52","guid":{"rendered":"https:\/\/isttit.com\/?p=8352"},"modified":"2024-11-11T10:57:52","modified_gmt":"2024-11-11T10:57:52","slug":"2024-avrupa-yildizlar-taekwondo-sampiyonasi-avrupa-sampiyonuyuz","status":"publish","type":"post","link":"https:\/\/isttit.com\/?p=8352","title":{"rendered":"2024 Avrupa Y\u0131ld\u0131zlar Taekwondo \u015eampiyonas\u0131 (AVRUPA \u015eAMP\u0130YONUYUZ)"},"content":{"rendered":"\n<p>Avrupa Y\u0131ld\u0131zlar Taekwondo \u015eampiyonas\u0131, Arnavutluk\u2019un ba\u015fkenti Tiran\u2019da 7-9 Kas\u0131m tarihleri aras\u0131nda d\u00fczenlendi. Avrupa Taekwondo Birli\u011fi (ETU) taraf\u0131ndan d\u00fczenlenen \u015fampiyonada \u00fclkemizi y\u0131l i\u00e7inde yap\u0131lan organizasyonlarda kazan\u0131lan kotalarla birlikte 25\u2019i erkek, 20\u2019si k\u0131z olmak \u00fczere toplam 45 sporcu temsil etti.<\/p>\n<p><strong>AVRUPA \u015eAMP\u0130YONUYUZ!<\/strong><\/p>\n<p>T\u00fcrkiye, Avrupa Y\u0131ld\u0131zlar Taekwondo \u015eampiyonas\u0131\u2019n\u0131 4\u2019\u00fc alt\u0131n toplam 9 madalya ile tamamlayarak tak\u0131m halinde \u015fampiyon oldu.<\/p>\n<p>\u0130lk iki g\u00fcnde 4 alt\u0131n ve 3 bronz madalya kazanan T\u00fcrkiye, \u015fampiyonay\u0131 4 alt\u0131n ve 5 bronz olmak \u00fczere 9 madalya ile tamamlad\u0131. Ay-y\u0131ld\u0131zl\u0131 milli tak\u0131m bu sonu\u00e7la \u00fclkeler s\u0131ralamas\u0131nda birinci oldu. 3 alt\u0131n, 2 bronz madalya toplayan erkek tak\u0131m\u0131m\u0131z Avrupa ikincisi olurken, Yi\u011fit Marakl\u0131 \u015fampiyonan\u0131n en iyi erkek sporcusu se\u00e7ildi.<\/p>\n<p><strong>\u201cYEN\u0130 D\u00d6NEME B\u00d6YLE B\u0130R BA\u015eLANGI\u00c7 \u00c7OK YAKI\u015eTI\u201d<\/strong><\/p>\n<p>T\u00fcrkiye Taekwondo Federasyonu Ba\u015fkan\u0131 Bahri Tanr\u0131kulu, tak\u0131m halinde \u015fampiyonlu\u011fa ula\u015fman\u0131n gururunu ya\u015fad\u0131klar\u0131n\u0131 belirterek, \u201cBurada gelece\u011fin \u015fampiyon adaylar\u0131n\u0131n m\u00fcsabakalar\u0131na \u015fahitlik ettik. 4\u2019\u00fc alt\u0131n olmak \u00fczere 9 madalya ile Avrupa\u2019n\u0131n zirvesine \u00e7\u0131kt\u0131k. Gen\u00e7 sporcular\u0131m\u0131z, gen\u00e7 ve dinamik ekibimizle ba\u015far\u0131ya ula\u015ft\u0131. Federasyonumuzun yeni d\u00f6nemine b\u00f6yle bir ba\u015flang\u0131\u00e7 \u00e7ok yak\u0131\u015ft\u0131. Bu ba\u015far\u0131lar\u0131 t\u00fcm ya\u015f kategorilerinde kal\u0131c\u0131 hale getirip d\u00fcnyaya \u2018T\u00fcrk taekwondo ekol\u00fc\u2019n\u00fc kabul ettirmek hedefimiz olacak. Bu konuda inan\u00e7l\u0131 ve azimliyiz. Avrupa \u015fampiyonlu\u011funda eme\u011fi ge\u00e7en sporcular\u0131m\u0131z, teknik ekibimiz, sporcular\u0131m\u0131z\u0131n kul\u00fcpleri, antren\u00f6rleri ve ailelerine te\u015fekk\u00fcr ediyorum. Bu ba\u015far\u0131 hepimizin eseri. Milli tak\u0131m kafilemiz olarak 10 Kas\u0131m m\u00fcnasebetiyle madalyalar\u0131m\u0131z\u0131 \u00fclkemizin kurucusu Mustafa Kemal Atat\u00fcrk\u2019e ithaf ediyoruz\u201d ifadelerini kulland\u0131.<\/p>\n<p>\u015eampiyonada madalya kazanan sporcular\u0131m\u0131z \u015fu \u015fekilde:<\/p>\n<p>\u201cAlt\u0131n: Umutcan Bayram (53 kilo), \u00d6mer Ya\u011f\u0131z Bar\u0131\u015f (57 kilo), Yi\u011fit Marakl\u0131 (61 kilo), Elif Mutlu (29 kilo)<\/p>\n<p>Bronz: Ahmet Eren Aksoy (33 kilo), Osman Nuri Esad Ersan (37 kilo), Ecrin Aydo\u011fdu (29 kilo), \u0130rem \u00d6r\u00fcl (41 kilo), Fatma Zehra Akyaz\u0131c\u0131 (47 kilo)\u201d<\/p>\n<figure class=\"wp-block-gallery has-nested-images columns-default is-cropped wp-block-gallery-1 is-layout-flex\">\n<figure class=\"wp-block-image size-large\"><img loading=\"lazy\" decoding=\"async\" class=\"wp-image-15414 lazyloaded\" src=\"https:\/\/turkiyetaekwondofed.gov.tr\/wp-content\/uploads\/2024\/11\/SAMPIYON-TAKIM-1-1024x600.jpg\" sizes=\"auto, (min-width: 0px) and (max-width: 480px) 480px, (min-width: 481px) and (max-width: 980px) 980px, (min-width: 981px) 1024px, 100vw\" srcset=\"https:\/\/turkiyetaekwondofed.gov.tr\/wp-content\/uploads\/2024\/11\/SAMPIYON-TAKIM-1-980x574.jpg 980w, https:\/\/turkiyetaekwondofed.gov.tr\/wp-content\/uploads\/2024\/11\/SAMPIYON-TAKIM-1-480x281.jpg 480w\" alt=\"\" width=\"1024\" height=\"600\" data-id=\"15414\" data-ll-status=\"loaded\" \/><\/figure>\n<figure class=\"wp-block-image size-large\"><img loading=\"lazy\" decoding=\"async\" class=\"wp-image-15415 lazyloaded\" src=\"https:\/\/turkiyetaekwondofed.gov.tr\/wp-content\/uploads\/2024\/11\/SAMPIYON-TAKIM2-1024x635.jpg\" sizes=\"auto, (min-width: 0px) and (max-width: 480px) 480px, (min-width: 481px) and (max-width: 980px) 980px, (min-width: 981px) 1024px, 100vw\" srcset=\"https:\/\/turkiyetaekwondofed.gov.tr\/wp-content\/uploads\/2024\/11\/SAMPIYON-TAKIM2-980x608.jpg 980w, https:\/\/turkiyetaekwondofed.gov.tr\/wp-content\/uploads\/2024\/11\/SAMPIYON-TAKIM2-480x298.jpg 480w\" alt=\"\" width=\"1024\" height=\"635\" data-id=\"15415\" data-ll-status=\"loaded\" \/><\/figure>\n<\/figure>\n<p><strong>3.G\u00dcN \u2013 SON G\u00dcN 2 BRONZ<\/strong><\/p>\n<p>Avrupa Y\u0131ld\u0131zlar Taekwondo \u015eampiyonas\u0131\u2019n\u0131n son g\u00fcn\u00fcnde milli sporcular\u0131m\u0131z 2 bronz madalya kazand\u0131. Y\u0131ld\u0131z Erkek Milli Tak\u0131m\u0131m\u0131z \u2026<\/p>\n<p>Avrupa Taekwondo Birli\u011fi (ETU) taraf\u0131ndan Arnavutluk\u2019un ba\u015fkenti Tiran\u2019da d\u00fczenlenen \u015fampiyonan\u0131n son g\u00fcn\u00fcnde erkekler kategorisinde 7 s\u0131klette m\u00fcsabakalar yap\u0131l\u0131rken T\u00fcrk taekwondocular 2 bronz madalya kazand\u0131.<\/p>\n<p>Erkekler 33 kiloda Ahmet Eren Aksoy ile 37 kiloda Osman Nuri Esad Ersan bronz madalya elde eden isimler oldu. \u0130lk iki g\u00fcnde 4 alt\u0131n ve 3 bronz madalya kazanan T\u00fcrkiye, \u015fampiyonay\u0131 4 alt\u0131n ve 5 bronz olmak \u00fczere 9 madalya ile tamamlad\u0131.<\/p>\n<figure class=\"wp-block-gallery has-nested-images columns-default is-cropped wp-block-gallery-3 is-layout-flex\">\n<figure class=\"wp-block-image size-large\"><img loading=\"lazy\" decoding=\"async\" class=\"wp-image-15405 lazyloaded\" src=\"https:\/\/turkiyetaekwondofed.gov.tr\/wp-content\/uploads\/2024\/11\/AHMET-EREN-AKSOY-33-kg_ucuncu-1024x1024.jpg\" sizes=\"auto, (min-width: 0px) and (max-width: 480px) 480px, (min-width: 481px) and (max-width: 980px) 980px, (min-width: 981px) 1024px, 100vw\" srcset=\"https:\/\/turkiyetaekwondofed.gov.tr\/wp-content\/uploads\/2024\/11\/AHMET-EREN-AKSOY-33-kg_ucuncu-1024x1024.jpg 1024w, https:\/\/turkiyetaekwondofed.gov.tr\/wp-content\/uploads\/2024\/11\/AHMET-EREN-AKSOY-33-kg_ucuncu-980x980.jpg 980w, https:\/\/turkiyetaekwondofed.gov.tr\/wp-content\/uploads\/2024\/11\/AHMET-EREN-AKSOY-33-kg_ucuncu-480x480.jpg 480w\" alt=\"\" width=\"1024\" height=\"1024\" data-id=\"15405\" data-ll-status=\"loaded\" \/><\/figure>\n<figure class=\"wp-block-image size-large\"><img loading=\"lazy\" decoding=\"async\" class=\"wp-image-15406 lazyloaded\" src=\"https:\/\/turkiyetaekwondofed.gov.tr\/wp-content\/uploads\/2024\/11\/OSMAN-NURI-ESAT-ERSAN-37-kg-2-1024x1024.jpg\" sizes=\"auto, (min-width: 0px) and (max-width: 480px) 480px, (min-width: 481px) and (max-width: 980px) 980px, (min-width: 981px) 1024px, 100vw\" srcset=\"https:\/\/turkiyetaekwondofed.gov.tr\/wp-content\/uploads\/2024\/11\/OSMAN-NURI-ESAT-ERSAN-37-kg-2-1024x1024.jpg 1024w, https:\/\/turkiyetaekwondofed.gov.tr\/wp-content\/uploads\/2024\/11\/OSMAN-NURI-ESAT-ERSAN-37-kg-2-980x980.jpg 980w, https:\/\/turkiyetaekwondofed.gov.tr\/wp-content\/uploads\/2024\/11\/OSMAN-NURI-ESAT-ERSAN-37-kg-2-480x480.jpg 480w\" alt=\"\" width=\"1024\" height=\"1024\" data-id=\"15406\" data-ll-status=\"loaded\" \/><\/figure>\n<\/figure>\n<p><strong>2.G\u00dcN \u2013 \u0130K\u0130NC\u0130 G\u00dcN 3 MADALYA DAHA<\/strong><\/p>\n<p>Avrupa Y\u0131ld\u0131zlar Taekwondo \u015eampiyonas\u0131\u2019n\u0131n ikinci g\u00fcn\u00fcnde milli sporcular\u0131m\u0131z 1\u2019i alt\u0131n 3 madalya kazand\u0131.<\/p>\n<p>Avrupa Taekwondo Birli\u011fi (ETU) taraf\u0131ndan Arnavutluk\u2019un ba\u015fkenti Tiran\u2019da d\u00fczenlenen \u015fampiyonan\u0131n ikinci g\u00fcn\u00fcnde k\u0131zlar kategorisinde 7 s\u0131klette m\u00fcsabakalar yap\u0131l\u0131rken T\u00fcrk taekwondocular 1 alt\u0131n ve 2 bronz madalya kazand\u0131.<\/p>\n<p>K\u0131zlar 29 kiloda \u00fclkemizi temsil eden Elif Mutlu Avrupa \u015fampiyonu olurken ayn\u0131 kiloda Ecrin Aydo\u011fdu ile 41 kiloda \u0130rem \u00d6r\u00fcl bronz madalyan\u0131n sahibi oldu.<\/p>\n<p>\u0130lk g\u00fcn\u00fc 3 alt\u0131 ve 1 bronz madalya ile kapatan T\u00fcrkiye, ikinci g\u00fcn sonunda 4 alt\u0131n ve 3 bronz olmak \u00fczere 7 madalyaya ula\u015ft\u0131.<\/p>\n<p>T\u00fcrkiye Taekwondo Federasyonu Ba\u015fkan\u0131 Bahri Tanr\u0131kulu, \u201cMadalyalar\u0131m\u0131za ikinci g\u00fcnde de devam ettik. Bug\u00fcn de Arnavutluk\u2019ta bayra\u011f\u0131m\u0131z\u0131 g\u00f6ndere \u00e7ektirmeyi ve \u0130stiklal Mar\u015f\u0131m\u0131z\u0131 s\u00f6yletmeyi ba\u015fard\u0131k. Kazand\u0131\u011f\u0131m\u0131z madalyalarda eme\u011fi ge\u00e7en herkesi kutluyorum. \u015eampiyonan\u0131n son g\u00fcn\u00fcne de iyi bir nokta koyarak T\u00fcrkiye\u2019ye en iyi \u015fekilde d\u00f6nmek istiyoruz\u201d dedi.<\/p>\n<p>\u015eampiyonan\u0131n son g\u00fcn\u00fcnde erkekler kategorisinde 7 s\u0131klette m\u00fcsabakalar yap\u0131lacak.<\/p>\n<figure class=\"wp-block-gallery has-nested-images columns-default is-cropped wp-block-gallery-5 is-layout-flex\">\n<figure class=\"wp-block-image size-large\"><img loading=\"lazy\" decoding=\"async\" class=\"wp-image-15401 lazyloaded\" src=\"https:\/\/turkiyetaekwondofed.gov.tr\/wp-content\/uploads\/2024\/11\/M3-1024x654.jpg\" sizes=\"auto, (min-width: 0px) and (max-width: 480px) 480px, (min-width: 481px) and (max-width: 980px) 980px, (min-width: 981px) 1024px, 100vw\" srcset=\"https:\/\/turkiyetaekwondofed.gov.tr\/wp-content\/uploads\/2024\/11\/M3-980x626.jpg 980w, https:\/\/turkiyetaekwondofed.gov.tr\/wp-content\/uploads\/2024\/11\/M3-480x307.jpg 480w\" alt=\"\" width=\"1024\" height=\"654\" data-id=\"15401\" data-ll-status=\"loaded\" \/><\/figure>\n<\/figure>\n<figure class=\"wp-block-gallery has-nested-images columns-default is-cropped wp-block-gallery-7 is-layout-flex\">\n<figure class=\"wp-block-image size-large\"><img loading=\"lazy\" decoding=\"async\" class=\"wp-image-15399 lazyloaded\" src=\"https:\/\/turkiyetaekwondofed.gov.tr\/wp-content\/uploads\/2024\/11\/M1-914x1024.jpg\" alt=\"\" width=\"914\" height=\"1024\" data-id=\"15399\" data-ll-status=\"loaded\" \/><\/figure>\n<figure class=\"wp-block-image size-large\"><img loading=\"lazy\" decoding=\"async\" class=\"wp-image-15400 lazyloaded\" src=\"https:\/\/turkiyetaekwondofed.gov.tr\/wp-content\/uploads\/2024\/11\/M2-948x1024.jpg\" alt=\"\" width=\"948\" height=\"1024\" data-id=\"15400\" data-ll-status=\"loaded\" \/><\/figure>\n<\/figure>\n<figure class=\"wp-block-gallery has-nested-images columns-default is-cropped wp-block-gallery-9 is-layout-flex\">\n<figure class=\"wp-block-image size-large\"><img loading=\"lazy\" decoding=\"async\" class=\"wp-image-15395 lazyloaded\" src=\"https:\/\/turkiyetaekwondofed.gov.tr\/wp-content\/uploads\/2024\/11\/1-3-1024x1024.jpg\" sizes=\"auto, (min-width: 0px) and (max-width: 480px) 480px, (min-width: 481px) and (max-width: 980px) 980px, (min-width: 981px) 1024px, 100vw\" srcset=\"https:\/\/turkiyetaekwondofed.gov.tr\/wp-content\/uploads\/2024\/11\/1-3-1024x1024.jpg 1024w, https:\/\/turkiyetaekwondofed.gov.tr\/wp-content\/uploads\/2024\/11\/1-3-980x980.jpg 980w, https:\/\/turkiyetaekwondofed.gov.tr\/wp-content\/uploads\/2024\/11\/1-3-480x480.jpg 480w\" alt=\"\" width=\"1024\" height=\"1024\" data-id=\"15395\" data-ll-status=\"loaded\" \/><\/figure>\n<figure class=\"wp-block-image size-large\"><img loading=\"lazy\" decoding=\"async\" class=\"wp-image-15394 lazyloaded\" src=\"https:\/\/turkiyetaekwondofed.gov.tr\/wp-content\/uploads\/2024\/11\/2-4-1024x1024.jpg\" sizes=\"auto, (min-width: 0px) and (max-width: 480px) 480px, (min-width: 481px) and (max-width: 980px) 980px, (min-width: 981px) 1024px, 100vw\" srcset=\"https:\/\/turkiyetaekwondofed.gov.tr\/wp-content\/uploads\/2024\/11\/2-4-1024x1024.jpg 1024w, https:\/\/turkiyetaekwondofed.gov.tr\/wp-content\/uploads\/2024\/11\/2-4-980x980.jpg 980w, https:\/\/turkiyetaekwondofed.gov.tr\/wp-content\/uploads\/2024\/11\/2-4-480x480.jpg 480w\" alt=\"\" width=\"1024\" height=\"1024\" data-id=\"15394\" data-ll-status=\"loaded\" \/><\/figure>\n<figure class=\"wp-block-image size-large\"><img loading=\"lazy\" decoding=\"async\" class=\"wp-image-15393 lazyloaded\" src=\"https:\/\/turkiyetaekwondofed.gov.tr\/wp-content\/uploads\/2024\/11\/3-4-1024x1024.jpg\" sizes=\"auto, (min-width: 0px) and (max-width: 480px) 480px, (min-width: 481px) and (max-width: 980px) 980px, (min-width: 981px) 1024px, 100vw\" srcset=\"https:\/\/turkiyetaekwondofed.gov.tr\/wp-content\/uploads\/2024\/11\/3-4-1024x1024.jpg 1024w, https:\/\/turkiyetaekwondofed.gov.tr\/wp-content\/uploads\/2024\/11\/3-4-980x980.jpg 980w, https:\/\/turkiyetaekwondofed.gov.tr\/wp-content\/uploads\/2024\/11\/3-4-480x480.jpg 480w\" alt=\"\" width=\"1024\" height=\"1024\" data-id=\"15393\" data-ll-status=\"loaded\" \/><\/figure>\n<\/figure>\n<p><strong>1.G\u00dcN \u2013 \u0130LK G\u00dcN 3 ALTIN \u2013 1 BRONZ<\/strong>\u00a0<strong>B\u0130RDEN<\/strong><\/p>\n<p>Avrupa Y\u0131ld\u0131zlar Taekwondo \u015eampiyonas\u0131\u2019n\u0131n ilk g\u00fcn\u00fcnde milli sporcular\u0131m\u0131z 3\u2019\u00fc alt\u0131n 4 madalya kazand\u0131.<\/p>\n<p>Avrupa Taekwondo Birli\u011fi (ETU) taraf\u0131ndan Arnavutluk\u2019un ba\u015fkenti Tiran\u2019da d\u00fczenlenen \u015fampiyonan\u0131n ilk g\u00fcn\u00fcnde 6 s\u0131klette m\u00fcsabakalar yap\u0131l\u0131rken T\u00fcrk taekwondocular 3 alt\u0131n ve 1 bronz madalya kazand\u0131.<\/p>\n<p>Erkeklerde yap\u0131lan 3 s\u0131klette de \u015fampiyonlu\u011fa ula\u015fan T\u00fcrkiye\u2019de 53 kiloda Umutcan Bayram, 57 kiloda \u00d6mer Ya\u011f\u0131z Bar\u0131\u015f ve 61 kiloda Yi\u011fit Marakl\u0131 alt\u0131n madalya kazanan isimler oldu. K\u0131zlar 47 kiloda Fatma Zehra Akyaz\u0131c\u0131 ise bronz madalyan\u0131n sahibi oldu.<\/p>\n<p>T\u00fcrkiye Taekwondo Federasyonu Ba\u015fkan\u0131 Bahri Tanr\u0131kulu, \u015fampiyonaya \u00e7ok iyi bir ba\u015flang\u0131\u00e7 yapt\u0131klar\u0131n\u0131 belirterek, \u201cBa\u015fkanl\u0131\u011f\u0131mdaki yeni y\u00f6netimin ilk Avrupa \u015fampiyonas\u0131 madalyalar\u0131n\u0131 kazand\u0131k. \u0130lk g\u00fcnden 3 alt\u0131n madalya hepimizi \u00e7ok mutlu etti. \u2018T\u00fcrk taekwondo ekol\u00fcn\u00fc\u2019 olu\u015fturma yolunda yorulmak bilmeden \u00e7al\u0131\u015faca\u011f\u0131z. Al\u0131nan sonu\u00e7lardan dolay\u0131 sporcular\u0131m\u0131z\u0131, teknik ekibimizi, sporcular\u0131m\u0131z\u0131n antren\u00f6rlerini, kul\u00fcplerini ve ailelerini kutluyorum\u201d ifadelerini kulland\u0131.<\/p>\n<figure class=\"wp-block-gallery has-nested-images columns-default is-cropped wp-block-gallery-11 is-layout-flex\">\n<figure class=\"wp-block-image size-large\"><img loading=\"lazy\" decoding=\"async\" class=\"wp-image-15385 lazyloaded\" src=\"https:\/\/turkiyetaekwondofed.gov.tr\/wp-content\/uploads\/2024\/11\/TOPLU-1024x768.jpg\" sizes=\"auto, (min-width: 0px) and (max-width: 480px) 480px, (min-width: 481px) and (max-width: 980px) 980px, (min-width: 981px) 1024px, 100vw\" srcset=\"https:\/\/turkiyetaekwondofed.gov.tr\/wp-content\/uploads\/2024\/11\/TOPLU-980x735.jpg 980w, https:\/\/turkiyetaekwondofed.gov.tr\/wp-content\/uploads\/2024\/11\/TOPLU-480x360.jpg 480w\" alt=\"\" width=\"1024\" height=\"768\" data-id=\"15385\" data-ll-status=\"loaded\" \/><\/figure>\n<\/figure>\n<figure class=\"wp-block-gallery has-nested-images columns-default is-cropped wp-block-gallery-13 is-layout-flex\">\n<figure class=\"wp-block-image size-large\"><img loading=\"lazy\" decoding=\"async\" class=\"wp-image-15384 lazyloaded\" src=\"https:\/\/turkiyetaekwondofed.gov.tr\/wp-content\/uploads\/2024\/11\/10-768x1024.jpg\" alt=\"\" width=\"768\" height=\"1024\" data-id=\"15384\" data-ll-status=\"loaded\" \/><\/figure>\n<figure class=\"wp-block-image size-large\"><img loading=\"lazy\" decoding=\"async\" class=\"wp-image-15383 lazyloaded\" src=\"https:\/\/turkiyetaekwondofed.gov.tr\/wp-content\/uploads\/2024\/11\/11-768x1024.jpg\" alt=\"\" width=\"768\" height=\"1024\" data-id=\"15383\" data-ll-status=\"loaded\" \/><\/figure>\n<\/figure>\n<figure class=\"wp-block-gallery has-nested-images columns-default is-cropped wp-block-gallery-15 is-layout-flex\">\n<figure class=\"wp-block-image size-large\"><img loading=\"lazy\" decoding=\"async\" class=\"wp-image-15381 lazyloaded\" src=\"https:\/\/turkiyetaekwondofed.gov.tr\/wp-content\/uploads\/2024\/11\/7-768x1024.jpg\" alt=\"\" width=\"768\" height=\"1024\" data-id=\"15381\" data-ll-status=\"loaded\" \/><\/figure>\n<figure class=\"wp-block-image size-large\"><img loading=\"lazy\" decoding=\"async\" class=\"wp-image-15379 lazyloaded\" src=\"https:\/\/turkiyetaekwondofed.gov.tr\/wp-content\/uploads\/2024\/11\/8-768x1024.jpg\" alt=\"\" width=\"768\" height=\"1024\" data-id=\"15379\" data-ll-status=\"loaded\" \/><\/figure>\n<figure class=\"wp-block-image size-large\"><img loading=\"lazy\" decoding=\"async\" class=\"wp-image-15380 lazyloaded\" src=\"https:\/\/turkiyetaekwondofed.gov.tr\/wp-content\/uploads\/2024\/11\/9-768x1024.jpg\" alt=\"\" width=\"768\" height=\"1024\" data-id=\"15380\" data-ll-status=\"loaded\" \/><\/figure>\n<\/figure>\n<figure class=\"wp-block-gallery has-nested-images columns-default is-cropped wp-block-gallery-17 is-layout-flex\">\n<figure class=\"wp-block-image size-large\"><img loading=\"lazy\" decoding=\"async\" class=\"wp-image-15376 lazyloaded\" src=\"https:\/\/turkiyetaekwondofed.gov.tr\/wp-content\/uploads\/2024\/11\/1-2-1024x1024.jpg\" sizes=\"auto, (min-width: 0px) and (max-width: 480px) 480px, (min-width: 481px) and (max-width: 980px) 980px, (min-width: 981px) 1024px, 100vw\" srcset=\"https:\/\/turkiyetaekwondofed.gov.tr\/wp-content\/uploads\/2024\/11\/1-2-1024x1024.jpg 1024w, https:\/\/turkiyetaekwondofed.gov.tr\/wp-content\/uploads\/2024\/11\/1-2-980x980.jpg 980w, https:\/\/turkiyetaekwondofed.gov.tr\/wp-content\/uploads\/2024\/11\/1-2-480x480.jpg 480w\" alt=\"\" width=\"1024\" height=\"1024\" data-id=\"15376\" data-ll-status=\"loaded\" \/><\/figure>\n<figure class=\"wp-block-image size-large\"><img loading=\"lazy\" decoding=\"async\" class=\"wp-image-15377 lazyloaded\" src=\"https:\/\/turkiyetaekwondofed.gov.tr\/wp-content\/uploads\/2024\/11\/2-3-1024x1024.jpg\" sizes=\"auto, (min-width: 0px) and (max-width: 480px) 480px, (min-width: 481px) and (max-width: 980px) 980px, (min-width: 981px) 1024px, 100vw\" srcset=\"https:\/\/turkiyetaekwondofed.gov.tr\/wp-content\/uploads\/2024\/11\/2-3-1024x1024.jpg 1024w, https:\/\/turkiyetaekwondofed.gov.tr\/wp-content\/uploads\/2024\/11\/2-3-980x980.jpg 980w, https:\/\/turkiyetaekwondofed.gov.tr\/wp-content\/uploads\/2024\/11\/2-3-480x480.jpg 480w\" alt=\"\" width=\"1024\" height=\"1024\" data-id=\"15377\" data-ll-status=\"loaded\" \/><\/figure>\n<\/figure>\n<figure class=\"wp-block-gallery has-nested-images columns-default is-cropped wp-block-gallery-19 is-layout-flex\">\n<figure class=\"wp-block-image size-large\"><img loading=\"lazy\" decoding=\"async\" class=\"wp-image-15375 lazyloaded\" src=\"https:\/\/turkiyetaekwondofed.gov.tr\/wp-content\/uploads\/2024\/11\/3-3-1024x1024.jpg\" sizes=\"auto, (min-width: 0px) and (max-width: 480px) 480px, (min-width: 481px) and (max-width: 980px) 980px, (min-width: 981px) 1024px, 100vw\" srcset=\"https:\/\/turkiyetaekwondofed.gov.tr\/wp-content\/uploads\/2024\/11\/3-3-1024x1024.jpg 1024w, https:\/\/turkiyetaekwondofed.gov.tr\/wp-content\/uploads\/2024\/11\/3-3-980x980.jpg 980w, https:\/\/turkiyetaekwondofed.gov.tr\/wp-content\/uploads\/2024\/11\/3-3-480x480.jpg 480w\" alt=\"\" width=\"1024\" height=\"1024\" data-id=\"15375\" data-ll-status=\"loaded\" \/><\/figure>\n<figure class=\"wp-block-image size-large\"><img loading=\"lazy\" decoding=\"async\" class=\"wp-image-15374 lazyloaded\" src=\"https:\/\/turkiyetaekwondofed.gov.tr\/wp-content\/uploads\/2024\/11\/4-3-1024x1024.jpg\" sizes=\"auto, (min-width: 0px) and (max-width: 480px) 480px, (min-width: 481px) and (max-width: 980px) 980px, (min-width: 981px) 1024px, 100vw\" srcset=\"https:\/\/turkiyetaekwondofed.gov.tr\/wp-content\/uploads\/2024\/11\/4-3-1024x1024.jpg 1024w, https:\/\/turkiyetaekwondofed.gov.tr\/wp-content\/uploads\/2024\/11\/4-3-980x980.jpg 980w, https:\/\/turkiyetaekwondofed.gov.tr\/wp-content\/uploads\/2024\/11\/4-3-480x480.jpg 480w\" alt=\"\" width=\"1024\" height=\"1024\" data-id=\"15374\" data-ll-status=\"loaded\" \/><\/figure>\n<\/figure>\n<p><strong>BAKAN YARDIMCIMIZ KO\u00c7O\u011eLU\u2019NDAN M\u0130LL\u0130 TAKIMIMIZA Z\u0130YARET<\/strong><br \/>Gen\u00e7lik ve Spor Bakan Yard\u0131mc\u0131m\u0131z Say\u0131n Av. Do\u00e7. Dr. Safa Ko\u00e7o\u011flu, Avrupa Y\u0131ld\u0131zlar Taekwondo \u015eampiyonas\u0131\u2019nda \u00fclkemizi temsil eden milli tak\u0131m\u0131m\u0131z\u0131 ziyaret etti.<\/p>\n<p>Arnavutluk\u2019un ba\u015fkenti Tiran\u2019da d\u00fczenlenen Avrupa Y\u0131ld\u0131zlar Taekwondo \u015eampiyonas\u0131\u2019n\u0131n ilk g\u00fcn\u00fcnde milli tak\u0131m\u0131m\u0131z\u0131 yaln\u0131z b\u0131rakmayan Bakan Yard\u0131mc\u0131m\u0131z Ko\u00e7o\u011flu, sporcular\u0131m\u0131z ve teknik ekibimizle yak\u0131ndan ilgilenerek ba\u015far\u0131lar diledi. Sporcular\u0131m\u0131zla tek tek ilgilenen Say\u0131n Ko\u00e7o\u011flu, gen\u00e7 taekwondocular\u0131m\u0131z\u0131n m\u00fcsabakalar\u0131n\u0131 da yerinde takip ederek destek verdi.<\/p>\n<p>\u015eampiyonan\u0131n a\u00e7\u0131l\u0131\u015f seremonisi de izleyen Bakan Yard\u0131mc\u0131m\u0131z Ko\u00e7o\u011flu, Federasyon Ba\u015fkan\u0131m\u0131z Bahri Tanr\u0131kulu ile de bir araya gelerek taekwondo sporu ve gelece\u011fi hakk\u0131nda bilgi ald\u0131.<\/p>\n<p>Ba\u015fkan\u0131m\u0131z Bahri Tanr\u0131kulu, ziyareti dolay\u0131s\u0131yla Say\u0131n Ko\u00e7o\u011flu ve beraberindekilere te\u015fekk\u00fcr ederken, yap\u0131lan ziyaret y\u00f6netim kurulumuz, teknik ekibimiz ve sporcular\u0131m\u0131z i\u00e7in de \u00f6nemli bir motivasyon kayna\u011f\u0131 oldu.<\/p>\n<figure class=\"wp-block-gallery has-nested-images columns-default is-cropped wp-block-gallery-21 is-layout-flex\">\n<figure class=\"wp-block-image size-large\"><img loading=\"lazy\" decoding=\"async\" class=\"wp-image-15362 lazyloaded\" src=\"https:\/\/turkiyetaekwondofed.gov.tr\/wp-content\/uploads\/2024\/11\/K1-1024x768.jpg\" sizes=\"auto, (min-width: 0px) and (max-width: 480px) 480px, (min-width: 481px) and (max-width: 980px) 980px, (min-width: 981px) 1024px, 100vw\" srcset=\"https:\/\/turkiyetaekwondofed.gov.tr\/wp-content\/uploads\/2024\/11\/K1-980x735.jpg 980w, https:\/\/turkiyetaekwondofed.gov.tr\/wp-content\/uploads\/2024\/11\/K1-480x360.jpg 480w\" alt=\"\" width=\"1024\" height=\"768\" data-id=\"15362\" data-ll-status=\"loaded\" \/><\/figure>\n<\/figure>\n<figure class=\"wp-block-gallery has-nested-images columns-default is-cropped wp-block-gallery-23 is-layout-flex\">\n<figure class=\"wp-block-image size-large\"><img loading=\"lazy\" decoding=\"async\" class=\"wp-image-15359 lazyloaded\" src=\"https:\/\/turkiyetaekwondofed.gov.tr\/wp-content\/uploads\/2024\/11\/K2-1024x768.jpg\" sizes=\"auto, (min-width: 0px) and (max-width: 480px) 480px, (min-width: 481px) and (max-width: 980px) 980px, (min-width: 981px) 1024px, 100vw\" srcset=\"https:\/\/turkiyetaekwondofed.gov.tr\/wp-content\/uploads\/2024\/11\/K2-980x735.jpg 980w, https:\/\/turkiyetaekwondofed.gov.tr\/wp-content\/uploads\/2024\/11\/K2-480x360.jpg 480w\" alt=\"\" width=\"1024\" height=\"768\" data-id=\"15359\" data-ll-status=\"loaded\" \/><\/figure>\n<figure class=\"wp-block-image size-large\"><img loading=\"lazy\" decoding=\"async\" class=\"wp-image-15360 lazyloaded\" src=\"https:\/\/turkiyetaekwondofed.gov.tr\/wp-content\/uploads\/2024\/11\/K3-1024x768.jpg\" sizes=\"auto, (min-width: 0px) and (max-width: 480px) 480px, (min-width: 481px) and (max-width: 980px) 980px, (min-width: 981px) 1024px, 100vw\" srcset=\"https:\/\/turkiyetaekwondofed.gov.tr\/wp-content\/uploads\/2024\/11\/K3-980x735.jpg 980w, https:\/\/turkiyetaekwondofed.gov.tr\/wp-content\/uploads\/2024\/11\/K3-480x360.jpg 480w\" alt=\"\" width=\"1024\" height=\"768\" data-id=\"15360\" data-ll-status=\"loaded\" \/><\/figure>\n<figure class=\"wp-block-image size-large\"><img loading=\"lazy\" decoding=\"async\" class=\"wp-image-15361 lazyloaded\" src=\"https:\/\/turkiyetaekwondofed.gov.tr\/wp-content\/uploads\/2024\/11\/K4-1024x768.jpg\" sizes=\"auto, (min-width: 0px) and (max-width: 480px) 480px, (min-width: 481px) and (max-width: 980px) 980px, (min-width: 981px) 1024px, 100vw\" srcset=\"https:\/\/turkiyetaekwondofed.gov.tr\/wp-content\/uploads\/2024\/11\/K4-980x735.jpg 980w, https:\/\/turkiyetaekwondofed.gov.tr\/wp-content\/uploads\/2024\/11\/K4-480x360.jpg 480w\" alt=\"\" width=\"1024\" height=\"768\" data-id=\"15361\" data-ll-status=\"loaded\" \/><\/figure>\n<\/figure>\n<p><strong>M\u0130LL\u0130 TAKIM KADROMUZ<\/strong><\/p>\n<p>T\u00fcrkiye Taekwondo Federasyonu Ba\u015fkan\u0131 Bahri Tanr\u0131kulu, \u015fampiyona \u00f6ncesi yapt\u0131\u011f\u0131 a\u00e7\u0131klamada en iyi sonu\u00e7larla \u00fclkeye d\u00f6nmek istediklerini belirterek, \u201cG\u00f6reve ba\u015flamam\u0131z\u0131n ard\u0131ndan ilk Avrupa \u015fampiyonas\u0131 heyecan\u0131m\u0131z\u0131 ya\u015f\u0131yoruz. Sporcular\u0131m\u0131z ve teknik ekibimiz iyi bir haz\u0131rl\u0131k d\u00f6nemi ge\u00e7irdi. Gelece\u011fin y\u0131ld\u0131z adaylar\u0131n\u0131 izleyece\u011fimiz \u015fampiyonada \u00fclkemizi en iyi \u015fekilde temsil edece\u011fimize inan\u0131yorum\u201d dedi.<\/p>\n<figure class=\"wp-block-gallery has-nested-images columns-default is-cropped wp-block-gallery-25 is-layout-flex\">\n<figure class=\"wp-block-image size-large\"><img loading=\"lazy\" decoding=\"async\" class=\"wp-image-15279 lazyloaded\" src=\"https:\/\/turkiyetaekwondofed.gov.tr\/wp-content\/uploads\/2024\/11\/2-2-1024x683.jpg\" sizes=\"auto, (min-width: 0px) and (max-width: 480px) 480px, (min-width: 481px) and (max-width: 980px) 980px, (min-width: 981px) 1024px, 100vw\" srcset=\"https:\/\/turkiyetaekwondofed.gov.tr\/wp-content\/uploads\/2024\/11\/2-2-980x653.jpg 980w, https:\/\/turkiyetaekwondofed.gov.tr\/wp-content\/uploads\/2024\/11\/2-2-480x320.jpg 480w\" alt=\"\" width=\"1024\" height=\"683\" data-id=\"15279\" data-ll-status=\"loaded\" \/><\/figure>\n<figure class=\"wp-block-image size-large\"><img loading=\"lazy\" decoding=\"async\" class=\"wp-image-15277 lazyloaded\" src=\"https:\/\/turkiyetaekwondofed.gov.tr\/wp-content\/uploads\/2024\/11\/3-2-1024x683.jpg\" sizes=\"auto, (min-width: 0px) and (max-width: 480px) 480px, (min-width: 481px) and (max-width: 980px) 980px, (min-width: 981px) 1024px, 100vw\" srcset=\"https:\/\/turkiyetaekwondofed.gov.tr\/wp-content\/uploads\/2024\/11\/3-2-980x653.jpg 980w, https:\/\/turkiyetaekwondofed.gov.tr\/wp-content\/uploads\/2024\/11\/3-2-480x320.jpg 480w\" alt=\"\" width=\"1024\" height=\"683\" data-id=\"15277\" data-ll-status=\"loaded\" \/><\/figure>\n<figure class=\"wp-block-image size-large\"><img loading=\"lazy\" decoding=\"async\" class=\"wp-image-15278 lazyloaded\" src=\"https:\/\/turkiyetaekwondofed.gov.tr\/wp-content\/uploads\/2024\/11\/4-2-1024x683.jpg\" sizes=\"auto, (min-width: 0px) and (max-width: 480px) 480px, (min-width: 481px) and (max-width: 980px) 980px, (min-width: 981px) 1024px, 100vw\" srcset=\"https:\/\/turkiyetaekwondofed.gov.tr\/wp-content\/uploads\/2024\/11\/4-2-980x653.jpg 980w, https:\/\/turkiyetaekwondofed.gov.tr\/wp-content\/uploads\/2024\/11\/4-2-480x320.jpg 480w\" alt=\"\" width=\"1024\" height=\"683\" data-id=\"15278\" data-ll-status=\"loaded\" \/><\/figure>\n<\/figure>\n<p>\u015eampiyonada \u00fclkemizi temsil edecek sporcular\u0131m\u0131z \u015fu \u015fekilde:<\/p>\n<p>\u201cErkekler: Yi\u011fit Efe Erdo\u011fan (33kg), Ahmet Eren Aksoy (33kg), Osman Nuri Esad Ersan (37kg), Utku Kap (37kg), Yunus Emre \u00d6zden (37kg), Muhammet Yi\u011fit Kasapo\u011flu (41kg), Mustafa \u00c7elik (41kg), Yunus Ali K\u00f6rpe (45kg), Naci \u00d6zbabacan (45kg), Umut Erdem Karata\u015f (49kg), Kemal Eren Baran (49kg), Samed \u00d6zdemir (49kg), Umutcan Bayram (53kg), Bilal Dursun Okumu\u015f (53kg), Bora \u00d6zdemir (57kg), \u00d6mer Ya\u011f\u0131z Bar\u0131\u015f (57kg), Yi\u011fit Marakl\u0131 (61kg), \u00c7\u0131nar Avc\u0131 (61kg), Tunahan \u00d6zer (61kg), Ercan Berk \u0130mamo\u011flu (65kg), Ozan Karata\u015f (65kg), Utku Atalay (65kg), Yakup Bay\u0131nd\u0131r (+65kg), Hamza Erper (+65kg), Tugay Yolal (+65kg)<\/p>\n<p>K\u0131zlar: Ecrin Aydo\u011fdu (29kg), Elif Mutlu (29kg), Belinay \u015eakac\u0131 (33kg), Beril Ye\u015fil (33kg), \u0130rem \u0130\u015fel (37kg), \u0130pek Azra Kaya (37kg), \u0130rem \u00d6r\u00fcl (41kg), Gizem Kolcu (44kg), Ay\u015fe Sena Diler (44kg), Fatma Zehra Akyaz\u0131c\u0131 (47kg), Havva \u0130lknur Yal\u00e7\u0131n (47kg), Ecrin Nisa Uslu (51kg), Beyza Nur Akta\u015f (51kg), Zeynep \u00c7ak\u0131r (55kg), Elif Rana Y\u0131lmaz (55kg), Azra Sena G\u00fczel (59kg), Berfin Avc\u0131 (59kg), G\u00fcl Nihal \u015eahin (+59kg), Ecrin Dilber (+59kg), Ebrar Acar (+59kg)\u201d<\/p>\n<figure class=\"wp-block-gallery has-nested-images columns-default is-cropped wp-block-gallery-27 is-layout-flex\">\n<figure class=\"wp-block-image size-large\"><img loading=\"lazy\" decoding=\"async\" class=\"wp-image-15290 lazyloaded\" src=\"https:\/\/turkiyetaekwondofed.gov.tr\/wp-content\/uploads\/2024\/11\/AHMET-EREN-AKSOY-33-kg-1-1024x1024.jpg\" sizes=\"auto, (min-width: 0px) and (max-width: 480px) 480px, (min-width: 481px) and (max-width: 980px) 980px, (min-width: 981px) 1024px, 100vw\" srcset=\"https:\/\/turkiyetaekwondofed.gov.tr\/wp-content\/uploads\/2024\/11\/AHMET-EREN-AKSOY-33-kg-1-1024x1024.jpg 1024w, https:\/\/turkiyetaekwondofed.gov.tr\/wp-content\/uploads\/2024\/11\/AHMET-EREN-AKSOY-33-kg-1-980x980.jpg 980w, https:\/\/turkiyetaekwondofed.gov.tr\/wp-content\/uploads\/2024\/11\/AHMET-EREN-AKSOY-33-kg-1-480x480.jpg 480w\" alt=\"\" width=\"1024\" height=\"1024\" data-id=\"15290\" data-ll-status=\"loaded\" \/><\/figure>\n<figure class=\"wp-block-image size-large\"><img loading=\"lazy\" decoding=\"async\" class=\"wp-image-15288 lazyloaded\" src=\"https:\/\/turkiyetaekwondofed.gov.tr\/wp-content\/uploads\/2024\/11\/AYSE-SENA-DILER-44-kg-1-1024x1024.jpg\" sizes=\"auto, (min-width: 0px) and (max-width: 480px) 480px, (min-width: 481px) and (max-width: 980px) 980px, (min-width: 981px) 1024px, 100vw\" srcset=\"https:\/\/turkiyetaekwondofed.gov.tr\/wp-content\/uploads\/2024\/11\/AYSE-SENA-DILER-44-kg-1-1024x1024.jpg 1024w, https:\/\/turkiyetaekwondofed.gov.tr\/wp-content\/uploads\/2024\/11\/AYSE-SENA-DILER-44-kg-1-980x980.jpg 980w, https:\/\/turkiyetaekwondofed.gov.tr\/wp-content\/uploads\/2024\/11\/AYSE-SENA-DILER-44-kg-1-480x480.jpg 480w\" alt=\"\" width=\"1024\" height=\"1024\" data-id=\"15288\" data-ll-status=\"loaded\" \/><\/figure>\n<figure class=\"wp-block-image size-large\"><img loading=\"lazy\" decoding=\"async\" class=\"wp-image-15287 lazyloaded\" src=\"https:\/\/turkiyetaekwondofed.gov.tr\/wp-content\/uploads\/2024\/11\/AZRA-SENA-GUZEL-59-kg-1-1024x1024.jpg\" sizes=\"auto, (min-width: 0px) and (max-width: 480px) 480px, (min-width: 481px) and (max-width: 980px) 980px, (min-width: 981px) 1024px, 100vw\" srcset=\"https:\/\/turkiyetaekwondofed.gov.tr\/wp-content\/uploads\/2024\/11\/AZRA-SENA-GUZEL-59-kg-1-1024x1024.jpg 1024w, https:\/\/turkiyetaekwondofed.gov.tr\/wp-content\/uploads\/2024\/11\/AZRA-SENA-GUZEL-59-kg-1-980x980.jpg 980w, https:\/\/turkiyetaekwondofed.gov.tr\/wp-content\/uploads\/2024\/11\/AZRA-SENA-GUZEL-59-kg-1-480x480.jpg 480w\" alt=\"\" width=\"1024\" height=\"1024\" data-id=\"15287\" data-ll-status=\"loaded\" \/><\/figure>\n<figure class=\"wp-block-image size-large\"><img loading=\"lazy\" decoding=\"async\" class=\"wp-image-15292 lazyloaded\" src=\"https:\/\/turkiyetaekwondofed.gov.tr\/wp-content\/uploads\/2024\/11\/BELINAY-SAKACI-33-KG-1-1024x1024.jpg\" sizes=\"auto, (min-width: 0px) and (max-width: 480px) 480px, (min-width: 481px) and (max-width: 980px) 980px, (min-width: 981px) 1024px, 100vw\" srcset=\"https:\/\/turkiyetaekwondofed.gov.tr\/wp-content\/uploads\/2024\/11\/BELINAY-SAKACI-33-KG-1-1024x1024.jpg 1024w, https:\/\/turkiyetaekwondofed.gov.tr\/wp-content\/uploads\/2024\/11\/BELINAY-SAKACI-33-KG-1-980x980.jpg 980w, https:\/\/turkiyetaekwondofed.gov.tr\/wp-content\/uploads\/2024\/11\/BELINAY-SAKACI-33-KG-1-480x480.jpg 480w\" alt=\"\" width=\"1024\" height=\"1024\" data-id=\"15292\" data-ll-status=\"loaded\" \/><\/figure>\n<figure class=\"wp-block-image size-large\"><img loading=\"lazy\" decoding=\"async\" class=\"wp-image-15289 lazyloaded\" src=\"https:\/\/turkiyetaekwondofed.gov.tr\/wp-content\/uploads\/2024\/11\/BERFIN-AVCI-59-kg-1-1024x1024.jpg\" sizes=\"auto, (min-width: 0px) and (max-width: 480px) 480px, (min-width: 481px) and (max-width: 980px) 980px, (min-width: 981px) 1024px, 100vw\" srcset=\"https:\/\/turkiyetaekwondofed.gov.tr\/wp-content\/uploads\/2024\/11\/BERFIN-AVCI-59-kg-1-1024x1024.jpg 1024w, https:\/\/turkiyetaekwondofed.gov.tr\/wp-content\/uploads\/2024\/11\/BERFIN-AVCI-59-kg-1-980x980.jpg 980w, https:\/\/turkiyetaekwondofed.gov.tr\/wp-content\/uploads\/2024\/11\/BERFIN-AVCI-59-kg-1-480x480.jpg 480w\" alt=\"\" width=\"1024\" height=\"1024\" data-id=\"15289\" data-ll-status=\"loaded\" \/><\/figure>\n<figure class=\"wp-block-image size-large\"><img loading=\"lazy\" decoding=\"async\" class=\"wp-image-15299 lazyloaded\" src=\"https:\/\/turkiyetaekwondofed.gov.tr\/wp-content\/uploads\/2024\/11\/BERIL-YESIL-33-kg-1-1024x1024.jpg\" sizes=\"auto, (min-width: 0px) and (max-width: 480px) 480px, (min-width: 481px) and (max-width: 980px) 980px, (min-width: 981px) 1024px, 100vw\" srcset=\"https:\/\/turkiyetaekwondofed.gov.tr\/wp-content\/uploads\/2024\/11\/BERIL-YESIL-33-kg-1-1024x1024.jpg 1024w, https:\/\/turkiyetaekwondofed.gov.tr\/wp-content\/uploads\/2024\/11\/BERIL-YESIL-33-kg-1-980x980.jpg 980w, https:\/\/turkiyetaekwondofed.gov.tr\/wp-content\/uploads\/2024\/11\/BERIL-YESIL-33-kg-1-480x480.jpg 480w\" alt=\"\" width=\"1024\" height=\"1024\" data-id=\"15299\" data-ll-status=\"loaded\" \/><\/figure>\n<figure class=\"wp-block-image size-large\"><img loading=\"lazy\" decoding=\"async\" class=\"wp-image-15283 lazyloaded\" src=\"https:\/\/turkiyetaekwondofed.gov.tr\/wp-content\/uploads\/2024\/11\/BEYZANUR-AKTAS-51-kg-1-1024x1024.jpg\" sizes=\"auto, (min-width: 0px) and (max-width: 480px) 480px, (min-width: 481px) and (max-width: 980px) 980px, (min-width: 981px) 1024px, 100vw\" srcset=\"https:\/\/turkiyetaekwondofed.gov.tr\/wp-content\/uploads\/2024\/11\/BEYZANUR-AKTAS-51-kg-1-1024x1024.jpg 1024w, https:\/\/turkiyetaekwondofed.gov.tr\/wp-content\/uploads\/2024\/11\/BEYZANUR-AKTAS-51-kg-1-980x980.jpg 980w, https:\/\/turkiyetaekwondofed.gov.tr\/wp-content\/uploads\/2024\/11\/BEYZANUR-AKTAS-51-kg-1-480x480.jpg 480w\" alt=\"\" width=\"1024\" height=\"1024\" data-id=\"15283\" data-ll-status=\"loaded\" \/><\/figure>\n<figure class=\"wp-block-image size-large\"><img loading=\"lazy\" decoding=\"async\" class=\"wp-image-15316 lazyloaded\" src=\"https:\/\/turkiyetaekwondofed.gov.tr\/wp-content\/uploads\/2024\/11\/BILAL-DURSUN-OKUMUS-53-kg-1-1024x1024.jpg\" sizes=\"auto, (min-width: 0px) and (max-width: 480px) 480px, (min-width: 481px) and (max-width: 980px) 980px, (min-width: 981px) 1024px, 100vw\" srcset=\"https:\/\/turkiyetaekwondofed.gov.tr\/wp-content\/uploads\/2024\/11\/BILAL-DURSUN-OKUMUS-53-kg-1-1024x1024.jpg 1024w, https:\/\/turkiyetaekwondofed.gov.tr\/wp-content\/uploads\/2024\/11\/BILAL-DURSUN-OKUMUS-53-kg-1-980x980.jpg 980w, https:\/\/turkiyetaekwondofed.gov.tr\/wp-content\/uploads\/2024\/11\/BILAL-DURSUN-OKUMUS-53-kg-1-480x480.jpg 480w\" alt=\"\" width=\"1024\" height=\"1024\" data-id=\"15316\" data-ll-status=\"loaded\" \/><\/figure>\n<figure class=\"wp-block-image size-large\"><img loading=\"lazy\" decoding=\"async\" class=\"wp-image-15293 lazyloaded\" src=\"https:\/\/turkiyetaekwondofed.gov.tr\/wp-content\/uploads\/2024\/11\/BORA-OZDEMIR-57-kg-1-1024x1024.jpg\" sizes=\"auto, (min-width: 0px) and (max-width: 480px) 480px, (min-width: 481px) and (max-width: 980px) 980px, (min-width: 981px) 1024px, 100vw\" srcset=\"https:\/\/turkiyetaekwondofed.gov.tr\/wp-content\/uploads\/2024\/11\/BORA-OZDEMIR-57-kg-1-1024x1024.jpg 1024w, https:\/\/turkiyetaekwondofed.gov.tr\/wp-content\/uploads\/2024\/11\/BORA-OZDEMIR-57-kg-1-980x980.jpg 980w, https:\/\/turkiyetaekwondofed.gov.tr\/wp-content\/uploads\/2024\/11\/BORA-OZDEMIR-57-kg-1-480x480.jpg 480w\" alt=\"\" width=\"1024\" height=\"1024\" data-id=\"15293\" data-ll-status=\"loaded\" \/><\/figure>\n<figure class=\"wp-block-image size-large\"><img loading=\"lazy\" decoding=\"async\" class=\"wp-image-15294 lazyloaded\" src=\"https:\/\/turkiyetaekwondofed.gov.tr\/wp-content\/uploads\/2024\/11\/CINAR-AVCI-61-kg-1-1024x1024.jpg\" sizes=\"auto, (min-width: 0px) and (max-width: 480px) 480px, (min-width: 481px) and (max-width: 980px) 980px, (min-width: 981px) 1024px, 100vw\" srcset=\"https:\/\/turkiyetaekwondofed.gov.tr\/wp-content\/uploads\/2024\/11\/CINAR-AVCI-61-kg-1-1024x1024.jpg 1024w, https:\/\/turkiyetaekwondofed.gov.tr\/wp-content\/uploads\/2024\/11\/CINAR-AVCI-61-kg-1-980x980.jpg 980w, https:\/\/turkiyetaekwondofed.gov.tr\/wp-content\/uploads\/2024\/11\/CINAR-AVCI-61-kg-1-480x480.jpg 480w\" alt=\"\" width=\"1024\" height=\"1024\" data-id=\"15294\" data-ll-status=\"loaded\" \/><\/figure>\n<figure class=\"wp-block-image size-large\"><img loading=\"lazy\" decoding=\"async\" class=\"wp-image-15296 lazyloaded\" src=\"https:\/\/turkiyetaekwondofed.gov.tr\/wp-content\/uploads\/2024\/11\/EBRAR-ACAR-59-kg-1-1024x1024.jpg\" sizes=\"auto, (min-width: 0px) and (max-width: 480px) 480px, (min-width: 481px) and (max-width: 980px) 980px, (min-width: 981px) 1024px, 100vw\" srcset=\"https:\/\/turkiyetaekwondofed.gov.tr\/wp-content\/uploads\/2024\/11\/EBRAR-ACAR-59-kg-1-1024x1024.jpg 1024w, https:\/\/turkiyetaekwondofed.gov.tr\/wp-content\/uploads\/2024\/11\/EBRAR-ACAR-59-kg-1-980x980.jpg 980w, https:\/\/turkiyetaekwondofed.gov.tr\/wp-content\/uploads\/2024\/11\/EBRAR-ACAR-59-kg-1-480x480.jpg 480w\" alt=\"\" width=\"1024\" height=\"1024\" data-id=\"15296\" data-ll-status=\"loaded\" \/><\/figure>\n<figure class=\"wp-block-image size-large\"><img loading=\"lazy\" decoding=\"async\" class=\"wp-image-15321 lazyloaded\" src=\"https:\/\/turkiyetaekwondofed.gov.tr\/wp-content\/uploads\/2024\/11\/ECRIN-AYDOGDU-29-kg-1-1024x1024.jpg\" sizes=\"auto, (min-width: 0px) and (max-width: 480px) 480px, (min-width: 481px) and (max-width: 980px) 980px, (min-width: 981px) 1024px, 100vw\" srcset=\"https:\/\/turkiyetaekwondofed.gov.tr\/wp-content\/uploads\/2024\/11\/ECRIN-AYDOGDU-29-kg-1-1024x1024.jpg 1024w, https:\/\/turkiyetaekwondofed.gov.tr\/wp-content\/uploads\/2024\/11\/ECRIN-AYDOGDU-29-kg-1-980x980.jpg 980w, https:\/\/turkiyetaekwondofed.gov.tr\/wp-content\/uploads\/2024\/11\/ECRIN-AYDOGDU-29-kg-1-480x480.jpg 480w\" alt=\"\" width=\"1024\" height=\"1024\" data-id=\"15321\" data-ll-status=\"loaded\" \/><\/figure>\n<figure class=\"wp-block-image size-large\"><img loading=\"lazy\" decoding=\"async\" class=\"wp-image-15306 lazyloaded\" src=\"https:\/\/turkiyetaekwondofed.gov.tr\/wp-content\/uploads\/2024\/11\/ECRIN-DILBER-59-kg-1-1024x1024.jpg\" sizes=\"auto, (min-width: 0px) and (max-width: 480px) 480px, (min-width: 481px) and (max-width: 980px) 980px, (min-width: 981px) 1024px, 100vw\" srcset=\"https:\/\/turkiyetaekwondofed.gov.tr\/wp-content\/uploads\/2024\/11\/ECRIN-DILBER-59-kg-1-1024x1024.jpg 1024w, https:\/\/turkiyetaekwondofed.gov.tr\/wp-content\/uploads\/2024\/11\/ECRIN-DILBER-59-kg-1-980x980.jpg 980w, https:\/\/turkiyetaekwondofed.gov.tr\/wp-content\/uploads\/2024\/11\/ECRIN-DILBER-59-kg-1-480x480.jpg 480w\" alt=\"\" width=\"1024\" height=\"1024\" data-id=\"15306\" data-ll-status=\"loaded\" \/><\/figure>\n<figure class=\"wp-block-image size-large\"><img loading=\"lazy\" decoding=\"async\" class=\"wp-image-15318 lazyloaded\" src=\"https:\/\/turkiyetaekwondofed.gov.tr\/wp-content\/uploads\/2024\/11\/ECRIN-NISA-USLU-51-kg-1-1024x1024.jpg\" sizes=\"auto, (min-width: 0px) and (max-width: 480px) 480px, (min-width: 481px) and (max-width: 980px) 980px, (min-width: 981px) 1024px, 100vw\" srcset=\"https:\/\/turkiyetaekwondofed.gov.tr\/wp-content\/uploads\/2024\/11\/ECRIN-NISA-USLU-51-kg-1-1024x1024.jpg 1024w, https:\/\/turkiyetaekwondofed.gov.tr\/wp-content\/uploads\/2024\/11\/ECRIN-NISA-USLU-51-kg-1-980x980.jpg 980w, https:\/\/turkiyetaekwondofed.gov.tr\/wp-content\/uploads\/2024\/11\/ECRIN-NISA-USLU-51-kg-1-480x480.jpg 480w\" alt=\"\" width=\"1024\" height=\"1024\" data-id=\"15318\" data-ll-status=\"loaded\" \/><\/figure>\n<figure class=\"wp-block-image size-large\"><img loading=\"lazy\" decoding=\"async\" class=\"wp-image-15297 lazyloaded\" src=\"https:\/\/turkiyetaekwondofed.gov.tr\/wp-content\/uploads\/2024\/11\/ELIF-MUTLU-29-kg-1-1024x1024.jpg\" sizes=\"auto, (min-width: 0px) and (max-width: 480px) 480px, (min-width: 481px) and (max-width: 980px) 980px, (min-width: 981px) 1024px, 100vw\" srcset=\"https:\/\/turkiyetaekwondofed.gov.tr\/wp-content\/uploads\/2024\/11\/ELIF-MUTLU-29-kg-1-1024x1024.jpg 1024w, https:\/\/turkiyetaekwondofed.gov.tr\/wp-content\/uploads\/2024\/11\/ELIF-MUTLU-29-kg-1-980x980.jpg 980w, https:\/\/turkiyetaekwondofed.gov.tr\/wp-content\/uploads\/2024\/11\/ELIF-MUTLU-29-kg-1-480x480.jpg 480w\" alt=\"\" width=\"1024\" height=\"1024\" data-id=\"15297\" data-ll-status=\"loaded\" \/><\/figure>\n<figure class=\"wp-block-image size-large\"><img loading=\"lazy\" decoding=\"async\" class=\"wp-image-15313 lazyloaded\" src=\"https:\/\/turkiyetaekwondofed.gov.tr\/wp-content\/uploads\/2024\/11\/ELIF-RANA-YILMAZ-55-kg-1-1024x1024.jpg\" sizes=\"auto, (min-width: 0px) and (max-width: 480px) 480px, (min-width: 481px) and (max-width: 980px) 980px, (min-width: 981px) 1024px, 100vw\" srcset=\"https:\/\/turkiyetaekwondofed.gov.tr\/wp-content\/uploads\/2024\/11\/ELIF-RANA-YILMAZ-55-kg-1-1024x1024.jpg 1024w, https:\/\/turkiyetaekwondofed.gov.tr\/wp-content\/uploads\/2024\/11\/ELIF-RANA-YILMAZ-55-kg-1-980x980.jpg 980w, https:\/\/turkiyetaekwondofed.gov.tr\/wp-content\/uploads\/2024\/11\/ELIF-RANA-YILMAZ-55-kg-1-480x480.jpg 480w\" alt=\"\" width=\"1024\" height=\"1024\" data-id=\"15313\" data-ll-status=\"loaded\" \/><\/figure>\n<figure class=\"wp-block-image size-large\"><img loading=\"lazy\" decoding=\"async\" class=\"wp-image-15323 lazyloaded\" src=\"https:\/\/turkiyetaekwondofed.gov.tr\/wp-content\/uploads\/2024\/11\/ERCAN-BERK-IMAMOGLU-65-kg-1-1024x1024.jpg\" sizes=\"auto, (min-width: 0px) and (max-width: 480px) 480px, (min-width: 481px) and (max-width: 980px) 980px, (min-width: 981px) 1024px, 100vw\" srcset=\"https:\/\/turkiyetaekwondofed.gov.tr\/wp-content\/uploads\/2024\/11\/ERCAN-BERK-IMAMOGLU-65-kg-1-1024x1024.jpg 1024w, https:\/\/turkiyetaekwondofed.gov.tr\/wp-content\/uploads\/2024\/11\/ERCAN-BERK-IMAMOGLU-65-kg-1-980x980.jpg 980w, https:\/\/turkiyetaekwondofed.gov.tr\/wp-content\/uploads\/2024\/11\/ERCAN-BERK-IMAMOGLU-65-kg-1-480x480.jpg 480w\" alt=\"\" width=\"1024\" height=\"1024\" data-id=\"15323\" data-ll-status=\"loaded\" \/><\/figure>\n<figure class=\"wp-block-image size-large\"><img loading=\"lazy\" decoding=\"async\" class=\"wp-image-15295 lazyloaded\" src=\"https:\/\/turkiyetaekwondofed.gov.tr\/wp-content\/uploads\/2024\/11\/FATMA-ZEHRA-AKYAZICI-47-kg-1-1024x1024.jpg\" sizes=\"auto, (min-width: 0px) and (max-width: 480px) 480px, (min-width: 481px) and (max-width: 980px) 980px, (min-width: 981px) 1024px, 100vw\" srcset=\"https:\/\/turkiyetaekwondofed.gov.tr\/wp-content\/uploads\/2024\/11\/FATMA-ZEHRA-AKYAZICI-47-kg-1-1024x1024.jpg 1024w, https:\/\/turkiyetaekwondofed.gov.tr\/wp-content\/uploads\/2024\/11\/FATMA-ZEHRA-AKYAZICI-47-kg-1-980x980.jpg 980w, https:\/\/turkiyetaekwondofed.gov.tr\/wp-content\/uploads\/2024\/11\/FATMA-ZEHRA-AKYAZICI-47-kg-1-480x480.jpg 480w\" alt=\"\" width=\"1024\" height=\"1024\" data-id=\"15295\" data-ll-status=\"loaded\" \/><\/figure>\n<figure class=\"wp-block-image size-large\"><img loading=\"lazy\" decoding=\"async\" class=\"wp-image-15322 lazyloaded\" src=\"https:\/\/turkiyetaekwondofed.gov.tr\/wp-content\/uploads\/2024\/11\/GIZEM-KOLCU-44-kg-1-1024x1024.jpg\" sizes=\"auto, (min-width: 0px) and (max-width: 480px) 480px, (min-width: 481px) and (max-width: 980px) 980px, (min-width: 981px) 1024px, 100vw\" srcset=\"https:\/\/turkiyetaekwondofed.gov.tr\/wp-content\/uploads\/2024\/11\/GIZEM-KOLCU-44-kg-1-1024x1024.jpg 1024w, https:\/\/turkiyetaekwondofed.gov.tr\/wp-content\/uploads\/2024\/11\/GIZEM-KOLCU-44-kg-1-980x980.jpg 980w, https:\/\/turkiyetaekwondofed.gov.tr\/wp-content\/uploads\/2024\/11\/GIZEM-KOLCU-44-kg-1-480x480.jpg 480w\" alt=\"\" width=\"1024\" height=\"1024\" data-id=\"15322\" data-ll-status=\"loaded\" \/><\/figure>\n<figure class=\"wp-block-image size-large\"><img loading=\"lazy\" decoding=\"async\" class=\"wp-image-15291 lazyloaded\" src=\"https:\/\/turkiyetaekwondofed.gov.tr\/wp-content\/uploads\/2024\/11\/GULNIHAL-SAHIN-59-kg-1-1024x1024.jpg\" sizes=\"auto, (min-width: 0px) and (max-width: 480px) 480px, (min-width: 481px) and (max-width: 980px) 980px, (min-width: 981px) 1024px, 100vw\" srcset=\"https:\/\/turkiyetaekwondofed.gov.tr\/wp-content\/uploads\/2024\/11\/GULNIHAL-SAHIN-59-kg-1-1024x1024.jpg 1024w, https:\/\/turkiyetaekwondofed.gov.tr\/wp-content\/uploads\/2024\/11\/GULNIHAL-SAHIN-59-kg-1-980x980.jpg 980w, https:\/\/turkiyetaekwondofed.gov.tr\/wp-content\/uploads\/2024\/11\/GULNIHAL-SAHIN-59-kg-1-480x480.jpg 480w\" alt=\"\" width=\"1024\" height=\"1024\" data-id=\"15291\" data-ll-status=\"loaded\" \/><\/figure>\n<figure class=\"wp-block-image size-large\"><img loading=\"lazy\" decoding=\"async\" class=\"wp-image-15320 lazyloaded\" src=\"https:\/\/turkiyetaekwondofed.gov.tr\/wp-content\/uploads\/2024\/11\/HAMZA-ERPER-65-kg-1-1024x1024.jpg\" sizes=\"auto, (min-width: 0px) and (max-width: 480px) 480px, (min-width: 481px) and (max-width: 980px) 980px, (min-width: 981px) 1024px, 100vw\" srcset=\"https:\/\/turkiyetaekwondofed.gov.tr\/wp-content\/uploads\/2024\/11\/HAMZA-ERPER-65-kg-1-1024x1024.jpg 1024w, https:\/\/turkiyetaekwondofed.gov.tr\/wp-content\/uploads\/2024\/11\/HAMZA-ERPER-65-kg-1-980x980.jpg 980w, https:\/\/turkiyetaekwondofed.gov.tr\/wp-content\/uploads\/2024\/11\/HAMZA-ERPER-65-kg-1-480x480.jpg 480w\" alt=\"\" width=\"1024\" height=\"1024\" data-id=\"15320\" data-ll-status=\"loaded\" \/><\/figure>\n<figure class=\"wp-block-image size-large\"><img loading=\"lazy\" decoding=\"async\" class=\"wp-image-15325 lazyloaded\" src=\"https:\/\/turkiyetaekwondofed.gov.tr\/wp-content\/uploads\/2024\/11\/HAVVA-ILKNUR-YALCIN-47-kg-1-1024x1024.jpg\" sizes=\"auto, (min-width: 0px) and (max-width: 480px) 480px, (min-width: 481px) and (max-width: 980px) 980px, (min-width: 981px) 1024px, 100vw\" srcset=\"https:\/\/turkiyetaekwondofed.gov.tr\/wp-content\/uploads\/2024\/11\/HAVVA-ILKNUR-YALCIN-47-kg-1-1024x1024.jpg 1024w, https:\/\/turkiyetaekwondofed.gov.tr\/wp-content\/uploads\/2024\/11\/HAVVA-ILKNUR-YALCIN-47-kg-1-980x980.jpg 980w, https:\/\/turkiyetaekwondofed.gov.tr\/wp-content\/uploads\/2024\/11\/HAVVA-ILKNUR-YALCIN-47-kg-1-480x480.jpg 480w\" alt=\"\" width=\"1024\" height=\"1024\" data-id=\"15325\" data-ll-status=\"loaded\" \/><\/figure>\n<figure class=\"wp-block-image size-large\"><img loading=\"lazy\" decoding=\"async\" class=\"wp-image-15309 lazyloaded\" src=\"https:\/\/turkiyetaekwondofed.gov.tr\/wp-content\/uploads\/2024\/11\/IPEK-AZRA-KAYA-37-kg-1-1024x1024.jpg\" sizes=\"auto, (min-width: 0px) and (max-width: 480px) 480px, (min-width: 481px) and (max-width: 980px) 980px, (min-width: 981px) 1024px, 100vw\" srcset=\"https:\/\/turkiyetaekwondofed.gov.tr\/wp-content\/uploads\/2024\/11\/IPEK-AZRA-KAYA-37-kg-1-1024x1024.jpg 1024w, https:\/\/turkiyetaekwondofed.gov.tr\/wp-content\/uploads\/2024\/11\/IPEK-AZRA-KAYA-37-kg-1-980x980.jpg 980w, https:\/\/turkiyetaekwondofed.gov.tr\/wp-content\/uploads\/2024\/11\/IPEK-AZRA-KAYA-37-kg-1-480x480.jpg 480w\" alt=\"\" width=\"1024\" height=\"1024\" data-id=\"15309\" data-ll-status=\"loaded\" \/><\/figure>\n<figure class=\"wp-block-image size-large\"><img loading=\"lazy\" decoding=\"async\" class=\"wp-image-15311 lazyloaded\" src=\"https:\/\/turkiyetaekwondofed.gov.tr\/wp-content\/uploads\/2024\/11\/IREM-ISEL-37-kg-1-1024x1024.jpg\" sizes=\"auto, (min-width: 0px) and (max-width: 480px) 480px, (min-width: 481px) and (max-width: 980px) 980px, (min-width: 981px) 1024px, 100vw\" srcset=\"https:\/\/turkiyetaekwondofed.gov.tr\/wp-content\/uploads\/2024\/11\/IREM-ISEL-37-kg-1-1024x1024.jpg 1024w, https:\/\/turkiyetaekwondofed.gov.tr\/wp-content\/uploads\/2024\/11\/IREM-ISEL-37-kg-1-980x980.jpg 980w, https:\/\/turkiyetaekwondofed.gov.tr\/wp-content\/uploads\/2024\/11\/IREM-ISEL-37-kg-1-480x480.jpg 480w\" alt=\"\" width=\"1024\" height=\"1024\" data-id=\"15311\" data-ll-status=\"loaded\" \/><\/figure>\n<figure class=\"wp-block-image size-large\"><img loading=\"lazy\" decoding=\"async\" class=\"wp-image-15317 lazyloaded\" src=\"https:\/\/turkiyetaekwondofed.gov.tr\/wp-content\/uploads\/2024\/11\/IREM-ORUL-41-kg-1-1024x1024.jpg\" sizes=\"auto, (min-width: 0px) and (max-width: 480px) 480px, (min-width: 481px) and (max-width: 980px) 980px, (min-width: 981px) 1024px, 100vw\" srcset=\"https:\/\/turkiyetaekwondofed.gov.tr\/wp-content\/uploads\/2024\/11\/IREM-ORUL-41-kg-1-1024x1024.jpg 1024w, https:\/\/turkiyetaekwondofed.gov.tr\/wp-content\/uploads\/2024\/11\/IREM-ORUL-41-kg-1-980x980.jpg 980w, https:\/\/turkiyetaekwondofed.gov.tr\/wp-content\/uploads\/2024\/11\/IREM-ORUL-41-kg-1-480x480.jpg 480w\" alt=\"\" width=\"1024\" height=\"1024\" data-id=\"15317\" data-ll-status=\"loaded\" \/><\/figure>\n<figure class=\"wp-block-image size-large\"><img loading=\"lazy\" decoding=\"async\" class=\"wp-image-15304 lazyloaded\" src=\"https:\/\/turkiyetaekwondofed.gov.tr\/wp-content\/uploads\/2024\/11\/KEMAL-EREN-BARAN-49-kg-1-1024x1024.jpg\" sizes=\"auto, (min-width: 0px) and (max-width: 480px) 480px, (min-width: 481px) and (max-width: 980px) 980px, (min-width: 981px) 1024px, 100vw\" srcset=\"https:\/\/turkiyetaekwondofed.gov.tr\/wp-content\/uploads\/2024\/11\/KEMAL-EREN-BARAN-49-kg-1-1024x1024.jpg 1024w, https:\/\/turkiyetaekwondofed.gov.tr\/wp-content\/uploads\/2024\/11\/KEMAL-EREN-BARAN-49-kg-1-980x980.jpg 980w, https:\/\/turkiyetaekwondofed.gov.tr\/wp-content\/uploads\/2024\/11\/KEMAL-EREN-BARAN-49-kg-1-480x480.jpg 480w\" alt=\"\" width=\"1024\" height=\"1024\" data-id=\"15304\" data-ll-status=\"loaded\" \/><\/figure>\n<figure class=\"wp-block-image size-large\"><img loading=\"lazy\" decoding=\"async\" class=\"wp-image-15284 lazyloaded\" src=\"https:\/\/turkiyetaekwondofed.gov.tr\/wp-content\/uploads\/2024\/11\/MUHAMMED-YIGIT-KAPAPOGLU-41-kg-1-1024x1024.jpg\" sizes=\"auto, (min-width: 0px) and (max-width: 480px) 480px, (min-width: 481px) and (max-width: 980px) 980px, (min-width: 981px) 1024px, 100vw\" srcset=\"https:\/\/turkiyetaekwondofed.gov.tr\/wp-content\/uploads\/2024\/11\/MUHAMMED-YIGIT-KAPAPOGLU-41-kg-1-1024x1024.jpg 1024w, https:\/\/turkiyetaekwondofed.gov.tr\/wp-content\/uploads\/2024\/11\/MUHAMMED-YIGIT-KAPAPOGLU-41-kg-1-980x980.jpg 980w, https:\/\/turkiyetaekwondofed.gov.tr\/wp-content\/uploads\/2024\/11\/MUHAMMED-YIGIT-KAPAPOGLU-41-kg-1-480x480.jpg 480w\" alt=\"\" width=\"1024\" height=\"1024\" data-id=\"15284\" data-ll-status=\"loaded\" \/><\/figure>\n<figure class=\"wp-block-image size-large\"><img loading=\"lazy\" decoding=\"async\" class=\"wp-image-15327 lazyloaded\" src=\"https:\/\/turkiyetaekwondofed.gov.tr\/wp-content\/uploads\/2024\/11\/MUSTAFA-CELIK-41-kg-1-1024x1024.jpg\" sizes=\"auto, (min-width: 0px) and (max-width: 480px) 480px, (min-width: 481px) and (max-width: 980px) 980px, (min-width: 981px) 1024px, 100vw\" srcset=\"https:\/\/turkiyetaekwondofed.gov.tr\/wp-content\/uploads\/2024\/11\/MUSTAFA-CELIK-41-kg-1-1024x1024.jpg 1024w, https:\/\/turkiyetaekwondofed.gov.tr\/wp-content\/uploads\/2024\/11\/MUSTAFA-CELIK-41-kg-1-980x980.jpg 980w, https:\/\/turkiyetaekwondofed.gov.tr\/wp-content\/uploads\/2024\/11\/MUSTAFA-CELIK-41-kg-1-480x480.jpg 480w\" alt=\"\" width=\"1024\" height=\"1024\" data-id=\"15327\" data-ll-status=\"loaded\" \/><\/figure>\n<figure class=\"wp-block-image size-large\"><img loading=\"lazy\" decoding=\"async\" class=\"wp-image-15319 lazyloaded\" src=\"https:\/\/turkiyetaekwondofed.gov.tr\/wp-content\/uploads\/2024\/11\/NACI-OZBABACAN-45-kg-1-1024x1024.jpg\" sizes=\"auto, (min-width: 0px) and (max-width: 480px) 480px, (min-width: 481px) and (max-width: 980px) 980px, (min-width: 981px) 1024px, 100vw\" srcset=\"https:\/\/turkiyetaekwondofed.gov.tr\/wp-content\/uploads\/2024\/11\/NACI-OZBABACAN-45-kg-1-1024x1024.jpg 1024w, https:\/\/turkiyetaekwondofed.gov.tr\/wp-content\/uploads\/2024\/11\/NACI-OZBABACAN-45-kg-1-980x980.jpg 980w, https:\/\/turkiyetaekwondofed.gov.tr\/wp-content\/uploads\/2024\/11\/NACI-OZBABACAN-45-kg-1-480x480.jpg 480w\" alt=\"\" width=\"1024\" height=\"1024\" data-id=\"15319\" data-ll-status=\"loaded\" \/><\/figure>\n<figure class=\"wp-block-image size-large\"><img loading=\"lazy\" decoding=\"async\" class=\"wp-image-15285 lazyloaded\" src=\"https:\/\/turkiyetaekwondofed.gov.tr\/wp-content\/uploads\/2024\/11\/OSMAN-NURI-ESAT-ERSAN-37-kg-1-1024x1024.jpg\" sizes=\"auto, (min-width: 0px) and (max-width: 480px) 480px, (min-width: 481px) and (max-width: 980px) 980px, (min-width: 981px) 1024px, 100vw\" srcset=\"https:\/\/turkiyetaekwondofed.gov.tr\/wp-content\/uploads\/2024\/11\/OSMAN-NURI-ESAT-ERSAN-37-kg-1-1024x1024.jpg 1024w, https:\/\/turkiyetaekwondofed.gov.tr\/wp-content\/uploads\/2024\/11\/OSMAN-NURI-ESAT-ERSAN-37-kg-1-980x980.jpg 980w, https:\/\/turkiyetaekwondofed.gov.tr\/wp-content\/uploads\/2024\/11\/OSMAN-NURI-ESAT-ERSAN-37-kg-1-480x480.jpg 480w\" alt=\"\" width=\"1024\" height=\"1024\" data-id=\"15285\" data-ll-status=\"loaded\" \/><\/figure>\n<figure class=\"wp-block-image size-large\"><img loading=\"lazy\" decoding=\"async\" class=\"wp-image-15286 lazyloaded\" src=\"https:\/\/turkiyetaekwondofed.gov.tr\/wp-content\/uploads\/2024\/11\/OZAN-KARATAS-65-kg-1-1024x1024.jpg\" sizes=\"auto, (min-width: 0px) and (max-width: 480px) 480px, (min-width: 481px) and (max-width: 980px) 980px, (min-width: 981px) 1024px, 100vw\" srcset=\"https:\/\/turkiyetaekwondofed.gov.tr\/wp-content\/uploads\/2024\/11\/OZAN-KARATAS-65-kg-1-1024x1024.jpg 1024w, https:\/\/turkiyetaekwondofed.gov.tr\/wp-content\/uploads\/2024\/11\/OZAN-KARATAS-65-kg-1-980x980.jpg 980w, https:\/\/turkiyetaekwondofed.gov.tr\/wp-content\/uploads\/2024\/11\/OZAN-KARATAS-65-kg-1-480x480.jpg 480w\" alt=\"\" width=\"1024\" height=\"1024\" data-id=\"15286\" data-ll-status=\"loaded\" \/><\/figure>\n<figure class=\"wp-block-image size-large\"><img loading=\"lazy\" decoding=\"async\" class=\"wp-image-15308 lazyloaded\" src=\"https:\/\/turkiyetaekwondofed.gov.tr\/wp-content\/uploads\/2024\/11\/OMER-YAGIZ-BARIS-57-kg-1-1024x1024.jpg\" sizes=\"auto, (min-width: 0px) and (max-width: 480px) 480px, (min-width: 481px) and (max-width: 980px) 980px, (min-width: 981px) 1024px, 100vw\" srcset=\"https:\/\/turkiyetaekwondofed.gov.tr\/wp-content\/uploads\/2024\/11\/OMER-YAGIZ-BARIS-57-kg-1-1024x1024.jpg 1024w, https:\/\/turkiyetaekwondofed.gov.tr\/wp-content\/uploads\/2024\/11\/OMER-YAGIZ-BARIS-57-kg-1-980x980.jpg 980w, https:\/\/turkiyetaekwondofed.gov.tr\/wp-content\/uploads\/2024\/11\/OMER-YAGIZ-BARIS-57-kg-1-480x480.jpg 480w\" alt=\"\" width=\"1024\" height=\"1024\" data-id=\"15308\" data-ll-status=\"loaded\" \/><\/figure>\n<figure class=\"wp-block-image size-large\"><img loading=\"lazy\" decoding=\"async\" class=\"wp-image-15310 lazyloaded\" src=\"https:\/\/turkiyetaekwondofed.gov.tr\/wp-content\/uploads\/2024\/11\/SAMED-OZDEMIR-49-kg-1-1024x1024.jpg\" sizes=\"auto, (min-width: 0px) and (max-width: 480px) 480px, (min-width: 481px) and (max-width: 980px) 980px, (min-width: 981px) 1024px, 100vw\" srcset=\"https:\/\/turkiyetaekwondofed.gov.tr\/wp-content\/uploads\/2024\/11\/SAMED-OZDEMIR-49-kg-1-1024x1024.jpg 1024w, https:\/\/turkiyetaekwondofed.gov.tr\/wp-content\/uploads\/2024\/11\/SAMED-OZDEMIR-49-kg-1-980x980.jpg 980w, https:\/\/turkiyetaekwondofed.gov.tr\/wp-content\/uploads\/2024\/11\/SAMED-OZDEMIR-49-kg-1-480x480.jpg 480w\" alt=\"\" width=\"1024\" height=\"1024\" data-id=\"15310\" data-ll-status=\"loaded\" \/><\/figure>\n<figure class=\"wp-block-image size-large\"><img loading=\"lazy\" decoding=\"async\" class=\"wp-image-15300 lazyloaded\" src=\"https:\/\/turkiyetaekwondofed.gov.tr\/wp-content\/uploads\/2024\/11\/TUGAY-YOLAL-65.-kg-1-1024x1024.jpg\" sizes=\"auto, (min-width: 0px) and (max-width: 480px) 480px, (min-width: 481px) and (max-width: 980px) 980px, (min-width: 981px) 1024px, 100vw\" srcset=\"https:\/\/turkiyetaekwondofed.gov.tr\/wp-content\/uploads\/2024\/11\/TUGAY-YOLAL-65.-kg-1-1024x1024.jpg 1024w, https:\/\/turkiyetaekwondofed.gov.tr\/wp-content\/uploads\/2024\/11\/TUGAY-YOLAL-65.-kg-1-980x980.jpg 980w, https:\/\/turkiyetaekwondofed.gov.tr\/wp-content\/uploads\/2024\/11\/TUGAY-YOLAL-65.-kg-1-480x480.jpg 480w\" alt=\"\" width=\"1024\" height=\"1024\" data-id=\"15300\" data-ll-status=\"loaded\" \/><\/figure>\n<figure class=\"wp-block-image size-large\"><img loading=\"lazy\" decoding=\"async\" class=\"wp-image-15298 lazyloaded\" src=\"https:\/\/turkiyetaekwondofed.gov.tr\/wp-content\/uploads\/2024\/11\/TUNAHAN-OZER-61kg-1-1024x1024.jpg\" sizes=\"auto, (min-width: 0px) and (max-width: 480px) 480px, (min-width: 481px) and (max-width: 980px) 980px, (min-width: 981px) 1024px, 100vw\" srcset=\"https:\/\/turkiyetaekwondofed.gov.tr\/wp-content\/uploads\/2024\/11\/TUNAHAN-OZER-61kg-1-1024x1024.jpg 1024w, https:\/\/turkiyetaekwondofed.gov.tr\/wp-content\/uploads\/2024\/11\/TUNAHAN-OZER-61kg-1-980x980.jpg 980w, https:\/\/turkiyetaekwondofed.gov.tr\/wp-content\/uploads\/2024\/11\/TUNAHAN-OZER-61kg-1-480x480.jpg 480w\" alt=\"\" width=\"1024\" height=\"1024\" data-id=\"15298\" data-ll-status=\"loaded\" \/><\/figure>\n<figure class=\"wp-block-image size-large\"><img loading=\"lazy\" decoding=\"async\" class=\"wp-image-15326 lazyloaded\" src=\"https:\/\/turkiyetaekwondofed.gov.tr\/wp-content\/uploads\/2024\/11\/UMUT-ERDEM-KARATAS-49-kg-1-1024x1024.jpg\" sizes=\"auto, (min-width: 0px) and (max-width: 480px) 480px, (min-width: 481px) and (max-width: 980px) 980px, (min-width: 981px) 1024px, 100vw\" srcset=\"https:\/\/turkiyetaekwondofed.gov.tr\/wp-content\/uploads\/2024\/11\/UMUT-ERDEM-KARATAS-49-kg-1-1024x1024.jpg 1024w, https:\/\/turkiyetaekwondofed.gov.tr\/wp-content\/uploads\/2024\/11\/UMUT-ERDEM-KARATAS-49-kg-1-980x980.jpg 980w, https:\/\/turkiyetaekwondofed.gov.tr\/wp-content\/uploads\/2024\/11\/UMUT-ERDEM-KARATAS-49-kg-1-480x480.jpg 480w\" alt=\"\" width=\"1024\" height=\"1024\" data-id=\"15326\" data-ll-status=\"loaded\" \/><\/figure>\n<figure class=\"wp-block-image size-large\"><img loading=\"lazy\" decoding=\"async\" class=\"wp-image-15315 lazyloaded\" src=\"https:\/\/turkiyetaekwondofed.gov.tr\/wp-content\/uploads\/2024\/11\/UMUTCAN-BAYRAM-53-kg-1-1024x1024.jpg\" sizes=\"auto, (min-width: 0px) and (max-width: 480px) 480px, (min-width: 481px) and (max-width: 980px) 980px, (min-width: 981px) 1024px, 100vw\" srcset=\"https:\/\/turkiyetaekwondofed.gov.tr\/wp-content\/uploads\/2024\/11\/UMUTCAN-BAYRAM-53-kg-1-1024x1024.jpg 1024w, https:\/\/turkiyetaekwondofed.gov.tr\/wp-content\/uploads\/2024\/11\/UMUTCAN-BAYRAM-53-kg-1-980x980.jpg 980w, https:\/\/turkiyetaekwondofed.gov.tr\/wp-content\/uploads\/2024\/11\/UMUTCAN-BAYRAM-53-kg-1-480x480.jpg 480w\" alt=\"\" width=\"1024\" height=\"1024\" data-id=\"15315\" data-ll-status=\"loaded\" \/><\/figure>\n<figure class=\"wp-block-image size-large\"><img loading=\"lazy\" decoding=\"async\" class=\"wp-image-15312 lazyloaded\" src=\"https:\/\/turkiyetaekwondofed.gov.tr\/wp-content\/uploads\/2024\/11\/UTKU-ATALAY-65-kg-1-1024x1024.jpg\" sizes=\"auto, (min-width: 0px) and (max-width: 480px) 480px, (min-width: 481px) and (max-width: 980px) 980px, (min-width: 981px) 1024px, 100vw\" srcset=\"https:\/\/turkiyetaekwondofed.gov.tr\/wp-content\/uploads\/2024\/11\/UTKU-ATALAY-65-kg-1-1024x1024.jpg 1024w, https:\/\/turkiyetaekwondofed.gov.tr\/wp-content\/uploads\/2024\/11\/UTKU-ATALAY-65-kg-1-980x980.jpg 980w, https:\/\/turkiyetaekwondofed.gov.tr\/wp-content\/uploads\/2024\/11\/UTKU-ATALAY-65-kg-1-480x480.jpg 480w\" alt=\"\" width=\"1024\" height=\"1024\" data-id=\"15312\" data-ll-status=\"loaded\" \/><\/figure>\n<figure class=\"wp-block-image size-large\"><img loading=\"lazy\" decoding=\"async\" class=\"wp-image-15314 lazyloaded\" src=\"https:\/\/turkiyetaekwondofed.gov.tr\/wp-content\/uploads\/2024\/11\/UTKU-KAP-37-kg-1-1024x1024.jpg\" sizes=\"auto, (min-width: 0px) and (max-width: 480px) 480px, (min-width: 481px) and (max-width: 980px) 980px, (min-width: 981px) 1024px, 100vw\" srcset=\"https:\/\/turkiyetaekwondofed.gov.tr\/wp-content\/uploads\/2024\/11\/UTKU-KAP-37-kg-1-1024x1024.jpg 1024w, https:\/\/turkiyetaekwondofed.gov.tr\/wp-content\/uploads\/2024\/11\/UTKU-KAP-37-kg-1-980x980.jpg 980w, https:\/\/turkiyetaekwondofed.gov.tr\/wp-content\/uploads\/2024\/11\/UTKU-KAP-37-kg-1-480x480.jpg 480w\" alt=\"\" width=\"1024\" height=\"1024\" data-id=\"15314\" data-ll-status=\"loaded\" \/><\/figure>\n<figure class=\"wp-block-image size-large\"><img loading=\"lazy\" decoding=\"async\" class=\"wp-image-15301 lazyloaded\" src=\"https:\/\/turkiyetaekwondofed.gov.tr\/wp-content\/uploads\/2024\/11\/YAKUP-BAYINDIR-65-Kkg-1-1024x1024.jpg\" sizes=\"auto, (min-width: 0px) and (max-width: 480px) 480px, (min-width: 481px) and (max-width: 980px) 980px, (min-width: 981px) 1024px, 100vw\" srcset=\"https:\/\/turkiyetaekwondofed.gov.tr\/wp-content\/uploads\/2024\/11\/YAKUP-BAYINDIR-65-Kkg-1-1024x1024.jpg 1024w, https:\/\/turkiyetaekwondofed.gov.tr\/wp-content\/uploads\/2024\/11\/YAKUP-BAYINDIR-65-Kkg-1-980x980.jpg 980w, https:\/\/turkiyetaekwondofed.gov.tr\/wp-content\/uploads\/2024\/11\/YAKUP-BAYINDIR-65-Kkg-1-480x480.jpg 480w\" alt=\"\" width=\"1024\" height=\"1024\" data-id=\"15301\" data-ll-status=\"loaded\" \/><\/figure>\n<figure class=\"wp-block-image size-large\"><img loading=\"lazy\" decoding=\"async\" class=\"wp-image-15305 lazyloaded\" src=\"https:\/\/turkiyetaekwondofed.gov.tr\/wp-content\/uploads\/2024\/11\/YIGIT-EFE-ERDOGAN-33-kg-1-1024x1024.jpg\" sizes=\"auto, (min-width: 0px) and (max-width: 480px) 480px, (min-width: 481px) and (max-width: 980px) 980px, (min-width: 981px) 1024px, 100vw\" srcset=\"https:\/\/turkiyetaekwondofed.gov.tr\/wp-content\/uploads\/2024\/11\/YIGIT-EFE-ERDOGAN-33-kg-1-1024x1024.jpg 1024w, https:\/\/turkiyetaekwondofed.gov.tr\/wp-content\/uploads\/2024\/11\/YIGIT-EFE-ERDOGAN-33-kg-1-980x980.jpg 980w, https:\/\/turkiyetaekwondofed.gov.tr\/wp-content\/uploads\/2024\/11\/YIGIT-EFE-ERDOGAN-33-kg-1-480x480.jpg 480w\" alt=\"\" width=\"1024\" height=\"1024\" data-id=\"15305\" data-ll-status=\"loaded\" \/><\/figure>\n<figure class=\"wp-block-image size-large\"><img loading=\"lazy\" decoding=\"async\" class=\"wp-image-15324 lazyloaded\" src=\"https:\/\/turkiyetaekwondofed.gov.tr\/wp-content\/uploads\/2024\/11\/YIGIT-MARAKLI-61-kg-1-1024x1024.jpg\" sizes=\"auto, (min-width: 0px) and (max-width: 480px) 480px, (min-width: 481px) and (max-width: 980px) 980px, (min-width: 981px) 1024px, 100vw\" srcset=\"https:\/\/turkiyetaekwondofed.gov.tr\/wp-content\/uploads\/2024\/11\/YIGIT-MARAKLI-61-kg-1-1024x1024.jpg 1024w, https:\/\/turkiyetaekwondofed.gov.tr\/wp-content\/uploads\/2024\/11\/YIGIT-MARAKLI-61-kg-1-980x980.jpg 980w, https:\/\/turkiyetaekwondofed.gov.tr\/wp-content\/uploads\/2024\/11\/YIGIT-MARAKLI-61-kg-1-480x480.jpg 480w\" alt=\"\" width=\"1024\" height=\"1024\" data-id=\"15324\" data-ll-status=\"loaded\" \/><\/figure>\n<figure class=\"wp-block-image size-large\"><img loading=\"lazy\" decoding=\"async\" class=\"wp-image-15302 lazyloaded\" src=\"https:\/\/turkiyetaekwondofed.gov.tr\/wp-content\/uploads\/2024\/11\/YUNUS-ALI-KORPE-45-kg-1-1024x1024.jpg\" sizes=\"auto, (min-width: 0px) and (max-width: 480px) 480px, (min-width: 481px) and (max-width: 980px) 980px, (min-width: 981px) 1024px, 100vw\" srcset=\"https:\/\/turkiyetaekwondofed.gov.tr\/wp-content\/uploads\/2024\/11\/YUNUS-ALI-KORPE-45-kg-1-1024x1024.jpg 1024w, https:\/\/turkiyetaekwondofed.gov.tr\/wp-content\/uploads\/2024\/11\/YUNUS-ALI-KORPE-45-kg-1-980x980.jpg 980w, https:\/\/turkiyetaekwondofed.gov.tr\/wp-content\/uploads\/2024\/11\/YUNUS-ALI-KORPE-45-kg-1-480x480.jpg 480w\" alt=\"\" width=\"1024\" height=\"1024\" data-id=\"15302\" data-ll-status=\"loaded\" \/><\/figure>\n<figure class=\"wp-block-image size-large\"><img loading=\"lazy\" decoding=\"async\" class=\"wp-image-15303 lazyloaded\" src=\"https:\/\/turkiyetaekwondofed.gov.tr\/wp-content\/uploads\/2024\/11\/YUNUS-EMRE-OZDEN-37-kg-1-1024x1024.jpg\" sizes=\"auto, (min-width: 0px) and (max-width: 480px) 480px, (min-width: 481px) and (max-width: 980px) 980px, (min-width: 981px) 1024px, 100vw\" srcset=\"https:\/\/turkiyetaekwondofed.gov.tr\/wp-content\/uploads\/2024\/11\/YUNUS-EMRE-OZDEN-37-kg-1-1024x1024.jpg 1024w, https:\/\/turkiyetaekwondofed.gov.tr\/wp-content\/uploads\/2024\/11\/YUNUS-EMRE-OZDEN-37-kg-1-980x980.jpg 980w, https:\/\/turkiyetaekwondofed.gov.tr\/wp-content\/uploads\/2024\/11\/YUNUS-EMRE-OZDEN-37-kg-1-480x480.jpg 480w\" alt=\"\" width=\"1024\" height=\"1024\" data-id=\"15303\" data-ll-status=\"loaded\" \/><\/figure>\n<figure class=\"wp-block-image size-large\"><img loading=\"lazy\" decoding=\"async\" class=\"wp-image-15307 lazyloaded\" src=\"https:\/\/turkiyetaekwondofed.gov.tr\/wp-content\/uploads\/2024\/11\/ZEYNEP-CAKIR-55-kg-1-1024x1024.jpg\" sizes=\"auto, (min-width: 0px) and (max-width: 480px) 480px, (min-width: 481px) and (max-width: 980px) 980px, (min-width: 981px) 1024px, 100vw\" srcset=\"https:\/\/turkiyetaekwondofed.gov.tr\/wp-content\/uploads\/2024\/11\/ZEYNEP-CAKIR-55-kg-1-1024x1024.jpg 1024w, https:\/\/turkiyetaekwondofed.gov.tr\/wp-content\/uploads\/2024\/11\/ZEYNEP-CAKIR-55-kg-1-980x980.jpg 980w, https:\/\/turkiyetaekwondofed.gov.tr\/wp-content\/uploads\/2024\/11\/ZEYNEP-CAKIR-55-kg-1-480x480.jpg 480w\" alt=\"\" width=\"1024\" height=\"1024\" data-id=\"15307\" data-ll-status=\"loaded\" \/><\/figure>\n<\/figure>\n<figure class=\"wp-block-gallery has-nested-images columns-default is-cropped wp-block-gallery-29 is-layout-flex\">\n<figure class=\"wp-block-image size-large\"><img loading=\"lazy\" decoding=\"async\" class=\"wp-image-15280 lazyloaded\" src=\"https:\/\/turkiyetaekwondofed.gov.tr\/wp-content\/uploads\/2024\/11\/1-1-1024x683.jpg\" sizes=\"auto, (min-width: 0px) and (max-width: 480px) 480px, (min-width: 481px) and (max-width: 980px) 980px, (min-width: 981px) 1024px, 100vw\" srcset=\"https:\/\/turkiyetaekwondofed.gov.tr\/wp-content\/uploads\/2024\/11\/1-1-980x653.jpg 980w, https:\/\/turkiyetaekwondofed.gov.tr\/wp-content\/uploads\/2024\/11\/1-1-480x320.jpg 480w\" alt=\"\" width=\"1024\" height=\"683\" data-id=\"15280\" data-ll-status=\"loaded\" \/><\/figure>\n<\/figure>\n<div class=\"post-views content-post post-15276 entry-meta\">\u00a0<\/div>\n\n\n","protected":false},"excerpt":{"rendered":"<p>Avrupa Y\u0131ld\u0131zlar Taekwondo \u015eampiyonas\u0131, Arnavutluk\u2019un ba\u015fkenti Tiran\u2019da 7-9 Kas\u0131m tarihleri aras\u0131nda d\u00fczenlendi. Avrupa Taekwondo Birli\u011fi (ETU) taraf\u0131ndan d\u00fczenlenen \u015fampiyonada \u00fclkemizi y\u0131l i\u00e7inde yap\u0131lan organizasyonlarda kazan\u0131lan kotalarla birlikte 25\u2019i erkek, 20\u2019si k\u0131z olmak \u00fczere toplam 45 sporcu temsil etti. AVRUPA \u015eAMP\u0130YONUYUZ! T\u00fcrkiye, Avrupa Y\u0131ld\u0131zlar Taekwondo \u015eampiyonas\u0131\u2019n\u0131 4\u2019\u00fc alt\u0131n toplam 9 madalya ile tamamlayarak tak\u0131m halinde \u015fampiyon [&hellip;]<\/p>\n","protected":false},"author":2,"featured_media":8353,"comment_status":"closed","ping_status":"closed","sticky":false,"template":"","format":"standard","meta":{"footnotes":""},"categories":[10],"tags":[],"class_list":["post-8352","post","type-post","status-publish","format-standard","has-post-thumbnail","hentry","category-ttf-haberler"],"_links":{"self":[{"href":"https:\/\/isttit.com\/index.php?rest_route=\/wp\/v2\/posts\/8352","targetHints":{"allow":["GET"]}}],"collection":[{"href":"https:\/\/isttit.com\/index.php?rest_route=\/wp\/v2\/posts"}],"about":[{"href":"https:\/\/isttit.com\/index.php?rest_route=\/wp\/v2\/types\/post"}],"author":[{"embeddable":true,"href":"https:\/\/isttit.com\/index.php?rest_route=\/wp\/v2\/users\/2"}],"replies":[{"embeddable":true,"href":"https:\/\/isttit.com\/index.php?rest_route=%2Fwp%2Fv2%2Fcomments&post=8352"}],"version-history":[{"count":1,"href":"https:\/\/isttit.com\/index.php?rest_route=\/wp\/v2\/posts\/8352\/revisions"}],"predecessor-version":[{"id":8354,"href":"https:\/\/isttit.com\/index.php?rest_route=\/wp\/v2\/posts\/8352\/revisions\/8354"}],"wp:featuredmedia":[{"embeddable":true,"href":"https:\/\/isttit.com\/index.php?rest_route=\/wp\/v2\/media\/8353"}],"wp:attachment":[{"href":"https:\/\/isttit.com\/index.php?rest_route=%2Fwp%2Fv2%2Fmedia&parent=8352"}],"wp:term":[{"taxonomy":"category","embeddable":true,"href":"https:\/\/isttit.com\/index.php?rest_route=%2Fwp%2Fv2%2Fcategories&post=8352"},{"taxonomy":"post_tag","embeddable":true,"href":"https:\/\/isttit.com\/index.php?rest_route=%2Fwp%2Fv2%2Ftags&post=8352"}],"curies":[{"name":"wp","href":"https:\/\/api.w.org\/{rel}","templated":true}]}}