{"id":8397,"date":"2024-12-09T14:09:28","date_gmt":"2024-12-09T14:09:28","guid":{"rendered":"https:\/\/isttit.com\/?p=8397"},"modified":"2024-12-09T14:09:28","modified_gmt":"2024-12-09T14:09:28","slug":"baskanimiz-bahri-tanrikulu-wt-baskani-choue-ile-bulustu","status":"publish","type":"post","link":"https:\/\/isttit.com\/?p=8397","title":{"rendered":"Ba\u015fkan\u0131m\u0131z Bahri Tanr\u0131kulu, WT Ba\u015fkan\u0131 Choue \u0130le Bulu\u015ftu"},"content":{"rendered":"\n<p>T\u00fcrkiye Taekwondo Federasyonu Ba\u015fkan\u0131 Bahri Tanr\u0131kulu, D\u00fcnya Taekwondo Federasyonu (WT) Ba\u015fkan\u0131 Dr. Chungwon Choue ile bir araya geldi.<\/p>\n<p>Grand Slam Challenge ve WT D\u00fcnya Kupas\u0131 Tak\u0131mlar \u015eampiyonas\u0131 i\u00e7in \u00c7in\u2019in Wuxi \u015fehrinde bulunan Bahri Tanr\u0131kulu, burada WT Ba\u015fkan\u0131 Choue ile bulu\u015ftu. \u0130kili gelecekte ortak projeleri hayata ge\u00e7irme karar\u0131 al\u0131rken Tanr\u0131kulu, Choue\u2019yi T\u00fcrkiye\u2019ye davet etti.<\/p>\n<p><strong>\u201cTAEKWONDO \u0130\u00c7\u0130N YEN\u0130 B\u0130R D\u00d6NEM\u0130N KAPILARINI ARALIYORUZ\u201d<\/strong><\/p>\n<p>Ba\u015fkan Tanr\u0131kulu bulu\u015fmaya ili\u015fkin yapt\u0131\u011f\u0131 a\u00e7\u0131klamada, \u201cWT Ba\u015fkan\u0131 Choue ile bir araya gelmenin gururunu ve mutlulu\u011funu ya\u015fad\u0131m. Bu bulu\u015fma, taekwondonun gelece\u011fi i\u00e7in son derece \u00f6nemli bir ad\u0131m oldu ve sporumuzu daha ileriye ta\u015f\u0131mak ad\u0131na bir\u00e7ok heyecan verici projeyi de\u011ferlendirme f\u0131rsat\u0131 bulduk. Say\u0131n Choue, sporculuk kariyerime duydu\u011fu takdirle hem beni hem de \u00fclkemizdeki taekwondo camias\u0131n\u0131 onurland\u0131rd\u0131. \u00dc\u00e7 kez d\u00fcnya \u015fampiyonu olmu\u015f ve olimpiyat madalyas\u0131 kazanm\u0131\u015f bir sporcu olarak bug\u00fcn T\u00fcrkiye Taekwondo Federasyonu Ba\u015fkan\u0131 s\u0131fat\u0131yla bu kutsal g\u00f6revi y\u00fcr\u00fctmek, benim i\u00e7in b\u00fcy\u00fck bir onurdur. Kendisiyle yapt\u0131\u011f\u0131m\u0131z g\u00f6r\u00fc\u015fmede, T\u00fcrkiye\u2019nin taekwondodaki yenilik\u00e7i ve g\u00fc\u00e7l\u00fc ad\u0131mlar\u0131n\u0131 destekleme s\u00f6z\u00fc vermesi, bizler i\u00e7in \u00f6nemli bir motivasyon kayna\u011f\u0131 oldu\u201d dedi.<\/p>\n<p><strong>ORTAK PROJELER \u0130\u00c7\u0130N \u0130\u015e B\u0130RL\u0130\u011e\u0130<\/strong><\/p>\n<p>Tanr\u0131kulu, ortak projeler konusunda fikir birli\u011fine vard\u0131klar\u0131n\u0131 belirterek, \u201cG\u00f6r\u00fc\u015fmemizde, iki federasyon aras\u0131nda uluslararas\u0131 \u00f6l\u00e7ekte ses getirecek b\u00fcy\u00fck projeleri hayata ge\u00e7irme karar\u0131 ald\u0131k. D\u00fcnya Taekwondo Federasyonu ile birlikte y\u00fcr\u00fctece\u011fimiz bu projeler, sporumuzun hem T\u00fcrkiye\u2019de hem de d\u00fcnya \u00e7ap\u0131nda daha fazla tan\u0131nmas\u0131na ve sevilmesine katk\u0131 sa\u011flayacakt\u0131r. Say\u0131n Choue\u2019nin bu i\u015f birlikleri i\u00e7in verdi\u011fi destek s\u00f6z\u00fc, bizlere daha b\u00fcy\u00fck hedefler koyma cesareti vermektedir\u201d ifadelerini kulland\u0131.<\/p>\n<p><strong>T\u00dcRK\u0130YE\u2019YE DAVET\u2026<\/strong><\/p>\n<p>WT Ba\u015fkan\u0131 Choue\u2019yi T\u00fcrkiye\u2019ye davet ettiklerini de vurgulayan Tanr\u0131kulu, \u201cT\u00fcrkiye olarak, taekwondonun efsane isimlerini \u00fclkemizde a\u011f\u0131rlamak ve gen\u00e7 sporcular\u0131m\u0131za ilham vermek i\u00e7in sab\u0131rs\u0131zlan\u0131yoruz. Say\u0131n Dr. Choue\u2019nin T\u00fcrkiye\u2019yi ziyareti s\u0131ras\u0131nda, hem gen\u00e7 sporcular\u0131m\u0131zla bir araya gelece\u011fine hem de planlad\u0131\u011f\u0131m\u0131z projeleri daha somut hale getirece\u011fimize inan\u0131yorum. T\u00fcrkiye Taekwondo Federasyonu olarak, taekwondonun uluslararas\u0131 arenadaki g\u00fcc\u00fcn\u00fc art\u0131rmak ve sporumuzu yeni nesillere ula\u015ft\u0131rmak i\u00e7in var g\u00fcc\u00fcm\u00fczle \u00e7al\u0131\u015fmaya devam edece\u011fiz. Bu anlaml\u0131 bulu\u015fman\u0131n, T\u00fcrk taekwondosunun daha da ileriye ta\u015f\u0131nmas\u0131 ad\u0131na bir d\u00f6n\u00fcm noktas\u0131 olaca\u011f\u0131na inanc\u0131m\u0131z tamd\u0131r\u201d \u015feklinde konu\u015ftu.<\/p>\n<figure class=\"wp-block-gallery has-nested-images columns-default is-cropped wp-block-gallery-1 is-layout-flex wp-block-gallery-is-layout-flex\">\n<figure class=\"wp-block-image size-large\"><img loading=\"lazy\" decoding=\"async\" class=\"wp-image-15848 lazyloaded\" src=\"https:\/\/turkiyetaekwondofed.gov.tr\/wp-content\/uploads\/2024\/12\/C2-768x1024.jpg\" alt=\"\" width=\"768\" height=\"1024\" data-id=\"15848\" data-ll-status=\"loaded\" \/><\/figure>\n<figure class=\"wp-block-image size-large\"><img loading=\"lazy\" decoding=\"async\" class=\"wp-image-15847 lazyloaded\" src=\"https:\/\/turkiyetaekwondofed.gov.tr\/wp-content\/uploads\/2024\/12\/C3-1024x768.jpg\" sizes=\"auto, (min-width: 0px) and (max-width: 480px) 480px, (min-width: 481px) and (max-width: 980px) 980px, (min-width: 981px) 1024px, 100vw\" srcset=\"https:\/\/turkiyetaekwondofed.gov.tr\/wp-content\/uploads\/2024\/12\/C3-980x735.jpg 980w, https:\/\/turkiyetaekwondofed.gov.tr\/wp-content\/uploads\/2024\/12\/C3-480x360.jpg 480w\" alt=\"\" width=\"1024\" height=\"768\" data-id=\"15847\" data-ll-status=\"loaded\" \/><\/figure>\n<figure class=\"wp-block-image size-large\"><img loading=\"lazy\" decoding=\"async\" class=\"wp-image-15849 lazyloaded\" src=\"https:\/\/turkiyetaekwondofed.gov.tr\/wp-content\/uploads\/2024\/12\/C4-1024x768.jpg\" sizes=\"auto, (min-width: 0px) and (max-width: 480px) 480px, (min-width: 481px) and (max-width: 980px) 980px, (min-width: 981px) 1024px, 100vw\" srcset=\"https:\/\/turkiyetaekwondofed.gov.tr\/wp-content\/uploads\/2024\/12\/C4-980x735.jpg 980w, https:\/\/turkiyetaekwondofed.gov.tr\/wp-content\/uploads\/2024\/12\/C4-480x360.jpg 480w\" alt=\"\" width=\"1024\" height=\"768\" data-id=\"15849\" data-ll-status=\"loaded\" \/><\/figure>\n<\/figure>\n\n\n","protected":false},"excerpt":{"rendered":"<p>T\u00fcrkiye Taekwondo Federasyonu Ba\u015fkan\u0131 Bahri Tanr\u0131kulu, D\u00fcnya Taekwondo Federasyonu (WT) Ba\u015fkan\u0131 Dr. Chungwon Choue ile bir araya geldi. Grand Slam Challenge ve WT D\u00fcnya Kupas\u0131 Tak\u0131mlar \u015eampiyonas\u0131 i\u00e7in \u00c7in\u2019in Wuxi \u015fehrinde bulunan Bahri Tanr\u0131kulu, burada WT Ba\u015fkan\u0131 Choue ile bulu\u015ftu. \u0130kili gelecekte ortak projeleri hayata ge\u00e7irme karar\u0131 al\u0131rken Tanr\u0131kulu, Choue\u2019yi T\u00fcrkiye\u2019ye davet etti. \u201cTAEKWONDO \u0130\u00c7\u0130N [&hellip;]<\/p>\n","protected":false},"author":2,"featured_media":8398,"comment_status":"closed","ping_status":"closed","sticky":false,"template":"","format":"standard","meta":{"footnotes":""},"categories":[10],"tags":[],"class_list":["post-8397","post","type-post","status-publish","format-standard","has-post-thumbnail","hentry","category-ttf-haberler"],"_links":{"self":[{"href":"https:\/\/isttit.com\/index.php?rest_route=\/wp\/v2\/posts\/8397","targetHints":{"allow":["GET"]}}],"collection":[{"href":"https:\/\/isttit.com\/index.php?rest_route=\/wp\/v2\/posts"}],"about":[{"href":"https:\/\/isttit.com\/index.php?rest_route=\/wp\/v2\/types\/post"}],"author":[{"embeddable":true,"href":"https:\/\/isttit.com\/index.php?rest_route=\/wp\/v2\/users\/2"}],"replies":[{"embeddable":true,"href":"https:\/\/isttit.com\/index.php?rest_route=%2Fwp%2Fv2%2Fcomments&post=8397"}],"version-history":[{"count":1,"href":"https:\/\/isttit.com\/index.php?rest_route=\/wp\/v2\/posts\/8397\/revisions"}],"predecessor-version":[{"id":8399,"href":"https:\/\/isttit.com\/index.php?rest_route=\/wp\/v2\/posts\/8397\/revisions\/8399"}],"wp:featuredmedia":[{"embeddable":true,"href":"https:\/\/isttit.com\/index.php?rest_route=\/wp\/v2\/media\/8398"}],"wp:attachment":[{"href":"https:\/\/isttit.com\/index.php?rest_route=%2Fwp%2Fv2%2Fmedia&parent=8397"}],"wp:term":[{"taxonomy":"category","embeddable":true,"href":"https:\/\/isttit.com\/index.php?rest_route=%2Fwp%2Fv2%2Fcategories&post=8397"},{"taxonomy":"post_tag","embeddable":true,"href":"https:\/\/isttit.com\/index.php?rest_route=%2Fwp%2Fv2%2Ftags&post=8397"}],"curies":[{"name":"wp","href":"https:\/\/api.w.org\/{rel}","templated":true}]}}