{"id":8406,"date":"2024-12-24T15:18:29","date_gmt":"2024-12-24T15:18:29","guid":{"rendered":"https:\/\/isttit.com\/?p=8406"},"modified":"2024-12-24T15:18:29","modified_gmt":"2024-12-24T15:18:29","slug":"2025-turkiye-gencler-taekwondo-sampiyonasi","status":"publish","type":"post","link":"https:\/\/isttit.com\/?p=8406","title":{"rendered":"2025 T\u00fcrkiye Gen\u00e7ler Taekwondo \u015eampiyonas\u0131"},"content":{"rendered":"\n<p>T\u00fcrkiye Taekwondo Federasyonu\u2019nun 2025 Y\u0131l\u0131 Faaliyet Program\u0131nda yer alan T\u00fcrkiye Gen\u00e7ler Taekwondo \u015eampiyonas\u0131n\u0131n 15 -19 Ocak 2025 tarihleri aras\u0131nda Ankara\u2019da yap\u0131lmas\u0131 planlanmaktad\u0131r.<\/p>\n<p><strong>M\u00dcSABAKA PROGRAMI<\/strong><\/p>\n<figure class=\"wp-block-table\">\n<table class=\"has-fixed-layout\">\n<tbody>\n<tr>\n<td class=\"has-text-align-center\" data-align=\"center\">\u00a0<\/td>\n<td class=\"has-text-align-center\" data-align=\"center\"><strong>15 OCAK (1. G\u00dcN)<\/strong><\/td>\n<td class=\"has-text-align-center\" data-align=\"center\"><strong>16 OCAK (2. G\u00dcN)<\/strong><\/td>\n<td class=\"has-text-align-center\" data-align=\"center\"><strong>17 OCAK (3. G\u00dcN)<\/strong><\/td>\n<td class=\"has-text-align-center\" data-align=\"center\"><strong>18 OCAK (4. G\u00dcN)<\/strong><\/td>\n<td class=\"has-text-align-center\" data-align=\"center\"><strong>19 OCAK (5. G\u00dcN)<\/strong><\/td>\n<\/tr>\n<tr>\n<td class=\"has-text-align-center\" data-align=\"center\"><strong>ERKEK<\/strong><\/td>\n<td class=\"has-text-align-center\" data-align=\"center\">55kg &amp; 68kg<\/td>\n<td class=\"has-text-align-center\" data-align=\"center\">48kg &amp;63kg<\/td>\n<td class=\"has-text-align-center\" data-align=\"center\">51kg &amp; 73kg<\/td>\n<td class=\"has-text-align-center\" data-align=\"center\">59kg &amp; 78kg<\/td>\n<td class=\"has-text-align-center\" data-align=\"center\">45kg &amp; +78kg<\/td>\n<\/tr>\n<tr>\n<td class=\"has-text-align-center\" data-align=\"center\"><strong>KADIN<\/strong><\/td>\n<td class=\"has-text-align-center\" data-align=\"center\">44kg &amp; 63kg<\/td>\n<td class=\"has-text-align-center\" data-align=\"center\">52kg &amp; 68kg<\/td>\n<td class=\"has-text-align-center\" data-align=\"center\">42kg &amp; 55kg<\/td>\n<td class=\"has-text-align-center\" data-align=\"center\">49kg &amp; +68kg<\/td>\n<td class=\"has-text-align-center\" data-align=\"center\">46kg &amp; 59kg<\/td>\n<\/tr>\n<\/tbody>\n<\/table>\n<\/figure>\n<p><strong>M\u00dcSABAKA B\u0130LG\u0130LER\u0130 ve ONLINE KAYIT<\/strong><\/p>\n<p><strong>M\u00fcsabaka Tarihi<\/strong>\u00a0: 15 -19 Ocak 2025<\/p>\n<p><strong>M\u00fcsabaka Yeri<\/strong>\u00a0: Ankara Taha Akg\u00fcl Spor Salonu<\/p>\n<p><strong>Teknik Toplant\u0131<\/strong>\u00a0: 14 Ocak 2025 \u2013 Saat : 17:00<\/p>\n<p><strong>Tart\u0131<\/strong>\u00a0: 14 Ocak 2025 \u2013 Saat: 10.00 \u2013 14.00 ( \u0130lk g\u00fcn m\u00fcsabakalar\u0131n\u0131n tart\u0131s\u0131 ) \u2013 Her s\u0131kletin tart\u0131s\u0131 o s\u0131kletin m\u00fcsabaka g\u00fcn\u00fcnden bir g\u00fcn \u00f6nce yap\u0131lacakt\u0131r.<\/p>\n<p>Sporcu kay\u0131tlar\u0131, kul\u00fcpler taraf\u0131ndan Federasyonun internet sitesinin alt taraf\u0131nda bulunan \u201cOnline M\u00fcsabaka Kay\u0131t\u201d b\u00f6l\u00fcm\u00fcndeki link t\u0131klanarak ula\u015f\u0131lacak sayfadan, daha \u00f6nce Federasyondan alm\u0131\u015f olduklar\u0131 kul\u00fcp \u015fifreleriyle yap\u0131labilecek olup,\u00a0online kay\u0131t<strong>\u00a0\u00a010 Ocak 2025<\/strong>\u00a0 saat 24:00\u2019de sona erecektir. Online kay\u0131t s\u00fcresi uzat\u0131lmayacakt\u0131r.<\/p>\n<p>Ferdi sporcular\u0131n kay\u0131tlar\u0131 ise ekte sunulan dilek\u00e7enin eksiksiz doldurularak, a\u015fa\u011f\u0131da belirtilen e-posta adresine veya\u00a0Federasyonumuza faks yoluyla\u00a0<strong>10 Ocak 2025\u00a0<\/strong>tarihi mesai bitimine kadar ba\u015fvurmalar\u0131 halinde yap\u0131lacakt\u0131r.<br \/><br \/>** Online Geli\u015fim Seminerinde 2025 Y\u0131l\u0131 Vizesini yapt\u0131ran antren\u00f6r ve hakemlerimize da\u011f\u0131t\u0131lan akreditasyon kart\u0131n\u0131 kaybedenler T\u00fcrkiye Taekwondo Federasyonu TL hesab\u0131na (TR10 0006 2000 7110 0006 2958 75)\u00a0<strong>300 TL<\/strong>\u00a0yat\u0131rarak yeni akreditasyon kart\u0131 bast\u0131rabileceklerdir.<\/p>\n<p>** Deneme tart\u0131s\u0131na \u00e7\u0131k\u0131p, resmi tart\u0131 \u00f6ncesi s\u0131klet de\u011fi\u015fikli\u011fi yapmak isteyen sporcular bu i\u015flemi T\u00fcrkiye Taekwondo Federasyonu TL hesab\u0131na (TR10 0006 2000 7110 0006 2958 75)\u00a0<strong>300 TL<\/strong>\u00a0yat\u0131rarak yapabileceklerdir.<\/p>\n<p>** \u015eampiyonaya kay\u0131t yapt\u0131rmadan gelen sporcular, il m\u00fcd\u00fcrl\u00fckleri listesinde yer almalar\u0131 halinde T\u00fcrkiye Taekwondo Federasyonu TL hesab\u0131na (TR10 0006 2000 7110 0006 2958 75)\u00a0<strong>300 TL<\/strong>\u00a0yat\u0131rarak ge\u00e7 kay\u0131tlar\u0131n\u0131 yapt\u0131rabileceklerdir.<\/p>\n<p><strong>\u00d6nemli Not: M\u00fcsabakalara kay\u0131t yapacak sporcular \u0130L M\u00dcD\u00dcRL\u00dcKLER\u0130 taraf\u0131ndan g\u00f6nderilecek listelerde yer alan sporcular olmal\u0131d\u0131r.<\/strong><\/p>\n<p>\u2013Federasyonumuzca harc\u0131rahlar\u0131 \u00f6denmeyen kafilelerin idareci, antren\u00f6r ve sporcular\u0131n\u0131n harc\u0131rahlar\u0131 Devlet Bakanl\u0131\u011f\u0131n\u0131n 07\/06\/2007 tarih ve 2461 say\u0131l\u0131 genelgesi uyar\u0131nca Gen\u00e7lik ve Spor \u0130l M\u00fcd\u00fcrl\u00fcklerince kar\u015f\u0131lanabilecektir.\u201d denilmekte olup; harc\u0131rahlar Gen\u00e7lik ve Spor \u0130l M\u00fcd\u00fcrl\u00fcklerince kar\u015f\u0131lanabilecektir.<\/p>\n<p>E-posta : info@taekwondo.org.tr<\/p>\n<p>Telefon : +90.312.310 88 16 \/ dahili: 113 ve 114<\/p>\n<p>Faks : +90.312.310 90 42<\/p>\n<p><strong><a href=\"https:\/\/turkiyetaekwondofed.gov.tr\/wp-content\/uploads\/2024\/12\/FerdiDilekce_2025genc.docx\" data-type=\"link\" data-id=\"https:\/\/turkiyetaekwondofed.gov.tr\/wp-content\/uploads\/2024\/12\/FerdiDilekce_2025genc.docx\">Ferdi sporcular\u0131n kat\u0131l\u0131m dilek\u00e7esi i\u00e7in t\u0131klay\u0131n\u0131z.<\/a><\/strong><\/p>\n<p><a href=\"https:\/\/v1.turkiyetaekwondofed.gov.tr\/kayittae\/sinav.asp\"><strong>M\u00fcsabakalara online kay\u0131t yapt\u0131rmak i\u00e7in t\u0131klay\u0131n\u0131z.<\/strong><\/a><\/p>\n\n\n","protected":false},"excerpt":{"rendered":"<p>T\u00fcrkiye Taekwondo Federasyonu\u2019nun 2025 Y\u0131l\u0131 Faaliyet Program\u0131nda yer alan T\u00fcrkiye Gen\u00e7ler Taekwondo \u015eampiyonas\u0131n\u0131n 15 -19 Ocak 2025 tarihleri aras\u0131nda Ankara\u2019da yap\u0131lmas\u0131 planlanmaktad\u0131r. M\u00dcSABAKA PROGRAMI \u00a0 15 OCAK (1. G\u00dcN) 16 OCAK (2. G\u00dcN) 17 OCAK (3. G\u00dcN) 18 OCAK (4. G\u00dcN) 19 OCAK (5. G\u00dcN) ERKEK 55kg &amp; 68kg 48kg &amp;63kg 51kg &amp; 73kg 59kg [&hellip;]<\/p>\n","protected":false},"author":2,"featured_media":8407,"comment_status":"open","ping_status":"open","sticky":false,"template":"","format":"standard","meta":{"footnotes":""},"categories":[10],"tags":[],"class_list":["post-8406","post","type-post","status-publish","format-standard","has-post-thumbnail","hentry","category-ttf-haberler"],"_links":{"self":[{"href":"https:\/\/isttit.com\/index.php?rest_route=\/wp\/v2\/posts\/8406","targetHints":{"allow":["GET"]}}],"collection":[{"href":"https:\/\/isttit.com\/index.php?rest_route=\/wp\/v2\/posts"}],"about":[{"href":"https:\/\/isttit.com\/index.php?rest_route=\/wp\/v2\/types\/post"}],"author":[{"embeddable":true,"href":"https:\/\/isttit.com\/index.php?rest_route=\/wp\/v2\/users\/2"}],"replies":[{"embeddable":true,"href":"https:\/\/isttit.com\/index.php?rest_route=%2Fwp%2Fv2%2Fcomments&post=8406"}],"version-history":[{"count":1,"href":"https:\/\/isttit.com\/index.php?rest_route=\/wp\/v2\/posts\/8406\/revisions"}],"predecessor-version":[{"id":8408,"href":"https:\/\/isttit.com\/index.php?rest_route=\/wp\/v2\/posts\/8406\/revisions\/8408"}],"wp:featuredmedia":[{"embeddable":true,"href":"https:\/\/isttit.com\/index.php?rest_route=\/wp\/v2\/media\/8407"}],"wp:attachment":[{"href":"https:\/\/isttit.com\/index.php?rest_route=%2Fwp%2Fv2%2Fmedia&parent=8406"}],"wp:term":[{"taxonomy":"category","embeddable":true,"href":"https:\/\/isttit.com\/index.php?rest_route=%2Fwp%2Fv2%2Fcategories&post=8406"},{"taxonomy":"post_tag","embeddable":true,"href":"https:\/\/isttit.com\/index.php?rest_route=%2Fwp%2Fv2%2Ftags&post=8406"}],"curies":[{"name":"wp","href":"https:\/\/api.w.org\/{rel}","templated":true}]}}