{"id":8412,"date":"2024-12-24T15:25:56","date_gmt":"2024-12-24T15:25:56","guid":{"rendered":"https:\/\/isttit.com\/?p=8412"},"modified":"2024-12-24T15:25:56","modified_gmt":"2024-12-24T15:25:56","slug":"dan-denkligi-sinavi","status":"publish","type":"post","link":"https:\/\/isttit.com\/?p=8412","title":{"rendered":"Dan Denkli\u011fi S\u0131nav\u0131"},"content":{"rendered":"\n<p>GE\u00c7M\u0130\u015e YILLARDA S\u0130YAH KU\u015eAK ALMI\u015e FAKAT \u00c7E\u015e\u0130TL\u0130 NEDENLERDEN DOLAYI S\u0130YAH KU\u015eAK VE DAN SINAVLARINA KATILIM SA\u011eLAYAMAYAN SPORCULARIMIZIN D\u0130KKAT\u0130NE !<\/p>\n<p>Federasyonumuz Y\u00f6netim Kurulunun 25.11.2024 tarih ve 12 say\u0131l\u0131 al\u0131nan karar\u0131 gere\u011fince; Spor Hizmetleri Genel M\u00fcd\u00fcrl\u00fc\u011f\u00fc sitesinde 20.12.2024 tarihinde yay\u0131mlanarak y\u00fcr\u00fcrl\u00fc\u011fe giren T\u00fcrkiye Taekwondo Federasyonu G\u0131p ve Dan Ku\u015fak S\u0131nav Talimat\u0131nda De\u011fi\u015fiklik Yap\u0131lmas\u0131na Dair Talimat do\u011frultusunda; ge\u00e7mi\u015f y\u0131llarda Siyah Ku\u015fak alarak \u00e7e\u015fitli sebeplerden dolay\u0131 Siyah Ku\u015fak ve Dan S\u0131navlar\u0131na kat\u0131l\u0131m sa\u011flayamayan sporcular\u0131m\u0131z i\u00e7in, 31.12.2025 tarihine kadar ge\u00e7erli olmak kayd\u0131 ile s\u0131nav kurallar\u0131na uygun olacak \u015fekilde a\u015fa\u011f\u0131da yer alan tabloda belirtilen \u015fartlar do\u011frultusunda 2025 y\u0131l\u0131 i\u00e7erisinde Dan Denkli\u011fi S\u0131navlar\u0131 yap\u0131lacakt\u0131r.<\/p>\n<p>Bu nedenle Dan Denkli\u011fi hakk\u0131ndan faydalanacak olan sporcular\u0131m\u0131z\u0131n a\u015fa\u011f\u0131daki tabloda yer alan \u015fartlar\u0131 ta\u015f\u0131malar\u0131 halinde,\u00a0<strong><u>Federasyonumuzca 21 \u2013 22 Aral\u0131k 2024 tarihlerinde d\u00fczenlenecek olan Siyah Ku\u015fak ve Dan S\u0131navlar\u0131na\u00a0<mark class=\"has-inline-color has-vivid-red-color\">kat\u0131l\u0131m sa\u011flamadan<\/mark>,\u00a0<\/u><\/strong>Federasyonumuz internet sitesinde ileri tarihlerde yap\u0131lacak duyurular\u0131 takip ederek,\u00a0<strong><u>Dan Denkli\u011fi S\u0131navlar\u0131na kat\u0131l\u0131m sa\u011flamalar\u0131 gerekmektedir.<\/u><\/strong><\/p>\n<p>\u00a0<\/p>\n<figure class=\"wp-block-table\">\n<table class=\"has-fixed-layout\">\n<tbody>\n<tr>\n<td><strong>DENKL\u0130\u011e\u0130 KAPSAYAN YIL<\/strong><\/td>\n<td><strong>MEVCUT KU\u015eAK DERECES\u0130<\/strong><\/td>\n<td><strong>EN AZ BEKLEME S\u00dcRELER\u0130<\/strong><\/td>\n<td><strong>DENKL\u0130K YAPILACAK KU\u015eAK DERECES\u0130<\/strong><\/td>\n<\/tr>\n<tr>\n<td>2020 (ve \u00f6ncesi)<\/td>\n<td>1.DAN<\/td>\n<td>3 YIL<\/td>\n<td>3.DAN<\/td>\n<\/tr>\n<tr>\n<td>2018 (ve \u00f6ncesi)<\/td>\n<td>2.DAN<\/td>\n<td>5 YIL<\/td>\n<td>4.DAN<\/td>\n<\/tr>\n<tr>\n<td>2016 (ve \u00f6ncesi)<\/td>\n<td>3.DAN<\/td>\n<td>7 YIL<\/td>\n<td>5.DAN<\/td>\n<\/tr>\n<\/tbody>\n<\/table>\n<\/figure>\n\n\n","protected":false},"excerpt":{"rendered":"<p>GE\u00c7M\u0130\u015e YILLARDA S\u0130YAH KU\u015eAK ALMI\u015e FAKAT \u00c7E\u015e\u0130TL\u0130 NEDENLERDEN DOLAYI S\u0130YAH KU\u015eAK VE DAN SINAVLARINA KATILIM SA\u011eLAYAMAYAN SPORCULARIMIZIN D\u0130KKAT\u0130NE ! Federasyonumuz Y\u00f6netim Kurulunun 25.11.2024 tarih ve 12 say\u0131l\u0131 al\u0131nan karar\u0131 gere\u011fince; Spor Hizmetleri Genel M\u00fcd\u00fcrl\u00fc\u011f\u00fc sitesinde 20.12.2024 tarihinde yay\u0131mlanarak y\u00fcr\u00fcrl\u00fc\u011fe giren T\u00fcrkiye Taekwondo Federasyonu G\u0131p ve Dan Ku\u015fak S\u0131nav Talimat\u0131nda De\u011fi\u015fiklik Yap\u0131lmas\u0131na Dair Talimat do\u011frultusunda; ge\u00e7mi\u015f [&hellip;]<\/p>\n","protected":false},"author":2,"featured_media":8267,"comment_status":"closed","ping_status":"closed","sticky":false,"template":"","format":"standard","meta":{"footnotes":""},"categories":[10],"tags":[],"class_list":["post-8412","post","type-post","status-publish","format-standard","has-post-thumbnail","hentry","category-ttf-haberler"],"_links":{"self":[{"href":"https:\/\/isttit.com\/index.php?rest_route=\/wp\/v2\/posts\/8412","targetHints":{"allow":["GET"]}}],"collection":[{"href":"https:\/\/isttit.com\/index.php?rest_route=\/wp\/v2\/posts"}],"about":[{"href":"https:\/\/isttit.com\/index.php?rest_route=\/wp\/v2\/types\/post"}],"author":[{"embeddable":true,"href":"https:\/\/isttit.com\/index.php?rest_route=\/wp\/v2\/users\/2"}],"replies":[{"embeddable":true,"href":"https:\/\/isttit.com\/index.php?rest_route=%2Fwp%2Fv2%2Fcomments&post=8412"}],"version-history":[{"count":1,"href":"https:\/\/isttit.com\/index.php?rest_route=\/wp\/v2\/posts\/8412\/revisions"}],"predecessor-version":[{"id":8413,"href":"https:\/\/isttit.com\/index.php?rest_route=\/wp\/v2\/posts\/8412\/revisions\/8413"}],"wp:featuredmedia":[{"embeddable":true,"href":"https:\/\/isttit.com\/index.php?rest_route=\/wp\/v2\/media\/8267"}],"wp:attachment":[{"href":"https:\/\/isttit.com\/index.php?rest_route=%2Fwp%2Fv2%2Fmedia&parent=8412"}],"wp:term":[{"taxonomy":"category","embeddable":true,"href":"https:\/\/isttit.com\/index.php?rest_route=%2Fwp%2Fv2%2Fcategories&post=8412"},{"taxonomy":"post_tag","embeddable":true,"href":"https:\/\/isttit.com\/index.php?rest_route=%2Fwp%2Fv2%2Ftags&post=8412"}],"curies":[{"name":"wp","href":"https:\/\/api.w.org\/{rel}","templated":true}]}}