{"id":8479,"date":"2025-02-18T11:45:20","date_gmt":"2025-02-18T11:45:20","guid":{"rendered":"https:\/\/isttit.com\/?p=8479"},"modified":"2025-02-18T11:45:21","modified_gmt":"2025-02-18T11:45:21","slug":"tanrikulu-tum-misafirler-simdiden-turkiye-open-2026yi-soruyor","status":"publish","type":"post","link":"https:\/\/isttit.com\/?p=8479","title":{"rendered":"Tanr\u0131kulu: \u201cT\u00fcm misafirler \u015fimdiden T\u00fcrkiye Open 2026\u2019y\u0131 soruyor\u201d"},"content":{"rendered":"\n<p>T\u00fcrkiye Taekwondo Federasyonu Ba\u015fkan\u0131 Bahri Tanr\u0131kulu, Antalya\u2019da d\u00fczenlenen 12. Uluslararas\u0131 T\u00fcrkiye A\u00e7\u0131k Taekwondo Turnuvas\u0131\u2019n\u0131n tamamlanmas\u0131n\u0131n ard\u0131ndan de\u011ferlendirmelerde bulundu.<\/p>\n<p>Organizasyonun hem sportif hem de y\u00f6netimsel anlamda b\u00fcy\u00fck ba\u015far\u0131ya ula\u015ft\u0131\u011f\u0131n\u0131 belirten Tanr\u0131kulu, yabanc\u0131 misafirlerin Antalya\u2019dan ayr\u0131lmadan \u00f6nce 2026\u2019da d\u00fczenlenecek 13. Uluslararas\u0131 T\u00fcrkiye A\u00e7\u0131k Taekwondo Turnuvas\u0131\u2019n\u0131 merakla beklediklerini ifade etti.<\/p>\n<p>G\u00f6reve d\u00f6rt ay \u00f6nce ba\u015flayan federasyonun, k\u0131sa s\u00fcrede bu turnuvaya titizlikle haz\u0131rland\u0131\u011f\u0131n\u0131 vurgulayan Tanr\u0131kulu, \u201cG\u00f6reve geldikten sonra s\u0131n\u0131rl\u0131 s\u00fcremize ra\u011fmen \u00f6nemli i\u015flere imza att\u0131k. Kollar\u0131 s\u0131vad\u0131k ve 60 \u00fclkeden yakla\u015f\u0131k 3.000 sporcuyu a\u011f\u0131rlad\u0131k. Y\u00f6netici, antren\u00f6r ya da sporcu farketmeksizin, buradan ayr\u0131lan her konuk bize son derece olumlu geri bildirimlerde bulundu. \u00d6zellikle yabanc\u0131 misafirler, T\u00fcrkiye Open 2026\u2019y\u0131 \u015fimdiden merakla beklediklerini belirttiler.\u201d dedi.<\/p>\n<p>Ba\u015fkan Tanr\u0131kulu, \u201cAmac\u0131m\u0131z \u00fclkemizin ve bayra\u011f\u0131m\u0131z\u0131n g\u00fcc\u00fcn\u00fc her alanda g\u00f6stermek. Y\u0131llarca sporcu olarak \u00fclkemize hizmet ettikten sonra, \u015fimdi de y\u00f6neticilik koltu\u011funda tecr\u00fcbemizi aktar\u0131yoruz. Antalya\u2019daki organizasyonu izleyen d\u00fcnya taekwondo camias\u0131n\u0131n \u00f6nde gelen isimleri, \u00fclkemizin art\u0131k Avrupa ve D\u00fcnya \u015eampiyonas\u0131 d\u00fczenleyebilecek seviyeye geldi\u011fini s\u00f6yl\u00fcyor. G\u00f6reve sadece d\u00f6rt ay \u00f6nce gelmi\u015f bir federasyon i\u00e7in b\u00f6yle s\u00f6zleri duymak \u00e7ok anlaml\u0131. Bu organizasyonun hayata ge\u00e7mesinde desteklerini esirgemeyen Cumhurba\u015fkan\u0131m\u0131z Recep Tayyip Erdo\u011fan\u2019a, Gen\u00e7lik ve Spor Bakan\u0131m\u0131z Dr. Osman A\u015fk\u0131n Bak\u2019a, Bakan Yard\u0131mc\u0131m\u0131z Hamza Yerlikaya\u2019ya ve Spor Genel M\u00fcd\u00fcr\u00fcm\u00fcz Veli Ozan \u00c7ak\u0131r\u2019a bir kez daha te\u015fekk\u00fcr ediyorum.\u201d \u015feklinde konu\u015ftu.<\/p>\n<p>Turnuvan\u0131n organizasyon ve sportif anlamda da b\u00fcy\u00fck ba\u015far\u0131ya imza att\u0131\u011f\u0131n\u0131 belirten Tanr\u0131kulu, \u201cDaha \u00f6nce G1 seviyesinde d\u00fczenlenen bu turnuvan\u0131n G2 seviyesinde ger\u00e7ekle\u015ftirilmesi \u00f6nemli bir geli\u015fmeydi. Bununla yetinmedik; GEN 3 olarak adland\u0131r\u0131lan en son sistemle m\u00fcsabakalar\u0131 oynatt\u0131k ve bu anlamda da sporcular\u0131n ilgisi fazlayd\u0131. T\u00fcm sporcular\u0131m\u0131z\u0131n sergiledikleri performanstan b\u00fcy\u00fck mutluluk duyuyoruz. Umar\u0131m t\u00fcm sporcular\u0131m\u0131z bu ba\u015far\u0131lar\u0131n\u0131 katlayarak s\u00fcrd\u00fcr\u00fcrler.\u201d dedi.<\/p>\n\n\n","protected":false},"excerpt":{"rendered":"<p>T\u00fcrkiye Taekwondo Federasyonu Ba\u015fkan\u0131 Bahri Tanr\u0131kulu, Antalya\u2019da d\u00fczenlenen 12. Uluslararas\u0131 T\u00fcrkiye A\u00e7\u0131k Taekwondo Turnuvas\u0131\u2019n\u0131n tamamlanmas\u0131n\u0131n ard\u0131ndan de\u011ferlendirmelerde bulundu. Organizasyonun hem sportif hem de y\u00f6netimsel anlamda b\u00fcy\u00fck ba\u015far\u0131ya ula\u015ft\u0131\u011f\u0131n\u0131 belirten Tanr\u0131kulu, yabanc\u0131 misafirlerin Antalya\u2019dan ayr\u0131lmadan \u00f6nce 2026\u2019da d\u00fczenlenecek 13. Uluslararas\u0131 T\u00fcrkiye A\u00e7\u0131k Taekwondo Turnuvas\u0131\u2019n\u0131 merakla beklediklerini ifade etti. G\u00f6reve d\u00f6rt ay \u00f6nce ba\u015flayan federasyonun, k\u0131sa s\u00fcrede [&hellip;]<\/p>\n","protected":false},"author":2,"featured_media":8480,"comment_status":"closed","ping_status":"closed","sticky":false,"template":"","format":"standard","meta":{"footnotes":""},"categories":[10],"tags":[],"class_list":["post-8479","post","type-post","status-publish","format-standard","has-post-thumbnail","hentry","category-ttf-haberler"],"_links":{"self":[{"href":"https:\/\/isttit.com\/index.php?rest_route=\/wp\/v2\/posts\/8479","targetHints":{"allow":["GET"]}}],"collection":[{"href":"https:\/\/isttit.com\/index.php?rest_route=\/wp\/v2\/posts"}],"about":[{"href":"https:\/\/isttit.com\/index.php?rest_route=\/wp\/v2\/types\/post"}],"author":[{"embeddable":true,"href":"https:\/\/isttit.com\/index.php?rest_route=\/wp\/v2\/users\/2"}],"replies":[{"embeddable":true,"href":"https:\/\/isttit.com\/index.php?rest_route=%2Fwp%2Fv2%2Fcomments&post=8479"}],"version-history":[{"count":1,"href":"https:\/\/isttit.com\/index.php?rest_route=\/wp\/v2\/posts\/8479\/revisions"}],"predecessor-version":[{"id":8481,"href":"https:\/\/isttit.com\/index.php?rest_route=\/wp\/v2\/posts\/8479\/revisions\/8481"}],"wp:featuredmedia":[{"embeddable":true,"href":"https:\/\/isttit.com\/index.php?rest_route=\/wp\/v2\/media\/8480"}],"wp:attachment":[{"href":"https:\/\/isttit.com\/index.php?rest_route=%2Fwp%2Fv2%2Fmedia&parent=8479"}],"wp:term":[{"taxonomy":"category","embeddable":true,"href":"https:\/\/isttit.com\/index.php?rest_route=%2Fwp%2Fv2%2Fcategories&post=8479"},{"taxonomy":"post_tag","embeddable":true,"href":"https:\/\/isttit.com\/index.php?rest_route=%2Fwp%2Fv2%2Ftags&post=8479"}],"curies":[{"name":"wp","href":"https:\/\/api.w.org\/{rel}","templated":true}]}}