{"id":8572,"date":"2025-04-16T14:10:32","date_gmt":"2025-04-16T14:10:32","guid":{"rendered":"https:\/\/isttit.com\/?p=8572"},"modified":"2025-04-16T14:10:32","modified_gmt":"2025-04-16T14:10:32","slug":"2025-umitler-milli-takim-secme-kriterleri","status":"publish","type":"post","link":"https:\/\/isttit.com\/?p=8572","title":{"rendered":"2025 \u00dcmitler Milli Tak\u0131m Se\u00e7me Kriterleri"},"content":{"rendered":"\n<p>\u00dcM\u0130TLER T\u00dcRK\u0130YE TAEKWONDO \u015eAMP\u0130YONASI (28 N\u0130SAN -02 MAYIS 2025 SAMSUN )\u00a0\u00a0<\/p>\n<p>\u00a0\u00dcM\u0130TLER M\u0130LL\u0130 TAKIM SE\u00c7MELER\u0130 (\u00a003-04 MAYIS 2025 SAMSUN )<\/p>\n<p><strong>YAPILACAK \u0130LK ULUSLARARASI TURNUVAYA KATILIM KR\u0130TERLER\u0130 (WT BA\u015eKANLIK KUPASI BULGAR\u0130STAN \/ SOFYA\u00a0 16-18 MAYIS 2025 )\u00a0<\/strong><br \/><br \/><strong>1-<\/strong>\u00a0T\u00fcrkiye \u00dcmitler Taekwondo \u015eampiyonas\u0131nda sikletinde 1.olan sporcu Milli Tak\u0131m ad\u0131na direkt kat\u0131lacakt\u0131r.<br \/><br \/><strong>2-\u00a0<\/strong>Milli Tak\u0131m ad\u0131na yar\u0131\u015facak 2. tak\u0131m se\u00e7me kriterleri:<br \/>\u00a0\u00a0\u00a0\u00a0<br \/>\u00a0\u00a0\u00a0\u00a0\u00a0\u00a0\u00a0\u00a0\u00a0\u00a0\u00a0\u00a0\u00a0\u00a0\u00a0 a- T\u00fcrkiye \u00dcmitler Taekwondo \u015eampiyonas\u0131nda sikletinde ilk sekize (8) giren sporcular\u00a0\u00a0\u00a0\u00a0\u00a0\u00a0\u00a0\u00a0\u00a0\u00a0\u00a0\u00a0\u00a0\u00a0\u00a0<\/p>\n<p>\u00a0\u00a0\u00a0\u00a0\u00a0\u00a0\u00a0\u00a0\u00a0\u00a0\u00a0\u00a0\u00a0\u00a0\u00a0 b- \u015eampiyonada sikletinde birinci (1) olan sporcuya (2-1) yenilen sporcular<br \/><br \/>\u00a0\u00a0\u00a0\u00a0\u00a0\u00a0\u00a0\u00a0\u00a0\u00a0\u00a0\u00a0\u00a0\u00a0\u00a0 c- \u015eampiyonada Teknik Kurul Taraf\u0131ndan izlenerek uygun g\u00f6r\u00fclen sporcular<\/p>\n<p>\u00a0\u00a0\u00a0\u00a0\u00a0\u00a0\u00a0\u00a0\u00a0\u00a0\u00a0\u00a0\u00a0\u00a0\u00a0 d- Teknik Kurul gerekli g\u00f6rd\u00fc\u011f\u00fc hallerde se\u00e7me listesinde direkt gidecek sporcu isimlerinde\u00a0\u00a0ve se\u00e7me m\u00fcsabakalar\u0131n\u0131n kurallar\u0131nda de\u011fi\u015fiklik yapabilir. Sporcular\u0131n kamp \u00e7al\u0131\u015fmalar\u0131na kat\u0131l\u0131m\u0131,performanslar\u0131,kilo durumu,sa\u011fl\u0131k ko\u015fullar\u0131 ve disiplin durumlar\u0131na ba\u011fl\u0131 olarak ,Teknik Kurul tekrar se\u00e7me m\u00fcsabakas\u0131 d\u00fczenleyebilir veya milli tak\u0131m listesinde de\u011fi\u015fiklik yapabilir.<\/p>\n<p><strong>3-<\/strong>\u00a02025 Y\u0131l\u0131nda T\u00fcrkiye Milli Tak\u0131m\u0131 ad\u0131na B\u00fcy\u00fckler D\u00fcnya Taekwondo \u015eampiyonas\u0131n\u0131 sikletinde garantileyen ve ayn\u0131 zamanda \u00dcmitler kategorisinde yar\u0131\u015facak olan sporcular.<\/p>\n\n\n","protected":false},"excerpt":{"rendered":"<p>\u00dcM\u0130TLER T\u00dcRK\u0130YE TAEKWONDO \u015eAMP\u0130YONASI (28 N\u0130SAN -02 MAYIS 2025 SAMSUN )\u00a0\u00a0 \u00a0\u00dcM\u0130TLER M\u0130LL\u0130 TAKIM SE\u00c7MELER\u0130 (\u00a003-04 MAYIS 2025 SAMSUN ) YAPILACAK \u0130LK ULUSLARARASI TURNUVAYA KATILIM KR\u0130TERLER\u0130 (WT BA\u015eKANLIK KUPASI BULGAR\u0130STAN \/ SOFYA\u00a0 16-18 MAYIS 2025 )\u00a0 1-\u00a0T\u00fcrkiye \u00dcmitler Taekwondo \u015eampiyonas\u0131nda sikletinde 1.olan sporcu Milli Tak\u0131m ad\u0131na direkt kat\u0131lacakt\u0131r. 2-\u00a0Milli Tak\u0131m ad\u0131na yar\u0131\u015facak 2. tak\u0131m se\u00e7me [&hellip;]<\/p>\n","protected":false},"author":2,"featured_media":8267,"comment_status":"open","ping_status":"open","sticky":false,"template":"","format":"standard","meta":{"footnotes":""},"categories":[10],"tags":[],"class_list":["post-8572","post","type-post","status-publish","format-standard","has-post-thumbnail","hentry","category-ttf-haberler"],"_links":{"self":[{"href":"https:\/\/isttit.com\/index.php?rest_route=\/wp\/v2\/posts\/8572","targetHints":{"allow":["GET"]}}],"collection":[{"href":"https:\/\/isttit.com\/index.php?rest_route=\/wp\/v2\/posts"}],"about":[{"href":"https:\/\/isttit.com\/index.php?rest_route=\/wp\/v2\/types\/post"}],"author":[{"embeddable":true,"href":"https:\/\/isttit.com\/index.php?rest_route=\/wp\/v2\/users\/2"}],"replies":[{"embeddable":true,"href":"https:\/\/isttit.com\/index.php?rest_route=%2Fwp%2Fv2%2Fcomments&post=8572"}],"version-history":[{"count":1,"href":"https:\/\/isttit.com\/index.php?rest_route=\/wp\/v2\/posts\/8572\/revisions"}],"predecessor-version":[{"id":8573,"href":"https:\/\/isttit.com\/index.php?rest_route=\/wp\/v2\/posts\/8572\/revisions\/8573"}],"wp:featuredmedia":[{"embeddable":true,"href":"https:\/\/isttit.com\/index.php?rest_route=\/wp\/v2\/media\/8267"}],"wp:attachment":[{"href":"https:\/\/isttit.com\/index.php?rest_route=%2Fwp%2Fv2%2Fmedia&parent=8572"}],"wp:term":[{"taxonomy":"category","embeddable":true,"href":"https:\/\/isttit.com\/index.php?rest_route=%2Fwp%2Fv2%2Fcategories&post=8572"},{"taxonomy":"post_tag","embeddable":true,"href":"https:\/\/isttit.com\/index.php?rest_route=%2Fwp%2Fv2%2Ftags&post=8572"}],"curies":[{"name":"wp","href":"https:\/\/api.w.org\/{rel}","templated":true}]}}