{"id":8631,"date":"2025-05-28T13:03:46","date_gmt":"2025-05-28T13:03:46","guid":{"rendered":"https:\/\/isttit.com\/?p=8631"},"modified":"2025-05-28T13:03:46","modified_gmt":"2025-05-28T13:03:46","slug":"2025-turkiye-minikler-taekwondo-sampiyonasi","status":"publish","type":"post","link":"https:\/\/isttit.com\/?p=8631","title":{"rendered":"2025 T\u00fcrkiye Minikler Taekwondo \u015eampiyonas\u0131"},"content":{"rendered":"\n<p>T\u00fcrkiye Taekwondo Federasyonu\u2019nun 2025 Y\u0131l\u0131 Faaliyet Program\u0131nda yer alan Minikler T\u00fcrkiye Taekwondo \u015eampiyonas\u0131n\u0131 24-29 Haziran 2025 tarihleri aras\u0131nda Ankara\u2019da yap\u0131lmas\u0131 planlanmaktad\u0131r.<\/p>\n<p><strong>M\u00dcSABAKA PROGRAMI<\/strong><\/p>\n<figure class=\"wp-block-table\">\n<table class=\"has-fixed-layout\">\n<tbody>\n<tr>\n<td class=\"has-text-align-center\" data-align=\"center\">\u00a0<\/td>\n<td class=\"has-text-align-center\" data-align=\"center\">24 HAZ\u0130RAN<\/td>\n<td class=\"has-text-align-center\" data-align=\"center\">25 HAZ\u0130RAN<\/td>\n<td class=\"has-text-align-center\" data-align=\"center\">26 HAZ\u0130RAN<\/td>\n<td class=\"has-text-align-center\" data-align=\"center\">27 HAZ\u0130RAN<\/td>\n<td class=\"has-text-align-center\" data-align=\"center\">28 HAZ\u0130RAN<\/td>\n<td class=\"has-text-align-center\" data-align=\"center\">29 HAZ\u0130RAN<\/td>\n<\/tr>\n<tr>\n<td class=\"has-text-align-center\" data-align=\"center\">ERKEKLER<\/td>\n<td class=\"has-text-align-center\" data-align=\"center\">27 &amp; 33 Kg<\/td>\n<td class=\"has-text-align-center\" data-align=\"center\">45 &amp; 36 Kg<\/td>\n<td class=\"has-text-align-center\" data-align=\"center\">40 Kg<\/td>\n<td class=\"has-text-align-center\" data-align=\"center\">50 Kg<\/td>\n<td class=\"has-text-align-center\" data-align=\"center\">30 Kg<\/td>\n<td class=\"has-text-align-center\" data-align=\"center\">57 &amp; +57 Kg<\/td>\n<\/tr>\n<tr>\n<td class=\"has-text-align-center\" data-align=\"center\">KIZLAR<\/td>\n<td class=\"has-text-align-center\" data-align=\"center\">36 Kg<\/td>\n<td class=\"has-text-align-center\" data-align=\"center\">40 Kg<\/td>\n<td class=\"has-text-align-center\" data-align=\"center\">30 &amp; 50 Kg<\/td>\n<td class=\"has-text-align-center\" data-align=\"center\">27 &amp; 45 Kg<\/td>\n<td class=\"has-text-align-center\" data-align=\"center\">33 &amp; +57 Kg<\/td>\n<td class=\"has-text-align-center\" data-align=\"center\">57 Kg<\/td>\n<\/tr>\n<\/tbody>\n<\/table>\n<\/figure>\n<p>\u00a0<\/p>\n<p><strong>M\u00dcSABAKA B\u0130LG\u0130LER\u0130 ve ONLINE KAYIT<\/strong><\/p>\n<p><strong>M\u00fcsabaka Tarihi<\/strong>\u00a0: 24-29 Haziran 2025 \u00a0<\/p>\n<p><strong>M\u00fcsabaka Yeri<\/strong>\u00a0: Taha Akg\u00fcl Spor Salonu Ankara<\/p>\n<p><strong>Teknik Toplant\u0131<\/strong>\u00a0: 23 Haziran 2025 \u2013 Saat : 17:00<\/p>\n<p><strong>Tart\u0131<\/strong>\u00a0: 23 Haziran 2025 \u2013 Saat: 10.00 \u2013 14.00 ( \u0130lk g\u00fcn m\u00fcsabakalar\u0131n\u0131n tart\u0131s\u0131 ) \u2013 Her s\u0131kletin tart\u0131s\u0131 o s\u0131kletin m\u00fcsabaka g\u00fcn\u00fcnden bir g\u00fcn \u00f6nce yap\u0131lacakt\u0131r.<\/p>\n<p>Sporcu kay\u0131tlar\u0131, kul\u00fcpler taraf\u0131ndan Federasyonun internet sitesinin alt taraf\u0131nda bulunan \u201cOnline M\u00fcsabaka Kay\u0131t\u201d b\u00f6l\u00fcm\u00fcndeki link t\u0131klanarak ula\u015f\u0131lacak sayfadan, daha \u00f6nce Federasyondan alm\u0131\u015f olduklar\u0131 kul\u00fcp \u015fifreleriyle yap\u0131labilecek olup,\u00a0online kay\u0131t\u00a0<strong>19 Haziran 2025<\/strong>\u00a0Per\u015fembe saat 24:00\u2019de sona erecektir. Online kay\u0131t s\u00fcresi uzat\u0131lmayacakt\u0131r.<\/p>\n<p>Ferdi sporcular\u0131n kay\u0131tlar\u0131 ise ekte sunulan dilek\u00e7enin eksiksiz doldurularak, a\u015fa\u011f\u0131da belirtilen e-posta adresine veya\u00a0Federasyonumuza faks yoluyla\u00a0<strong>19 Haziran 2025\u00a0<\/strong>tarihi mesai bitimine kadar ba\u015fvurmalar\u0131 halinde yap\u0131lacakt\u0131r.<br \/>** Online Geli\u015fim Seminerinde 2025 Y\u0131l\u0131 Vizesini yapt\u0131ran antren\u00f6r ve hakemlerimize da\u011f\u0131t\u0131lan akreditasyon kart\u0131n\u0131 kaybedenler T\u00fcrkiye Taekwondo Federasyonu TL hesab\u0131na (<strong>TR32 0003 2000 0000 0135 5652 84<\/strong>)\u00a0<strong>300 TL<\/strong>\u00a0yat\u0131rarak yeni akreditasyon kart\u0131 bast\u0131rabileceklerdir.<\/p>\n<p>** Deneme tart\u0131s\u0131na \u00e7\u0131k\u0131p, resmi tart\u0131 \u00f6ncesi s\u0131klet de\u011fi\u015fikli\u011fi yapmak isteyen sporcular bu i\u015flemi T\u00fcrkiye Taekwondo Federasyonu TL hesab\u0131na (<strong>TR32 0003 2000 0000 0135 5652 84)300 TL<\/strong>\u00a0yat\u0131rarak yapabileceklerdir.<\/p>\n<p>** \u015eampiyonaya kay\u0131t yapt\u0131rmadan gelen sporcular, il m\u00fcd\u00fcrl\u00fckleri listesinde yer almalar\u0131 halinde T\u00fcrkiye Taekwondo Federasyonu TL hesab\u0131na (<strong>TR32 0003 2000 0000 0135 5652 84<\/strong>)\u00a0<strong>300 TL<\/strong>\u00a0yat\u0131rarak ge\u00e7 kay\u0131tlar\u0131n\u0131 yapt\u0131rabileceklerdir.<\/p>\n<p><strong>\u00d6nemli Not: M\u00fcsabakalara kay\u0131t yapacak sporcular \u0130L M\u00dcD\u00dcRL\u00dcKLER\u0130 taraf\u0131ndan g\u00f6nderilecek listelerde yer alan sporcular olmal\u0131d\u0131r.<\/strong><\/p>\n<p>\u2013Federasyonumuzca harc\u0131rahlar\u0131 \u00f6denmeyen kafilelerin idareci, antren\u00f6r ve sporcular\u0131n\u0131n harc\u0131rahlar\u0131 \u201cDevlet Bakanl\u0131\u011f\u0131n\u0131n 07\/06\/2007 tarih ve 2461 say\u0131l\u0131 genelgesi uyar\u0131nca Gen\u00e7lik ve Spor \u0130l M\u00fcd\u00fcrl\u00fcklerince kar\u015f\u0131lanabilecektir.\u201d denilmekte olup; harc\u0131rahlar Gen\u00e7lik ve Spor \u0130l M\u00fcd\u00fcrl\u00fcklerince kar\u015f\u0131lanabilecektir.<\/p>\n<p>E-posta : info@taekwondo.org.tr<\/p>\n<p>Telefon : +90.312.310 88 16 \/ dahili: 113 ve 114<\/p>\n<p>Faks : +90.312.310 90 42<\/p>\n<p><strong><a href=\"https:\/\/turkiyetaekwondofed.gov.tr\/wp-content\/uploads\/2025\/05\/FerdiDilekce_2025Minik.docx\" target=\"_blank\" rel=\"noreferrer noopener\" data-type=\"link\" data-id=\"https:\/\/turkiyetaekwondofed.gov.tr\/wp-content\/uploads\/2025\/05\/FerdiDilekce_2025Minik.docx\">Ferdi sporcular\u0131n kat\u0131l\u0131m dilek\u00e7esi i\u00e7in t\u0131klay\u0131n\u0131z.<\/a><\/strong><\/p>\n<p><strong><a href=\"https:\/\/www.taekwondoturkiye.com\/kayittae\/Sinav.asp\" target=\"_blank\" rel=\"noreferrer noopener\" data-type=\"link\" data-id=\"https:\/\/www.taekwondoturkiye.com\/kayittae\/Sinav.asp\">M\u00fcsabakalara online kay\u0131t yapt\u0131rmak i\u00e7in t\u0131klay\u0131n\u0131z.<\/a><\/strong><\/p>\n\n\n","protected":false},"excerpt":{"rendered":"<p>T\u00fcrkiye Taekwondo Federasyonu\u2019nun 2025 Y\u0131l\u0131 Faaliyet Program\u0131nda yer alan Minikler T\u00fcrkiye Taekwondo \u015eampiyonas\u0131n\u0131 24-29 Haziran 2025 tarihleri aras\u0131nda Ankara\u2019da yap\u0131lmas\u0131 planlanmaktad\u0131r. M\u00dcSABAKA PROGRAMI \u00a0 24 HAZ\u0130RAN 25 HAZ\u0130RAN 26 HAZ\u0130RAN 27 HAZ\u0130RAN 28 HAZ\u0130RAN 29 HAZ\u0130RAN ERKEKLER 27 &amp; 33 Kg 45 &amp; 36 Kg 40 Kg 50 Kg 30 Kg 57 &amp; +57 Kg [&hellip;]<\/p>\n","protected":false},"author":2,"featured_media":8632,"comment_status":"closed","ping_status":"open","sticky":false,"template":"","format":"standard","meta":{"footnotes":""},"categories":[10],"tags":[],"class_list":["post-8631","post","type-post","status-publish","format-standard","has-post-thumbnail","hentry","category-ttf-haberler"],"_links":{"self":[{"href":"https:\/\/isttit.com\/index.php?rest_route=\/wp\/v2\/posts\/8631","targetHints":{"allow":["GET"]}}],"collection":[{"href":"https:\/\/isttit.com\/index.php?rest_route=\/wp\/v2\/posts"}],"about":[{"href":"https:\/\/isttit.com\/index.php?rest_route=\/wp\/v2\/types\/post"}],"author":[{"embeddable":true,"href":"https:\/\/isttit.com\/index.php?rest_route=\/wp\/v2\/users\/2"}],"replies":[{"embeddable":true,"href":"https:\/\/isttit.com\/index.php?rest_route=%2Fwp%2Fv2%2Fcomments&post=8631"}],"version-history":[{"count":1,"href":"https:\/\/isttit.com\/index.php?rest_route=\/wp\/v2\/posts\/8631\/revisions"}],"predecessor-version":[{"id":8633,"href":"https:\/\/isttit.com\/index.php?rest_route=\/wp\/v2\/posts\/8631\/revisions\/8633"}],"wp:featuredmedia":[{"embeddable":true,"href":"https:\/\/isttit.com\/index.php?rest_route=\/wp\/v2\/media\/8632"}],"wp:attachment":[{"href":"https:\/\/isttit.com\/index.php?rest_route=%2Fwp%2Fv2%2Fmedia&parent=8631"}],"wp:term":[{"taxonomy":"category","embeddable":true,"href":"https:\/\/isttit.com\/index.php?rest_route=%2Fwp%2Fv2%2Fcategories&post=8631"},{"taxonomy":"post_tag","embeddable":true,"href":"https:\/\/isttit.com\/index.php?rest_route=%2Fwp%2Fv2%2Ftags&post=8631"}],"curies":[{"name":"wp","href":"https:\/\/api.w.org\/{rel}","templated":true}]}}