{"id":8782,"date":"2025-09-08T13:02:17","date_gmt":"2025-09-08T13:02:17","guid":{"rendered":"https:\/\/isttit.com\/?p=8782"},"modified":"2025-09-08T13:02:57","modified_gmt":"2025-09-08T13:02:57","slug":"para-taekwondo-milli-takimi-secme-musabakasi","status":"publish","type":"post","link":"https:\/\/isttit.com\/?p=8782","title":{"rendered":"Para Taekwondo Milli Tak\u0131m\u0131 Se\u00e7me M\u00fcsabakas\u0131"},"content":{"rendered":"\n<p>D\u00fcrya Para Taekwondo \u015eampiyonas\u0131\u2019nda \u00fclkemizi temsil edecek milli tak\u0131m\u0131m\u0131z i\u00e7in se\u00e7me m\u00fcsabakas\u0131 d\u00fczenlenecektir.<\/p>\n<p><strong>Se\u00e7me Tarihi \u00a0\u00a0\u00a0\u00a0\u00a0\u00a0\u00a0\u00a0\u00a0\u00a0\u00a0\u00a0\u00a0\u00a0\u00a0\u00a0\u00a0\u00a0\u00a0\u00a0\u00a0\u00a0\u00a0\u00a0\u00a0\u00a0\u00a0\u00a0\u00a0\u00a0\u00a0\u00a0\u00a0\u00a0\u00a0\u00a0\u00a0\u00a0\u00a0\u00a0\u00a0\u00a0\u00a0\u00a0\u00a0\u00a0 :<\/strong>\u00a021 Eyl\u00fcl 2025 Pazar, Saat: 10.00<br \/><strong>S\u0131n\u0131fland\u0131rma ve Tart\u0131 Tarihi-Saati \u00a0\u00a0\u00a0\u00a0\u00a0\u00a0\u00a0\u00a0\u00a0 :<\/strong>\u00a020 Eyl\u00fcl 2025, Cumartesi, Saat 10.00<br \/><strong>Se\u00e7me ve Tart\u0131 Yeri \u00a0\u00a0\u00a0\u00a0\u00a0\u00a0\u00a0\u00a0\u00a0\u00a0\u00a0\u00a0\u00a0\u00a0\u00a0\u00a0\u00a0\u00a0\u00a0\u00a0\u00a0\u00a0\u00a0\u00a0\u00a0\u00a0\u00a0\u00a0\u00a0\u00a0\u00a0\u00a0\u00a0\u00a0\u00a0 :<\/strong>\u00a0\u0130smet Iraz Spor Salonu Ulus \/ Ankara<\/p>\n<ul class=\"wp-block-list\">\n<li>Se\u00e7meler \u201cDaedo(GEN2) Elektronik Sistem\u201d\u00a0 \u00a0ile yap\u0131lacakt\u0131r.<\/li>\n<\/ul>\n<ul class=\"wp-block-list\">\n<li>Se\u00e7me m\u00fcsabakalar\u0131nda D\u00fcnya Taekwondo Federasyonu\u2019nun (WT) son oyun kurallar\u0131 ge\u00e7erli olacakt\u0131r.<\/li>\n<\/ul>\n<ul class=\"wp-block-list\">\n<li>Se\u00e7meler sonucunda D\u00fcnya \u015eampiyonas\u0131na K44 kategorisinde her s\u0131klettle en fazla 2 sporcu se\u00e7ilecek olup, kat\u0131l\u0131m serbesttir.<\/li>\n<li>Sporcular se\u00e7meye istedikleri kiloda girebileceklerdir. (<strong>Kilo de\u011fi\u015fikli\u011fi serbesttir<\/strong>.)<\/li>\n<\/ul>\n<ul class=\"wp-block-list\">\n<li>Milli Tak\u0131m se\u00e7mesine kat\u0131lacak sporcu ve antren\u00f6rlerin izinleri Gen\u00e7lik ve Spor \u0130l M\u00fcd\u00fcrl\u00fckleri taraf\u0131ndan al\u0131nacak, ayr\u0131ca harc\u0131rahlar\u0131 da Gen\u00e7lik ve Spor \u0130l M\u00fcd\u00fcrl\u00fckleri veya Kul\u00fcpleri taraf\u0131ndan kar\u015f\u0131lanabilecek olup, Federasyonumuz taraf\u0131ndan se\u00e7melerde harc\u0131rah \u00f6denmeyecektir.<\/li>\n<\/ul>\n<p><strong>!! \u00d6NEML\u0130 !!<\/strong><\/p>\n<p><strong>Teknik Kurul gerekli g\u00f6rd\u00fc\u011f\u00fc hallerde se\u00e7me listelerinde, direkt gidecek sporcu isimlerinde ve se\u00e7me m\u00fcsabakalar\u0131n\u0131n kurallar\u0131nda de\u011fi\u015fiklikler yapabilir.<\/strong><\/p>\n<p><strong>Teknik Kurul se\u00e7me m\u00fcsabakalar\u0131n\u0131 kazanan sporcular\u0131n kamp \u00e7al\u0131\u015fmalar\u0131ndaki performans durumuna g\u00f6re tekrar se\u00e7me m\u00fcsabakas\u0131 yapabilir veya milli tak\u0131m listesinde de\u011fi\u015fikli\u011fe gidebilir.<\/strong><\/p>\n<p>\u00d6nemle duyurulur.<\/p>\n<figure class=\"wp-block-table\">\n<table class=\"has-fixed-layout\">\n<tbody>\n<tr>\n<td colspan=\"2\"><strong><mark class=\"has-inline-color has-vivid-red-color\">PARA TAEKWONDO D\u00dcNYA \u015eAMP\u0130YONASINA D\u0130REKT G\u0130DECEK K44 KYORUG\u0130 SPORCULARI<\/mark><\/strong><\/td>\n<\/tr>\n<tr>\n<td>K44 47 KG BAYANLAR<\/td>\n<td>K44 58 KG ERKEKLER<\/td>\n<\/tr>\n<tr>\n<td>NURC\u0130HAN EK\u0130NC\u0130 G\u00dcL<\/td>\n<td>AL\u0130 CAN \u00d6ZCAN<\/td>\n<\/tr>\n<tr>\n<td>B\u00dc\u015eRA EM\u0130RE<\/td>\n<td>\u00a0*<\/td>\n<\/tr>\n<tr>\n<td>K44 52 KG BAYANLAR<\/td>\n<td>K44 63 KG ERKEKLER<\/td>\n<\/tr>\n<tr>\n<td>MERYEM BET\u00dcL \u00c7AVDAR<\/td>\n<td>MAHMUT BOZTEKE<\/td>\n<\/tr>\n<tr>\n<td>L\u00dcTF\u0130YE \u00d6ZDA\u011e<\/td>\n<td>\u00a0*<\/td>\n<\/tr>\n<tr>\n<td>K44 57 KG BAYANLAR<\/td>\n<td>K44 70 KG ERKEKLER<\/td>\n<\/tr>\n<tr>\n<td>GAMZE \u00d6ZCAN<\/td>\n<td>FAT\u0130H \u00c7EL\u0130K<\/td>\n<\/tr>\n<tr>\n<td>\u00a0*<\/td>\n<td>YUSUF Y\u00dcNA\u00c7TI<\/td>\n<\/tr>\n<tr>\n<td>K44 65 KG BAYANLAR<\/td>\n<td>K44 80 KG ERKEKLER<\/td>\n<\/tr>\n<tr>\n<td>SE\u00c7\u0130L ER<\/td>\n<td>EMRE BULGUR<\/td>\n<\/tr>\n<tr>\n<td>\u00a0*<\/td>\n<td>\u00a0*<\/td>\n<\/tr>\n<tr>\n<td>K44 +65 KG BAYANLAR<\/td>\n<td>K44 80 KG ERKEKLER<\/td>\n<\/tr>\n<tr>\n<td>\u00a0*<\/td>\n<td>\u00a0*<\/td>\n<\/tr>\n<tr>\n<td>\u00a0*<\/td>\n<td>\u00a0*<\/td>\n<\/tr>\n<\/tbody>\n<\/table>\n<\/figure>\n<p>\u00a0<\/p>\n<figure class=\"wp-block-table\">\n<table class=\"has-fixed-layout\">\n<tbody>\n<tr>\n<td colspan=\"2\"><strong><mark class=\"has-inline-color has-vivid-red-color\">PARA TAEKWONDO D\u00dcNYA \u015eAMP\u0130YONASI \u0130\u00c7\u0130N SE\u00c7ME YAPILACAK SIKLETLER<\/mark><\/strong><\/td>\n<\/tr>\n<tr>\n<td>K44 57 KG BAYANLAR (1 Ki\u015fi )<\/td>\n<td>K44 58 KG ERKEKLER (1 Ki\u015fi )<\/td>\n<\/tr>\n<tr>\n<td>K44 65 KG BAYANLAR (1 Ki\u015fi )<\/td>\n<td>K44 63 KG ERKEKLER (1 Ki\u015fi )<\/td>\n<\/tr>\n<tr>\n<td>K44 +65 KG BAYANLAR (2 Ki\u015fi )<\/td>\n<td>K44 80 KG ERKEKLER (1 Ki\u015fi )<\/td>\n<\/tr>\n<tr>\n<td>\u00a0<\/td>\n<td>K44 +80 KG ERKEKLER (2 Ki\u015fi )<\/td>\n<\/tr>\n<\/tbody>\n<\/table>\n<\/figure>\n\n\n","protected":false},"excerpt":{"rendered":"<p>D\u00fcrya Para Taekwondo \u015eampiyonas\u0131\u2019nda \u00fclkemizi temsil edecek milli tak\u0131m\u0131m\u0131z i\u00e7in se\u00e7me m\u00fcsabakas\u0131 d\u00fczenlenecektir. Se\u00e7me Tarihi \u00a0\u00a0\u00a0\u00a0\u00a0\u00a0\u00a0\u00a0\u00a0\u00a0\u00a0\u00a0\u00a0\u00a0\u00a0\u00a0\u00a0\u00a0\u00a0\u00a0\u00a0\u00a0\u00a0\u00a0\u00a0\u00a0\u00a0\u00a0\u00a0\u00a0\u00a0\u00a0\u00a0\u00a0\u00a0\u00a0\u00a0\u00a0\u00a0\u00a0\u00a0\u00a0\u00a0\u00a0\u00a0\u00a0 :\u00a021 Eyl\u00fcl 2025 Pazar, Saat: 10.00S\u0131n\u0131fland\u0131rma ve Tart\u0131 Tarihi-Saati \u00a0\u00a0\u00a0\u00a0\u00a0\u00a0\u00a0\u00a0\u00a0 :\u00a020 Eyl\u00fcl 2025, Cumartesi, Saat 10.00Se\u00e7me ve Tart\u0131 Yeri \u00a0\u00a0\u00a0\u00a0\u00a0\u00a0\u00a0\u00a0\u00a0\u00a0\u00a0\u00a0\u00a0\u00a0\u00a0\u00a0\u00a0\u00a0\u00a0\u00a0\u00a0\u00a0\u00a0\u00a0\u00a0\u00a0\u00a0\u00a0\u00a0\u00a0\u00a0\u00a0\u00a0\u00a0\u00a0 :\u00a0\u0130smet Iraz Spor Salonu Ulus \/ Ankara Se\u00e7meler \u201cDaedo(GEN2) Elektronik Sistem\u201d\u00a0 \u00a0ile yap\u0131lacakt\u0131r. Se\u00e7me m\u00fcsabakalar\u0131nda D\u00fcnya Taekwondo Federasyonu\u2019nun (WT) [&hellip;]<\/p>\n","protected":false},"author":2,"featured_media":8267,"comment_status":"closed","ping_status":"open","sticky":false,"template":"","format":"standard","meta":{"footnotes":""},"categories":[10],"tags":[],"class_list":["post-8782","post","type-post","status-publish","format-standard","has-post-thumbnail","hentry","category-ttf-haberler"],"_links":{"self":[{"href":"https:\/\/isttit.com\/index.php?rest_route=\/wp\/v2\/posts\/8782","targetHints":{"allow":["GET"]}}],"collection":[{"href":"https:\/\/isttit.com\/index.php?rest_route=\/wp\/v2\/posts"}],"about":[{"href":"https:\/\/isttit.com\/index.php?rest_route=\/wp\/v2\/types\/post"}],"author":[{"embeddable":true,"href":"https:\/\/isttit.com\/index.php?rest_route=\/wp\/v2\/users\/2"}],"replies":[{"embeddable":true,"href":"https:\/\/isttit.com\/index.php?rest_route=%2Fwp%2Fv2%2Fcomments&post=8782"}],"version-history":[{"count":2,"href":"https:\/\/isttit.com\/index.php?rest_route=\/wp\/v2\/posts\/8782\/revisions"}],"predecessor-version":[{"id":8784,"href":"https:\/\/isttit.com\/index.php?rest_route=\/wp\/v2\/posts\/8782\/revisions\/8784"}],"wp:featuredmedia":[{"embeddable":true,"href":"https:\/\/isttit.com\/index.php?rest_route=\/wp\/v2\/media\/8267"}],"wp:attachment":[{"href":"https:\/\/isttit.com\/index.php?rest_route=%2Fwp%2Fv2%2Fmedia&parent=8782"}],"wp:term":[{"taxonomy":"category","embeddable":true,"href":"https:\/\/isttit.com\/index.php?rest_route=%2Fwp%2Fv2%2Fcategories&post=8782"},{"taxonomy":"post_tag","embeddable":true,"href":"https:\/\/isttit.com\/index.php?rest_route=%2Fwp%2Fv2%2Ftags&post=8782"}],"curies":[{"name":"wp","href":"https:\/\/api.w.org\/{rel}","templated":true}]}}