{"id":8795,"date":"2025-09-12T15:50:17","date_gmt":"2025-09-12T15:50:17","guid":{"rendered":"https:\/\/isttit.com\/?p=8795"},"modified":"2025-09-12T15:50:18","modified_gmt":"2025-09-12T15:50:18","slug":"avrupa-umitler-taekwondo-sampiyonasi-milli-takim-secme-musabakasi","status":"publish","type":"post","link":"https:\/\/isttit.com\/?p=8795","title":{"rendered":"Avrupa \u00dcmitler Taekwondo \u015eampiyonas\u0131 Milli Tak\u0131m Se\u00e7me M\u00fcsabakas\u0131"},"content":{"rendered":"\n<p>11-14 Aral\u0131k 2025 tarihlerinde Kosova\u2019da yap\u0131lacak olan Avrupa \u00dcmitler Taekwondo \u015eampiyonas\u0131\u2019nda \u00fclkemizi temsil edecek milli tak\u0131m\u0131m\u0131z\u0131n se\u00e7mesi i\u00e7in bir duyuru yay\u0131nland\u0131.<\/p>\n<p>Avrupa \u00dcmitler Milli Tak\u0131m Se\u00e7me M\u00fcsabakalar\u0131 30 Eyl\u00fcl 2025 tarihi tart\u0131 , 1 Ekim 2025 tarinde\u00a0 Antalya\/Alanya\u2019da Atat\u00fcrk Spor Salonunda yap\u0131lmas\u0131 planlanmaktad\u0131r.<\/p>\n<p><strong>Se\u00e7me Tarihi \u00a0\u00a0\u00a0\u00a0\u00a0\u00a0\u00a0\u00a0\u00a0\u00a0\u00a0\u00a0\u00a0\u00a0\u00a0\u00a0\u00a0\u00a0\u00a0\u00a0\u00a0\u00a0\u00a0\u00a0\u00a0\u00a0\u00a0\u00a0\u00a0\u00a0\u00a0\u00a0\u00a0\u00a0\u00a0\u00a0\u00a0\u00a0\u00a0\u00a0 :<\/strong>\u00a001 Ekim 2025\u00a0 Saat: 09.00<br \/><strong>Tart\u0131 Tarihi-Saati \u00a0\u00a0\u00a0\u00a0\u00a0\u00a0\u00a0\u00a0\u00a0\u00a0\u00a0\u00a0\u00a0\u00a0\u00a0\u00a0\u00a0\u00a0\u00a0\u00a0\u00a0\u00a0\u00a0\u00a0\u00a0\u00a0\u00a0\u00a0\u00a0\u00a0\u00a0\u00a0\u00a0\u00a0 :<\/strong>\u00a030 Eyl\u00fcl 2025\u00a0 Saat 10.00-14.00<br \/><strong>Se\u00e7me ve Tart\u0131 Yeri \u00a0\u00a0\u00a0\u00a0\u00a0\u00a0\u00a0\u00a0\u00a0\u00a0\u00a0\u00a0\u00a0\u00a0\u00a0\u00a0\u00a0\u00a0\u00a0\u00a0\u00a0\u00a0\u00a0\u00a0\u00a0\u00a0\u00a0\u00a0\u00a0 :<\/strong>\u00a0Atat\u00fcrk Spor Salonu \/Antalya\/Alanya<\/p>\n<p>*Teknik Kurul, gerekli g\u00f6rd\u00fc\u011f\u00fc hallerde se\u00e7me listelerinde, direkt gidecek sporcu isimlerinde ve se\u00e7me m\u00fcsabakalar\u0131n\u0131n kurallar\u0131nda de\u011fi\u015fiklik yapabilir. Sporcular\u0131n kamp \u00e7al\u0131\u015fmalar\u0131na kat\u0131l\u0131m\u0131, performanslar\u0131, kilo durumu, sa\u011fl\u0131k ko\u015fullar\u0131 ve disiplin durumlar\u0131na ba\u011fl\u0131 olarak, Teknik Kurul tekrar se\u00e7me m\u00fcsabakas\u0131 d\u00fczenleyebilir veya milli tak\u0131m listesinde de\u011fi\u015fiklik\u00a0yapabilir.<\/p>\n<p>*Se\u00e7meler \u201cDaedo(GEN2) Elektronik Sistem\u201d\u00a0\u00a0 ile yap\u0131lacakt\u0131r.<\/p>\n<p>*Milli Tak\u0131m se\u00e7mesine kat\u0131lacak sporcu ve antren\u00f6rlerin izinleri Gen\u00e7lik ve Spor \u0130l M\u00fcd\u00fcrl\u00fckleri taraf\u0131ndan al\u0131nacak, ayr\u0131ca harc\u0131rahlar\u0131 da Gen\u00e7lik ve Spor \u0130l M\u00fcd\u00fcrl\u00fckleri veya Kul\u00fcpleri taraf\u0131ndan kar\u015f\u0131lanabilecek olup, Federasyonumuz taraf\u0131ndan se\u00e7melerde harc\u0131rah \u00f6denmeyecektir.<\/p>\n<p>*Tart\u0131 esnas\u0131nda 1kg tolerans olacakt\u0131r.<\/p>\n<p><strong><a href=\"https:\/\/turkiyetaekwondofed.gov.tr\/wp-content\/uploads\/2025\/09\/Umitler-Avrupa-Sampiyonasi-Secmesi-.2.pdf\" target=\"_blank\" rel=\"noreferrer noopener\" data-type=\"link\" data-id=\"https:\/\/turkiyetaekwondofed.gov.tr\/wp-content\/uploads\/2025\/09\/Umitler-Avrupa-Sampiyonasi-Secmesi-.2.pdf\">SE\u00c7ME L\u0130STES\u0130NE ULA\u015eMAK \u0130\u00c7\u0130N TIKLAYINIZ<\/a><\/strong><\/p>\n\n\n","protected":false},"excerpt":{"rendered":"<p>11-14 Aral\u0131k 2025 tarihlerinde Kosova\u2019da yap\u0131lacak olan Avrupa \u00dcmitler Taekwondo \u015eampiyonas\u0131\u2019nda \u00fclkemizi temsil edecek milli tak\u0131m\u0131m\u0131z\u0131n se\u00e7mesi i\u00e7in bir duyuru yay\u0131nland\u0131. Avrupa \u00dcmitler Milli Tak\u0131m Se\u00e7me M\u00fcsabakalar\u0131 30 Eyl\u00fcl 2025 tarihi tart\u0131 , 1 Ekim 2025 tarinde\u00a0 Antalya\/Alanya\u2019da Atat\u00fcrk Spor Salonunda yap\u0131lmas\u0131 planlanmaktad\u0131r. Se\u00e7me Tarihi \u00a0\u00a0\u00a0\u00a0\u00a0\u00a0\u00a0\u00a0\u00a0\u00a0\u00a0\u00a0\u00a0\u00a0\u00a0\u00a0\u00a0\u00a0\u00a0\u00a0\u00a0\u00a0\u00a0\u00a0\u00a0\u00a0\u00a0\u00a0\u00a0\u00a0\u00a0\u00a0\u00a0\u00a0\u00a0\u00a0\u00a0\u00a0\u00a0\u00a0 :\u00a001 Ekim 2025\u00a0 Saat: 09.00Tart\u0131 Tarihi-Saati \u00a0\u00a0\u00a0\u00a0\u00a0\u00a0\u00a0\u00a0\u00a0\u00a0\u00a0\u00a0\u00a0\u00a0\u00a0\u00a0\u00a0\u00a0\u00a0\u00a0\u00a0\u00a0\u00a0\u00a0\u00a0\u00a0\u00a0\u00a0\u00a0\u00a0\u00a0\u00a0\u00a0\u00a0 :\u00a030 Eyl\u00fcl [&hellip;]<\/p>\n","protected":false},"author":2,"featured_media":8267,"comment_status":"closed","ping_status":"open","sticky":false,"template":"","format":"standard","meta":{"footnotes":""},"categories":[1],"tags":[],"class_list":["post-8795","post","type-post","status-publish","format-standard","has-post-thumbnail","hentry","category-uncategorized"],"_links":{"self":[{"href":"https:\/\/isttit.com\/index.php?rest_route=\/wp\/v2\/posts\/8795","targetHints":{"allow":["GET"]}}],"collection":[{"href":"https:\/\/isttit.com\/index.php?rest_route=\/wp\/v2\/posts"}],"about":[{"href":"https:\/\/isttit.com\/index.php?rest_route=\/wp\/v2\/types\/post"}],"author":[{"embeddable":true,"href":"https:\/\/isttit.com\/index.php?rest_route=\/wp\/v2\/users\/2"}],"replies":[{"embeddable":true,"href":"https:\/\/isttit.com\/index.php?rest_route=%2Fwp%2Fv2%2Fcomments&post=8795"}],"version-history":[{"count":1,"href":"https:\/\/isttit.com\/index.php?rest_route=\/wp\/v2\/posts\/8795\/revisions"}],"predecessor-version":[{"id":8796,"href":"https:\/\/isttit.com\/index.php?rest_route=\/wp\/v2\/posts\/8795\/revisions\/8796"}],"wp:featuredmedia":[{"embeddable":true,"href":"https:\/\/isttit.com\/index.php?rest_route=\/wp\/v2\/media\/8267"}],"wp:attachment":[{"href":"https:\/\/isttit.com\/index.php?rest_route=%2Fwp%2Fv2%2Fmedia&parent=8795"}],"wp:term":[{"taxonomy":"category","embeddable":true,"href":"https:\/\/isttit.com\/index.php?rest_route=%2Fwp%2Fv2%2Fcategories&post=8795"},{"taxonomy":"post_tag","embeddable":true,"href":"https:\/\/isttit.com\/index.php?rest_route=%2Fwp%2Fv2%2Ftags&post=8795"}],"curies":[{"name":"wp","href":"https:\/\/api.w.org\/{rel}","templated":true}]}}