{"id":8883,"date":"2025-12-10T12:52:15","date_gmt":"2025-12-10T12:52:15","guid":{"rendered":"https:\/\/isttit.com\/?p=8883"},"modified":"2025-12-10T12:52:16","modified_gmt":"2025-12-10T12:52:16","slug":"2025-avrupa-umitler-taekwondo-sampiyonasi","status":"publish","type":"post","link":"https:\/\/isttit.com\/?p=8883","title":{"rendered":"2025 Avrupa \u00dcmitler Taekwondo \u015eampiyonas\u0131"},"content":{"rendered":"\n<p>2025 Avrupa \u00dcmitler Taekwondo \u015eampiyonas\u0131, 11-14 Aral\u0131k 2025 tarihleri aras\u0131nda Kosova\u2019n\u0131n ba\u015fkenti Pri\u015ftine\u2019de d\u00fczenlenecek. \u015eampiyonada \u00fclkemizi, uluslararas\u0131 organizasyonlarda kota elde eden sporcular\u0131m\u0131zla birlikte toplam 62 taekwondocumuz temsil edecek.<\/p>\n<p><strong>M\u0130LL\u0130 TAKIMIMIZ<\/strong><\/p>\n<p><strong>KADINLAR:<\/strong>\u00a0Azra Naz Kam\u0131\u015f (46 kg), Damla Nur Y\u0131lmaz (46 kg), Ezgi \u015eener (46 kg), Irmak \u00c7er\u00e7i (46 kg), S\u0131la \u00d6r\u00fcm (46 kg), Zeynep \u00c7i\u00e7ek (46 kg), Hayrunnisa G\u00fcrb\u00fcz (49 kg), M\u00fclkiye Ece Ulusoy (49 kg), Zeynep Duru Koko\u00e7 (49 kg), Asl\u0131 Cemre Ceylan (53 kg), Emine \u015eevval Do\u011fan (53 kg), Esila Deniz (53 kg), Semra Elifnaz Erdemir (53 kg), S\u0131la Irmak Uzun\u00e7avdar (53 kg), Melisa \u00d6zl\u00fc (57 kg), M\u00fcm\u00fcne Nur G\u00f6z (57 kg), R\u00fcya Diler (57 kg), Beyza Karabulut (62 kg), Dilara \u015eirin (62 kg), Nesli\u015fah En\u00e7ok (63 kg), Beyzanur Pehlivan (67 kg), Evra Al\u0131c\u0131 (67 kg), Zeynep Nil Menek\u015fe (67 kg), Elifnaz K\u00f6seo\u011flu (73 kg), Y\u00fcsra Ersin (73 kg), Sude Yaren Uzun\u00e7avdar (+73 kg), Zehra Beg\u00fcm Kavuk\u00e7uo\u011flu (+73 kg)<\/p>\n<p><strong>ERKEKLER:<\/strong>\u00a0Alihan Kuru (54 kg), Altu\u011f Gesge (54 kg), Efe Emre G\u00f6kta\u015f (54 kg), Emir Muhsin D\u00fclger (54 kg), Hakan Y\u0131ld\u0131r\u0131m (54 kg), Kaan Yelald\u0131 (54 kg), Nuri Nisir (54 kg), \u00d6mer Talha D\u00fclger (54 kg), Yank\u0131 Morko\u00e7 (54 kg), C\u00fcneyt G\u00f6kalp (58 kg), Kaz\u0131m \u00d6zdo\u011fan (58 kg), Nuri \u015eerbet\u00e7i (58 kg), Yusuf Badem (58 kg), Ali Kerem Berkta\u015f (63 kg), Emir Can Kaya (63 kg), Emre Sar\u0131ta\u015f (63 kg), Hamza Osman Aydo\u011fan (63 kg), Muhammed Utku Bircan (63 kg), Mustafa Ta\u015fdelen (63 kg), Taha Utku Karaman (63 kg), Ahmet Bo\u011fa\u00e7han Ceylan (68 kg), Bu\u011fra Co\u015fgung\u00f6n\u00fcl (68 kg), Emir Per\u00e7in (68 kg), Eren \u00d6zdemir (68 kg), Ali Murtaza Boz (74 kg), Berkay Erer (74 kg), Hikmet Faruk Tosun (74 kg), Alperen Ayaz (80 kg), Berat Talha Yavuz (80 kg), \u0130dris Atay S\u00fcl\u00fc (80 kg), Mustafa Bilge Han Kunter (87 kg), Tu\u011fra Tevfik Menek\u015fe (87 kg), Yusuf Efe M\u0131zrak (87 kg), Yusuf \u015eenol (87 kg), Rahmet Baran \u015eim\u015fek (+87 kg)<\/p>\n<figure class=\"wp-block-gallery has-nested-images columns-default is-cropped wp-block-gallery-1 is-layout-flex wp-block-gallery-is-layout-flex\">\n<figure class=\"wp-block-image size-large\"><img loading=\"lazy\" decoding=\"async\" class=\"wp-image-19090 lazyloaded\" src=\"https:\/\/turkiyetaekwondofed.gov.tr\/wp-content\/uploads\/2025\/12\/12-1-1024x682.jpg\" sizes=\"auto, (min-width: 0px) and (max-width: 480px) 480px, (min-width: 481px) and (max-width: 980px) 980px, (min-width: 981px) 1024px, 100vw\" srcset=\"https:\/\/turkiyetaekwondofed.gov.tr\/wp-content\/uploads\/2025\/12\/12-1-980x653.jpg 980w, https:\/\/turkiyetaekwondofed.gov.tr\/wp-content\/uploads\/2025\/12\/12-1-480x320.jpg 480w\" alt=\"\" width=\"1024\" height=\"682\" data-id=\"19090\" data-ll-status=\"loaded\" \/><\/figure>\n<figure class=\"wp-block-image size-large\"><img loading=\"lazy\" decoding=\"async\" class=\"wp-image-19092 lazyloaded\" src=\"https:\/\/turkiyetaekwondofed.gov.tr\/wp-content\/uploads\/2025\/12\/AHMET-819x1024.png\" alt=\"\" width=\"819\" height=\"1024\" data-id=\"19092\" data-ll-status=\"loaded\" \/><\/figure>\n<figure class=\"wp-block-image size-large\"><img loading=\"lazy\" decoding=\"async\" class=\"wp-image-19091 lazyloaded\" src=\"https:\/\/turkiyetaekwondofed.gov.tr\/wp-content\/uploads\/2025\/12\/ali-kerem-berktas-63-kg-819x1024.png\" alt=\"\" width=\"819\" height=\"1024\" data-id=\"19091\" data-ll-status=\"loaded\" \/><\/figure>\n<figure class=\"wp-block-image size-large\"><img loading=\"lazy\" decoding=\"async\" class=\"wp-image-19093 lazyloaded\" src=\"https:\/\/turkiyetaekwondofed.gov.tr\/wp-content\/uploads\/2025\/12\/ali-murtaza-boz-74-kg-819x1024.png\" alt=\"\" width=\"819\" height=\"1024\" data-id=\"19093\" data-ll-status=\"loaded\" \/><\/figure>\n<figure class=\"wp-block-image size-large\"><img loading=\"lazy\" decoding=\"async\" class=\"wp-image-19121 lazyloaded\" src=\"https:\/\/turkiyetaekwondofed.gov.tr\/wp-content\/uploads\/2025\/12\/alihan-kuru-54-kg-819x1024.png\" alt=\"\" width=\"819\" height=\"1024\" data-id=\"19121\" data-ll-status=\"loaded\" \/><\/figure>\n<figure class=\"wp-block-image size-large\"><img loading=\"lazy\" decoding=\"async\" class=\"wp-image-19124 lazyloaded\" src=\"https:\/\/turkiyetaekwondofed.gov.tr\/wp-content\/uploads\/2025\/12\/alperen-ayaz-80-kg-1-819x1024.png\" alt=\"\" width=\"819\" height=\"1024\" data-id=\"19124\" data-ll-status=\"loaded\" \/><\/figure>\n<figure class=\"wp-block-image size-large\"><img loading=\"lazy\" decoding=\"async\" class=\"wp-image-19125 lazyloaded\" src=\"https:\/\/turkiyetaekwondofed.gov.tr\/wp-content\/uploads\/2025\/12\/altug-gesge-54-kg-819x1024.png\" alt=\"\" width=\"819\" height=\"1024\" data-id=\"19125\" data-ll-status=\"loaded\" \/><\/figure>\n<figure class=\"wp-block-image size-large\"><img loading=\"lazy\" decoding=\"async\" class=\"wp-image-19126 lazyloaded\" src=\"https:\/\/turkiyetaekwondofed.gov.tr\/wp-content\/uploads\/2025\/12\/asli-cemre-ceylan-53-kg-819x1024.png\" alt=\"\" width=\"819\" height=\"1024\" data-id=\"19126\" data-ll-status=\"loaded\" \/><\/figure>\n<figure class=\"wp-block-image size-large\"><img loading=\"lazy\" decoding=\"async\" class=\"wp-image-19127 lazyloaded\" src=\"https:\/\/turkiyetaekwondofed.gov.tr\/wp-content\/uploads\/2025\/12\/azra-naz-kamis-46-kg-819x1024.png\" alt=\"\" width=\"819\" height=\"1024\" data-id=\"19127\" data-ll-status=\"loaded\" \/><\/figure>\n<figure class=\"wp-block-image size-large\"><img loading=\"lazy\" decoding=\"async\" class=\"wp-image-19128 lazyloaded\" src=\"https:\/\/turkiyetaekwondofed.gov.tr\/wp-content\/uploads\/2025\/12\/berat-talha-yavuz-80-kg-819x1024.png\" alt=\"\" width=\"819\" height=\"1024\" data-id=\"19128\" data-ll-status=\"loaded\" \/><\/figure>\n<figure class=\"wp-block-image size-large\"><img loading=\"lazy\" decoding=\"async\" class=\"wp-image-19129 lazyloaded\" src=\"https:\/\/turkiyetaekwondofed.gov.tr\/wp-content\/uploads\/2025\/12\/Berkay-Erer-74-kg-1-819x1024.png\" alt=\"\" width=\"819\" height=\"1024\" data-id=\"19129\" data-ll-status=\"loaded\" \/><\/figure>\n<figure class=\"wp-block-image size-large\"><img loading=\"lazy\" decoding=\"async\" class=\"wp-image-19110 lazyloaded\" src=\"https:\/\/turkiyetaekwondofed.gov.tr\/wp-content\/uploads\/2025\/12\/Beyza-Karabulut-62-kg-819x1024.png\" alt=\"\" width=\"819\" height=\"1024\" data-id=\"19110\" data-ll-status=\"loaded\" \/><\/figure>\n<figure class=\"wp-block-image size-large\"><img loading=\"lazy\" decoding=\"async\" class=\"wp-image-19096 lazyloaded\" src=\"https:\/\/turkiyetaekwondofed.gov.tr\/wp-content\/uploads\/2025\/12\/beyzanur-pehlivan-67-kg-819x1024.png\" alt=\"\" width=\"819\" height=\"1024\" data-id=\"19096\" data-ll-status=\"loaded\" \/><\/figure>\n<figure class=\"wp-block-image size-large\"><img loading=\"lazy\" decoding=\"async\" class=\"wp-image-19095 lazyloaded\" src=\"https:\/\/turkiyetaekwondofed.gov.tr\/wp-content\/uploads\/2025\/12\/Bugra-Cosgungonul-68-kg-819x1024.png\" alt=\"\" width=\"819\" height=\"1024\" data-id=\"19095\" data-ll-status=\"loaded\" \/><\/figure>\n<figure class=\"wp-block-image size-large\"><img loading=\"lazy\" decoding=\"async\" class=\"wp-image-19100 lazyloaded\" src=\"https:\/\/turkiyetaekwondofed.gov.tr\/wp-content\/uploads\/2025\/12\/cuneyt-gokalp-58-kg-819x1024.png\" alt=\"\" width=\"819\" height=\"1024\" data-id=\"19100\" data-ll-status=\"loaded\" \/><\/figure>\n<figure class=\"wp-block-image size-large\"><img loading=\"lazy\" decoding=\"async\" class=\"wp-image-19102 lazyloaded\" src=\"https:\/\/turkiyetaekwondofed.gov.tr\/wp-content\/uploads\/2025\/12\/Damla-Nur-Yilmaz-46-kg-819x1024.png\" alt=\"\" width=\"819\" height=\"1024\" data-id=\"19102\" data-ll-status=\"loaded\" \/><\/figure>\n<figure class=\"wp-block-image size-large\"><img loading=\"lazy\" decoding=\"async\" class=\"wp-image-19103 lazyloaded\" src=\"https:\/\/turkiyetaekwondofed.gov.tr\/wp-content\/uploads\/2025\/12\/dilara-sirin-62-kg-819x1024.png\" alt=\"\" width=\"819\" height=\"1024\" data-id=\"19103\" data-ll-status=\"loaded\" \/><\/figure>\n<figure class=\"wp-block-image size-large\"><img loading=\"lazy\" decoding=\"async\" class=\"wp-image-19104 lazyloaded\" src=\"https:\/\/turkiyetaekwondofed.gov.tr\/wp-content\/uploads\/2025\/12\/efe-emre-goktas-54-kg-819x1024.png\" alt=\"\" width=\"819\" height=\"1024\" data-id=\"19104\" data-ll-status=\"loaded\" \/><\/figure>\n<figure class=\"wp-block-image size-large\"><img loading=\"lazy\" decoding=\"async\" class=\"wp-image-19130 lazyloaded\" src=\"https:\/\/turkiyetaekwondofed.gov.tr\/wp-content\/uploads\/2025\/12\/elifnaz-koseoglu-73-kg-819x1024.png\" alt=\"\" width=\"819\" height=\"1024\" data-id=\"19130\" data-ll-status=\"loaded\" \/><\/figure>\n<figure class=\"wp-block-image size-large\"><img loading=\"lazy\" decoding=\"async\" class=\"wp-image-19109 lazyloaded\" src=\"https:\/\/turkiyetaekwondofed.gov.tr\/wp-content\/uploads\/2025\/12\/emine-sevval-dogan-53-kg-819x1024.png\" alt=\"\" width=\"819\" height=\"1024\" data-id=\"19109\" data-ll-status=\"loaded\" \/><\/figure>\n<figure class=\"wp-block-image size-large\"><img loading=\"lazy\" decoding=\"async\" class=\"wp-image-19131 lazyloaded\" src=\"https:\/\/turkiyetaekwondofed.gov.tr\/wp-content\/uploads\/2025\/12\/emir-can-kaya-63-1-819x1024.png\" alt=\"\" width=\"819\" height=\"1024\" data-id=\"19131\" data-ll-status=\"loaded\" \/><\/figure>\n<figure class=\"wp-block-image size-large\"><img loading=\"lazy\" decoding=\"async\" class=\"wp-image-19132 lazyloaded\" src=\"https:\/\/turkiyetaekwondofed.gov.tr\/wp-content\/uploads\/2025\/12\/emir-muhsin-dulger-54-kg-819x1024.png\" alt=\"\" width=\"819\" height=\"1024\" data-id=\"19132\" data-ll-status=\"loaded\" \/><\/figure>\n<figure class=\"wp-block-image size-large\"><img loading=\"lazy\" decoding=\"async\" class=\"wp-image-19133 lazyloaded\" src=\"https:\/\/turkiyetaekwondofed.gov.tr\/wp-content\/uploads\/2025\/12\/emir-percin-68-kg-819x1024.png\" alt=\"\" width=\"819\" height=\"1024\" data-id=\"19133\" data-ll-status=\"loaded\" \/><\/figure>\n<figure class=\"wp-block-image size-large\"><img loading=\"lazy\" decoding=\"async\" class=\"wp-image-19134 lazyloaded\" src=\"https:\/\/turkiyetaekwondofed.gov.tr\/wp-content\/uploads\/2025\/12\/emre-saritas-63-kg-819x1024.png\" alt=\"\" width=\"819\" height=\"1024\" data-id=\"19134\" data-ll-status=\"loaded\" \/><\/figure>\n<figure class=\"wp-block-image size-large\"><img loading=\"lazy\" decoding=\"async\" class=\"wp-image-19135 lazyloaded\" src=\"https:\/\/turkiyetaekwondofed.gov.tr\/wp-content\/uploads\/2025\/12\/eren-ozdemir-68-kg-1-819x1024.png\" alt=\"\" width=\"819\" height=\"1024\" data-id=\"19135\" data-ll-status=\"loaded\" \/><\/figure>\n<figure class=\"wp-block-image size-large\"><img loading=\"lazy\" decoding=\"async\" class=\"wp-image-19136 lazyloaded\" src=\"https:\/\/turkiyetaekwondofed.gov.tr\/wp-content\/uploads\/2025\/12\/esila-deniz-53-kg-1-819x1024.png\" alt=\"\" width=\"819\" height=\"1024\" data-id=\"19136\" data-ll-status=\"loaded\" \/><\/figure>\n<figure class=\"wp-block-image size-large\"><img loading=\"lazy\" decoding=\"async\" class=\"wp-image-19105 lazyloaded\" src=\"https:\/\/turkiyetaekwondofed.gov.tr\/wp-content\/uploads\/2025\/12\/evra-alici-67-kg-819x1024.png\" alt=\"\" width=\"819\" height=\"1024\" data-id=\"19105\" data-ll-status=\"loaded\" \/><\/figure>\n<figure class=\"wp-block-image size-large\"><img loading=\"lazy\" decoding=\"async\" class=\"wp-image-19097 lazyloaded\" src=\"https:\/\/turkiyetaekwondofed.gov.tr\/wp-content\/uploads\/2025\/12\/ezgi-sener-46-819x1024.png\" alt=\"\" width=\"819\" height=\"1024\" data-id=\"19097\" data-ll-status=\"loaded\" \/><\/figure>\n<figure class=\"wp-block-image size-large\"><img loading=\"lazy\" decoding=\"async\" class=\"wp-image-19137 lazyloaded\" src=\"https:\/\/turkiyetaekwondofed.gov.tr\/wp-content\/uploads\/2025\/12\/Hakan-yildirim-54-kg-1-819x1024.png\" alt=\"\" width=\"819\" height=\"1024\" data-id=\"19137\" data-ll-status=\"loaded\" \/><\/figure>\n<figure class=\"wp-block-image size-large\"><img loading=\"lazy\" decoding=\"async\" class=\"wp-image-19138 lazyloaded\" src=\"https:\/\/turkiyetaekwondofed.gov.tr\/wp-content\/uploads\/2025\/12\/Hamza-Osman-Aydogan-63-kg-1-819x1024.png\" alt=\"\" width=\"819\" height=\"1024\" data-id=\"19138\" data-ll-status=\"loaded\" \/><\/figure>\n<figure class=\"wp-block-image size-large\"><img loading=\"lazy\" decoding=\"async\" class=\"wp-image-19139 lazyloaded\" src=\"https:\/\/turkiyetaekwondofed.gov.tr\/wp-content\/uploads\/2025\/12\/Hayrunnisa-Gurbuz-49-kg-819x1024.png\" alt=\"\" width=\"819\" height=\"1024\" data-id=\"19139\" data-ll-status=\"loaded\" \/><\/figure>\n<figure class=\"wp-block-image size-large\"><img loading=\"lazy\" decoding=\"async\" class=\"wp-image-19140 lazyloaded\" src=\"https:\/\/turkiyetaekwondofed.gov.tr\/wp-content\/uploads\/2025\/12\/hikmet-faruk-tosun-74-kg-819x1024.png\" alt=\"\" width=\"819\" height=\"1024\" data-id=\"19140\" data-ll-status=\"loaded\" \/><\/figure>\n<figure class=\"wp-block-image size-large\"><img loading=\"lazy\" decoding=\"async\" class=\"wp-image-19141 lazyloaded\" src=\"https:\/\/turkiyetaekwondofed.gov.tr\/wp-content\/uploads\/2025\/12\/Idris-Atay-Sulu-80-kg-2-819x1024.png\" alt=\"\" width=\"819\" height=\"1024\" data-id=\"19141\" data-ll-status=\"loaded\" \/><\/figure>\n<figure class=\"wp-block-image size-large\"><img loading=\"lazy\" decoding=\"async\" class=\"wp-image-19142 lazyloaded\" src=\"https:\/\/turkiyetaekwondofed.gov.tr\/wp-content\/uploads\/2025\/12\/irmak-cerci-46-kg-1-819x1024.png\" alt=\"\" width=\"819\" height=\"1024\" data-id=\"19142\" data-ll-status=\"loaded\" \/><\/figure>\n<figure class=\"wp-block-image size-large\"><img loading=\"lazy\" decoding=\"async\" class=\"wp-image-19143 lazyloaded\" src=\"https:\/\/turkiyetaekwondofed.gov.tr\/wp-content\/uploads\/2025\/12\/Kaan-Yelaldi-54-kg-2-819x1024.png\" alt=\"\" width=\"819\" height=\"1024\" data-id=\"19143\" data-ll-status=\"loaded\" \/><\/figure>\n<figure class=\"wp-block-image size-large\"><img loading=\"lazy\" decoding=\"async\" class=\"wp-image-19144 lazyloaded\" src=\"https:\/\/turkiyetaekwondofed.gov.tr\/wp-content\/uploads\/2025\/12\/kazim-ozdogan-58-kg-819x1024.png\" alt=\"\" width=\"819\" height=\"1024\" data-id=\"19144\" data-ll-status=\"loaded\" \/><\/figure>\n<figure class=\"wp-block-image size-large\"><img loading=\"lazy\" decoding=\"async\" class=\"wp-image-19099 lazyloaded\" src=\"https:\/\/turkiyetaekwondofed.gov.tr\/wp-content\/uploads\/2025\/12\/melisa-ozlu-57-kg-819x1024.png\" alt=\"\" width=\"819\" height=\"1024\" data-id=\"19099\" data-ll-status=\"loaded\" \/><\/figure>\n<figure class=\"wp-block-image size-large\"><img loading=\"lazy\" decoding=\"async\" class=\"wp-image-19145 lazyloaded\" src=\"https:\/\/turkiyetaekwondofed.gov.tr\/wp-content\/uploads\/2025\/12\/muhammed-utku-bircan-63-kg-819x1024.png\" alt=\"\" width=\"819\" height=\"1024\" data-id=\"19145\" data-ll-status=\"loaded\" \/><\/figure>\n<figure class=\"wp-block-image size-large\"><img loading=\"lazy\" decoding=\"async\" class=\"wp-image-19146 lazyloaded\" src=\"https:\/\/turkiyetaekwondofed.gov.tr\/wp-content\/uploads\/2025\/12\/mustafa-bilge-han-kunter-87-kg-819x1024.png\" alt=\"\" width=\"819\" height=\"1024\" data-id=\"19146\" data-ll-status=\"loaded\" \/><\/figure>\n<figure class=\"wp-block-image size-large\"><img loading=\"lazy\" decoding=\"async\" class=\"wp-image-19111 lazyloaded\" src=\"https:\/\/turkiyetaekwondofed.gov.tr\/wp-content\/uploads\/2025\/12\/mustafa-tasdelen-63-kg-819x1024.png\" alt=\"\" width=\"819\" height=\"1024\" data-id=\"19111\" data-ll-status=\"loaded\" \/><\/figure>\n<figure class=\"wp-block-image size-large\"><img loading=\"lazy\" decoding=\"async\" class=\"wp-image-19094 lazyloaded\" src=\"https:\/\/turkiyetaekwondofed.gov.tr\/wp-content\/uploads\/2025\/12\/mulkiye-ece-ulusoy-49-kg-819x1024.png\" alt=\"\" width=\"819\" height=\"1024\" data-id=\"19094\" data-ll-status=\"loaded\" \/><\/figure>\n<figure class=\"wp-block-image size-large\"><img loading=\"lazy\" decoding=\"async\" class=\"wp-image-19106 lazyloaded\" src=\"https:\/\/turkiyetaekwondofed.gov.tr\/wp-content\/uploads\/2025\/12\/mumune-nur-goz-57-kg-819x1024.png\" alt=\"\" width=\"819\" height=\"1024\" data-id=\"19106\" data-ll-status=\"loaded\" \/><\/figure>\n<figure class=\"wp-block-image size-large\"><img loading=\"lazy\" decoding=\"async\" class=\"wp-image-19147 lazyloaded\" src=\"https:\/\/turkiyetaekwondofed.gov.tr\/wp-content\/uploads\/2025\/12\/neslisah-encok-63-kg-819x1024.png\" alt=\"\" width=\"819\" height=\"1024\" data-id=\"19147\" data-ll-status=\"loaded\" \/><\/figure>\n<figure class=\"wp-block-image size-large\"><img loading=\"lazy\" decoding=\"async\" class=\"wp-image-19112 lazyloaded\" src=\"https:\/\/turkiyetaekwondofed.gov.tr\/wp-content\/uploads\/2025\/12\/nuri-nisir-54-kg-819x1024.png\" alt=\"\" width=\"819\" height=\"1024\" data-id=\"19112\" data-ll-status=\"loaded\" \/><\/figure>\n<figure class=\"wp-block-image size-large\"><img loading=\"lazy\" decoding=\"async\" class=\"wp-image-19148 lazyloaded\" src=\"https:\/\/turkiyetaekwondofed.gov.tr\/wp-content\/uploads\/2025\/12\/nuri-serbetci-58-kg-819x1024.png\" alt=\"\" width=\"819\" height=\"1024\" data-id=\"19148\" data-ll-status=\"loaded\" \/><\/figure>\n<figure class=\"wp-block-image size-large\"><img loading=\"lazy\" decoding=\"async\" class=\"wp-image-19149 lazyloaded\" src=\"https:\/\/turkiyetaekwondofed.gov.tr\/wp-content\/uploads\/2025\/12\/Omer-talha-dulger-54-kg-1-819x1024.png\" alt=\"\" width=\"819\" height=\"1024\" data-id=\"19149\" data-ll-status=\"loaded\" \/><\/figure>\n<figure class=\"wp-block-image size-large\"><img loading=\"lazy\" decoding=\"async\" class=\"wp-image-19101 lazyloaded\" src=\"https:\/\/turkiyetaekwondofed.gov.tr\/wp-content\/uploads\/2025\/12\/Rahmet-Baran-Simsek-87-kg-2-819x1024.png\" alt=\"\" width=\"819\" height=\"1024\" data-id=\"19101\" data-ll-status=\"loaded\" \/><\/figure>\n<figure class=\"wp-block-image size-large\"><img loading=\"lazy\" decoding=\"async\" class=\"wp-image-19098 lazyloaded\" src=\"https:\/\/turkiyetaekwondofed.gov.tr\/wp-content\/uploads\/2025\/12\/ruya-diler-57-kg-819x1024.png\" alt=\"\" width=\"819\" height=\"1024\" data-id=\"19098\" data-ll-status=\"loaded\" \/><\/figure>\n<figure class=\"wp-block-image size-large\"><img loading=\"lazy\" decoding=\"async\" class=\"wp-image-19150 lazyloaded\" src=\"https:\/\/turkiyetaekwondofed.gov.tr\/wp-content\/uploads\/2025\/12\/semra-elifnaz-erdemir-53-kg-819x1024.png\" alt=\"\" width=\"819\" height=\"1024\" data-id=\"19150\" data-ll-status=\"loaded\" \/><\/figure>\n<figure class=\"wp-block-image size-large\"><img loading=\"lazy\" decoding=\"async\" class=\"wp-image-19151 lazyloaded\" src=\"https:\/\/turkiyetaekwondofed.gov.tr\/wp-content\/uploads\/2025\/12\/Sila-irmak-uzuncavdar-53-kg-1-819x1024.png\" alt=\"\" width=\"819\" height=\"1024\" data-id=\"19151\" data-ll-status=\"loaded\" \/><\/figure>\n<figure class=\"wp-block-image size-large\"><img loading=\"lazy\" decoding=\"async\" class=\"wp-image-19107 lazyloaded\" src=\"https:\/\/turkiyetaekwondofed.gov.tr\/wp-content\/uploads\/2025\/12\/sila-orum-46-kg-819x1024.png\" alt=\"\" width=\"819\" height=\"1024\" data-id=\"19107\" data-ll-status=\"loaded\" \/><\/figure>\n<figure class=\"wp-block-image size-large\"><img loading=\"lazy\" decoding=\"async\" class=\"wp-image-19152 lazyloaded\" src=\"https:\/\/turkiyetaekwondofed.gov.tr\/wp-content\/uploads\/2025\/12\/Sude-Yaren-Uzuncavdar-73-kg-2-819x1024.png\" alt=\"\" width=\"819\" height=\"1024\" data-id=\"19152\" data-ll-status=\"loaded\" \/><\/figure>\n<figure class=\"wp-block-image size-large\"><img loading=\"lazy\" decoding=\"async\" class=\"wp-image-19153 lazyloaded\" src=\"https:\/\/turkiyetaekwondofed.gov.tr\/wp-content\/uploads\/2025\/12\/taha-utkan-karaman-63-kg-819x1024.png\" alt=\"\" width=\"819\" height=\"1024\" data-id=\"19153\" data-ll-status=\"loaded\" \/><\/figure>\n<figure class=\"wp-block-image size-large\"><img loading=\"lazy\" decoding=\"async\" class=\"wp-image-19154 lazyloaded\" src=\"https:\/\/turkiyetaekwondofed.gov.tr\/wp-content\/uploads\/2025\/12\/Tugra-tevfik-menekse-87-kg-819x1024.png\" alt=\"\" width=\"819\" height=\"1024\" data-id=\"19154\" data-ll-status=\"loaded\" \/><\/figure>\n<figure class=\"wp-block-image size-large\"><img loading=\"lazy\" decoding=\"async\" class=\"wp-image-19108 lazyloaded\" src=\"https:\/\/turkiyetaekwondofed.gov.tr\/wp-content\/uploads\/2025\/12\/yanki-morkoc-54-kg-819x1024.png\" alt=\"\" width=\"819\" height=\"1024\" data-id=\"19108\" data-ll-status=\"loaded\" \/><\/figure>\n<figure class=\"wp-block-image size-large\"><img loading=\"lazy\" decoding=\"async\" class=\"wp-image-19155 lazyloaded\" src=\"https:\/\/turkiyetaekwondofed.gov.tr\/wp-content\/uploads\/2025\/12\/yusuf-badem-58-kg-819x1024.png\" alt=\"\" width=\"819\" height=\"1024\" data-id=\"19155\" data-ll-status=\"loaded\" \/><\/figure>\n<figure class=\"wp-block-image size-large\"><img loading=\"lazy\" decoding=\"async\" class=\"wp-image-19156 lazyloaded\" src=\"https:\/\/turkiyetaekwondofed.gov.tr\/wp-content\/uploads\/2025\/12\/yusuf-efe-mizrak-87-kg-819x1024.png\" alt=\"\" width=\"819\" height=\"1024\" data-id=\"19156\" data-ll-status=\"loaded\" \/><\/figure>\n<figure class=\"wp-block-image size-large\"><img loading=\"lazy\" decoding=\"async\" class=\"wp-image-19157 lazyloaded\" src=\"https:\/\/turkiyetaekwondofed.gov.tr\/wp-content\/uploads\/2025\/12\/Yusuf-Senol-87-kg-1-819x1024.png\" alt=\"\" width=\"819\" height=\"1024\" data-id=\"19157\" data-ll-status=\"loaded\" \/><\/figure>\n<figure class=\"wp-block-image size-large\"><img loading=\"lazy\" decoding=\"async\" class=\"wp-image-19158 lazyloaded\" src=\"https:\/\/turkiyetaekwondofed.gov.tr\/wp-content\/uploads\/2025\/12\/yusra-ersin-73-kg-819x1024.png\" alt=\"\" width=\"819\" height=\"1024\" data-id=\"19158\" data-ll-status=\"loaded\" \/><\/figure>\n<figure class=\"wp-block-image size-large\"><img loading=\"lazy\" decoding=\"async\" class=\"wp-image-19159 lazyloaded\" src=\"https:\/\/turkiyetaekwondofed.gov.tr\/wp-content\/uploads\/2025\/12\/Zehra-Begum-Kavukcuoglu-73-kg-2-819x1024.png\" alt=\"\" width=\"819\" height=\"1024\" data-id=\"19159\" data-ll-status=\"loaded\" \/><\/figure>\n<figure class=\"wp-block-image size-large\"><img loading=\"lazy\" decoding=\"async\" class=\"wp-image-19160 lazyloaded\" src=\"https:\/\/turkiyetaekwondofed.gov.tr\/wp-content\/uploads\/2025\/12\/zeynep-cicek-46-kg-819x1024.png\" alt=\"\" width=\"819\" height=\"1024\" data-id=\"19160\" data-ll-status=\"loaded\" \/><\/figure>\n<figure class=\"wp-block-image size-large\"><img loading=\"lazy\" decoding=\"async\" class=\"wp-image-19161 lazyloaded\" src=\"https:\/\/turkiyetaekwondofed.gov.tr\/wp-content\/uploads\/2025\/12\/Zeynep-Duru-Kokoc-49-kg-2-819x1024.png\" alt=\"\" width=\"819\" height=\"1024\" data-id=\"19161\" data-ll-status=\"loaded\" \/><\/figure>\n<figure class=\"wp-block-image size-large\"><img loading=\"lazy\" decoding=\"async\" class=\"wp-image-19162 lazyloaded\" src=\"https:\/\/turkiyetaekwondofed.gov.tr\/wp-content\/uploads\/2025\/12\/zeynep-nil-menekse-67-kg-819x1024.png\" alt=\"\" width=\"819\" height=\"1024\" data-id=\"19162\" data-ll-status=\"loaded\" \/><\/figure>\n<\/figure>\n\n\n","protected":false},"excerpt":{"rendered":"<p>2025 Avrupa \u00dcmitler Taekwondo \u015eampiyonas\u0131, 11-14 Aral\u0131k 2025 tarihleri aras\u0131nda Kosova\u2019n\u0131n ba\u015fkenti Pri\u015ftine\u2019de d\u00fczenlenecek. \u015eampiyonada \u00fclkemizi, uluslararas\u0131 organizasyonlarda kota elde eden sporcular\u0131m\u0131zla birlikte toplam 62 taekwondocumuz temsil edecek. M\u0130LL\u0130 TAKIMIMIZ KADINLAR:\u00a0Azra Naz Kam\u0131\u015f (46 kg), Damla Nur Y\u0131lmaz (46 kg), Ezgi \u015eener (46 kg), Irmak \u00c7er\u00e7i (46 kg), S\u0131la \u00d6r\u00fcm (46 kg), Zeynep \u00c7i\u00e7ek (46 [&hellip;]<\/p>\n","protected":false},"author":2,"featured_media":8884,"comment_status":"closed","ping_status":"open","sticky":false,"template":"","format":"standard","meta":{"footnotes":""},"categories":[1],"tags":[],"class_list":["post-8883","post","type-post","status-publish","format-standard","has-post-thumbnail","hentry","category-uncategorized"],"_links":{"self":[{"href":"https:\/\/isttit.com\/index.php?rest_route=\/wp\/v2\/posts\/8883","targetHints":{"allow":["GET"]}}],"collection":[{"href":"https:\/\/isttit.com\/index.php?rest_route=\/wp\/v2\/posts"}],"about":[{"href":"https:\/\/isttit.com\/index.php?rest_route=\/wp\/v2\/types\/post"}],"author":[{"embeddable":true,"href":"https:\/\/isttit.com\/index.php?rest_route=\/wp\/v2\/users\/2"}],"replies":[{"embeddable":true,"href":"https:\/\/isttit.com\/index.php?rest_route=%2Fwp%2Fv2%2Fcomments&post=8883"}],"version-history":[{"count":1,"href":"https:\/\/isttit.com\/index.php?rest_route=\/wp\/v2\/posts\/8883\/revisions"}],"predecessor-version":[{"id":8885,"href":"https:\/\/isttit.com\/index.php?rest_route=\/wp\/v2\/posts\/8883\/revisions\/8885"}],"wp:featuredmedia":[{"embeddable":true,"href":"https:\/\/isttit.com\/index.php?rest_route=\/wp\/v2\/media\/8884"}],"wp:attachment":[{"href":"https:\/\/isttit.com\/index.php?rest_route=%2Fwp%2Fv2%2Fmedia&parent=8883"}],"wp:term":[{"taxonomy":"category","embeddable":true,"href":"https:\/\/isttit.com\/index.php?rest_route=%2Fwp%2Fv2%2Fcategories&post=8883"},{"taxonomy":"post_tag","embeddable":true,"href":"https:\/\/isttit.com\/index.php?rest_route=%2Fwp%2Fv2%2Ftags&post=8883"}],"curies":[{"name":"wp","href":"https:\/\/api.w.org\/{rel}","templated":true}]}}