{"id":8886,"date":"2025-12-10T12:53:30","date_gmt":"2025-12-10T12:53:30","guid":{"rendered":"https:\/\/isttit.com\/?p=8886"},"modified":"2025-12-10T12:53:31","modified_gmt":"2025-12-10T12:53:31","slug":"uluslararasi-hakemlerimize-duyurular","status":"publish","type":"post","link":"https:\/\/isttit.com\/?p=8886","title":{"rendered":"Uluslararas\u0131 Hakemlerimize Duyurular"},"content":{"rendered":"\n<p>World Taekwondo taraf\u0131ndan d\u00fczenlenecek olan Avrupa K\u0131tas\u0131 Daimi Uluslararas\u0131 Hakem Se\u00e7im ve E\u011fitim Kamp\u0131 12\u201316 Ocak 2026 tarihlerinde Alicante, \u0130spanya\u2019da ger\u00e7ekle\u015ftirilecektir.<\/p>\n<p>Ba\u015fvurular\u0131 ba\u015flayan s\u00f6z konusu kamp i\u00e7in 150 \u2013 200 ki\u015filik kota ayr\u0131lm\u0131\u015f olup, kota doldu\u011fu takdirde ba\u015fvurular sona erecektir.<\/p>\n<p><strong>Kay\u0131t Kriterleri:<\/strong><\/p>\n<p>Kat\u0131lacak olan Uluslararas\u0131 hakemlerin a\u015fa\u011f\u0131daki 3 kriteri sa\u011flanmas\u0131 beklenmektedir.<\/p>\n<ol class=\"wp-block-list\">\n<li>Nisan 2022 ve sonras\u0131 IR sertifikas\u0131 alm\u0131\u015f olanlar veya bu tarihten sonra tazeleme kursunu tamamlam\u0131\u015f olanlar.<\/li>\n<li>2024 y\u0131l\u0131 veya sonras\u0131 IR y\u0131ll\u0131k aidat\u0131n\u0131n \u00f6denmi\u015f olmas\u0131.<\/li>\n<li>2024\u2019ten itibaren WT taraf\u0131ndan d\u00fczenlenen etkinliklere davet edilmi\u015f hakemler,<\/li>\n<li>Ya da WT taraf\u0131ndan tan\u0131nan (G1\u2013G3) etkinliklerde en az 5 g\u00f6rev alm\u0131\u015f olanlar,<\/li>\n<li>Ya da WT Hakem Komitesi taraf\u0131ndan \u00f6nerilen hakemler.<\/li>\n<\/ol>\n<p>Kriterleri kar\u015f\u0131lamayanlar\u0131n kay\u0131tlar\u0131 WT taraf\u0131ndan iptal edilecektir.<\/p>\n<p><strong>Kay\u0131t S\u00fcreci:<\/strong><\/p>\n<p>Uluslararas\u0131 Hakemlerin kay\u0131t i\u015flemleri \u00f6ncesinde 2026 y\u0131l\u0131 i\u00e7in WT Lisans yenileme i\u015flemlerini tamamlam\u0131\u015f olmalar\u0131 gerekmektedir.<\/p>\n<p>WT Lisans yenileme i\u015flemleri i\u00e7in: \u00a0https:\/\/turkiyetaekwondofed.gov.tr\/wt-sporcu-lisans-islemleri\/<\/p>\n<p>WT lisans\u0131 yenilenen hakemlerimizin Hakemlerimizin kay\u0131tlar\u0131n\u0131 a\u015fa\u011f\u0131daki ad\u0131mlar\u0131 izleyerek tamamlamas\u0131 gerekmektedir:<\/p>\n<ol class=\"wp-block-list\" start=\"1\">\n<li>WT GMS \/ SimplyCompete hesab\u0131n\u0131za giri\u015f yap\u0131n\u0131z.<\/li>\n<li><strong>\u201cStanding IR Europe Selection &amp; Training Camp \u2013 Alicante (Spain)\u201d<\/strong>\u00a0etkinli\u011fini se\u00e7iniz ve kay\u0131t olunuz.<\/li>\n<li>WT Sport &amp; Event Management Department taraf\u0131ndan g\u00f6nderilecek onay\u0131 bekleyiniz.<\/li>\n<li>Onay sonras\u0131 u\u00e7u\u015f ve otel rezervasyonlar\u0131n\u0131z\u0131 kendi imk\u00e2nlar\u0131n\u0131zla tamamlay\u0131n\u0131z.<\/li>\n<\/ol>\n<p><strong>Daimi Uluslararas\u0131 Hakem Olman\u0131n \u00d6nemi ve Katk\u0131lar\u0131<\/strong><\/p>\n<ol class=\"wp-block-list\">\n<li>Olimpiyat ve Paralimpik Hakem Atamalar\u0131na Giden Yol<br \/>LA28 Olimpiyat ve Paralimpik Oyunlar\u0131\u2019nda g\u00f6rev alacak hakemler, WT taraf\u0131ndan y\u00fcr\u00fct\u00fclen WT-Promoted ve WT-Recognized etkinliklerdeki performans de\u011ferlendirmelerine g\u00f6re t\u00fcm d\u00fcnyadan 300 WT Daim\u00ee Uluslararas\u0131 Hakemler (Standing IR) aras\u0131ndan se\u00e7ilecektir.<\/li>\n<li>\u00a0WT-Promoted Etkinlikler (G6 ve \u00fczeri, GP Challenges d\u00e2hil) \u0130\u00e7in Hakem Se\u00e7imi<br \/>WT taraf\u0131ndan d\u00fczenlenen G6 ve \u00fczeri t\u00fcm etkinliklerde g\u00f6rev almak i\u00e7in yaln\u0131zca WT Daim\u00ee Uluslararas\u0131 Hakemler uygun kabul edilecektir.<\/li>\n<li>\u00a0WT Taraf\u0131ndan D\u00fczenlenen Etkinliklerde G\u00f6rev Alan Hakemlere K\u0131smi U\u00e7u\u015f Deste\u011fi<br \/>WT, G6 ve \u00fczeri WT-Promoted etkinliklere atanan uluslararas\u0131 hakemlere, etkinli\u011fin yap\u0131ld\u0131\u011f\u0131 yer ile hakemin kalk\u0131\u015f noktas\u0131na ba\u011fl\u0131 olarak k\u0131smi seyahat (u\u00e7u\u015f) deste\u011fi sa\u011flayacakt\u0131r.<\/li>\n<li>WT Taraf\u0131ndan Tan\u0131nan Etkinliklerde (G1 \/ G2 \/ G3) Hakem Zorunlulu\u011fu<br \/>Organizasyon komiteleri, d\u00fczenlenen G1, G2 ve G3 seviyesindeki etkinliklerde hakem kadrosunun en az %30\u2019unu Daim\u00ee Uluslararas\u0131 Hakem Listesinden se\u00e7mek zorundad\u0131r.<br \/>Bu oran, her y\u0131l sonunda ger\u00e7ekle\u015ftirilen etkinlik de\u011ferlendirmelerine do\u011frudan yans\u0131yacakt\u0131r.<\/li>\n<\/ol>\n<p>S\u00f6z konusunu hakem kamp\u0131 D\u00fcnya Taekwondo Federasyonu taraf\u0131ndan d\u00fczenlendi\u011fi i\u00e7in do\u011frudan WT veya Organizasyon Komitesi ile ileti\u015fime ge\u00e7meniz gerekmektedir.<\/p>\n<p>Organizasyon Komitesi Bilgi ve Otel Rezervasyon i\u00e7in: reservas@experienciasunicas.com<\/p>\n<p>D\u00fcnya Taekwondo Federasyonuyla ileti\u015fim i\u00e7in: referee@worldtaekwondo.org<\/p>\n\n\n","protected":false},"excerpt":{"rendered":"<p>World Taekwondo taraf\u0131ndan d\u00fczenlenecek olan Avrupa K\u0131tas\u0131 Daimi Uluslararas\u0131 Hakem Se\u00e7im ve E\u011fitim Kamp\u0131 12\u201316 Ocak 2026 tarihlerinde Alicante, \u0130spanya\u2019da ger\u00e7ekle\u015ftirilecektir. Ba\u015fvurular\u0131 ba\u015flayan s\u00f6z konusu kamp i\u00e7in 150 \u2013 200 ki\u015filik kota ayr\u0131lm\u0131\u015f olup, kota doldu\u011fu takdirde ba\u015fvurular sona erecektir. Kay\u0131t Kriterleri: Kat\u0131lacak olan Uluslararas\u0131 hakemlerin a\u015fa\u011f\u0131daki 3 kriteri sa\u011flanmas\u0131 beklenmektedir. Nisan 2022 ve sonras\u0131 [&hellip;]<\/p>\n","protected":false},"author":2,"featured_media":8787,"comment_status":"closed","ping_status":"open","sticky":false,"template":"","format":"standard","meta":{"footnotes":""},"categories":[1],"tags":[],"class_list":["post-8886","post","type-post","status-publish","format-standard","has-post-thumbnail","hentry","category-uncategorized"],"_links":{"self":[{"href":"https:\/\/isttit.com\/index.php?rest_route=\/wp\/v2\/posts\/8886","targetHints":{"allow":["GET"]}}],"collection":[{"href":"https:\/\/isttit.com\/index.php?rest_route=\/wp\/v2\/posts"}],"about":[{"href":"https:\/\/isttit.com\/index.php?rest_route=\/wp\/v2\/types\/post"}],"author":[{"embeddable":true,"href":"https:\/\/isttit.com\/index.php?rest_route=\/wp\/v2\/users\/2"}],"replies":[{"embeddable":true,"href":"https:\/\/isttit.com\/index.php?rest_route=%2Fwp%2Fv2%2Fcomments&post=8886"}],"version-history":[{"count":1,"href":"https:\/\/isttit.com\/index.php?rest_route=\/wp\/v2\/posts\/8886\/revisions"}],"predecessor-version":[{"id":8887,"href":"https:\/\/isttit.com\/index.php?rest_route=\/wp\/v2\/posts\/8886\/revisions\/8887"}],"wp:featuredmedia":[{"embeddable":true,"href":"https:\/\/isttit.com\/index.php?rest_route=\/wp\/v2\/media\/8787"}],"wp:attachment":[{"href":"https:\/\/isttit.com\/index.php?rest_route=%2Fwp%2Fv2%2Fmedia&parent=8886"}],"wp:term":[{"taxonomy":"category","embeddable":true,"href":"https:\/\/isttit.com\/index.php?rest_route=%2Fwp%2Fv2%2Fcategories&post=8886"},{"taxonomy":"post_tag","embeddable":true,"href":"https:\/\/isttit.com\/index.php?rest_route=%2Fwp%2Fv2%2Ftags&post=8886"}],"curies":[{"name":"wp","href":"https:\/\/api.w.org\/{rel}","templated":true}]}}