{"id":8890,"date":"2025-12-15T14:02:35","date_gmt":"2025-12-15T14:02:35","guid":{"rendered":"https:\/\/isttit.com\/?p=8890"},"modified":"2025-12-15T14:02:36","modified_gmt":"2025-12-15T14:02:36","slug":"2025-avrupa-umitler-taekwondo-sampiyonasi-tum-kategorilerde-sampiyonuz","status":"publish","type":"post","link":"https:\/\/isttit.com\/?p=8890","title":{"rendered":"2025 Avrupa \u00dcmitler Taekwondo \u015eampiyonas\u0131 (T\u00dcM KATEGOR\u0130LERDE \u015eAMP\u0130YONUZ)"},"content":{"rendered":"\n<p>2025 Avrupa \u00dcmitler Taekwondo \u015eampiyonas\u0131, 11-14 Aral\u0131k 2025 tarihleri aras\u0131nda Kosova\u2019n\u0131n ba\u015fkenti Pri\u015ftine\u2019de d\u00fczenlendi. \u015eampiyonada \u00fclkemizi, uluslararas\u0131 organizasyonlarda kota elde eden sporcular\u0131m\u0131zla birlikte toplam 62 taekwondocumuz temsil etti. \u015eampiyonay\u0131 5 alt\u0131n, 4 g\u00fcm\u00fc\u015f, 6 bronz olmak \u00fczere 15 madalya ile tamamlayan milli tak\u0131m\u0131m\u0131z t\u00fcm kategorilerde zirveye \u00e7\u0131kt\u0131.<\/p>\n<p><strong>MADALYALARIMIZ<\/strong><br \/>R\u00fcya Diler (57kg)\u00a0<strong>-ALTIN MADALYA-<\/strong><br \/>Sude Yaren Uzun\u00e7avdar (+73kg)\u00a0<strong>-ALTIN MADALYA-<\/strong><br \/>Yusuf Badem (58kg)\u00a0<strong>-ALTIN MADALYA-<\/strong><br \/>Bu\u011fra Co\u015fgung\u00f6n\u00fcl (68kg)\u00a0<strong>-ALTIN MADALYA-<\/strong><br \/>Berkay Erer (74kg)\u00a0<strong>-ALTIN MADALYA-<\/strong><br \/>M\u00fcm\u00fcne Nur G\u00f6z (57kg)\u00a0<strong>-G\u00dcM\u00dc\u015e MADALYA-<\/strong><br \/>Zehra Beg\u00fcm Kavukcuo\u011flu (+73kg)\u00a0<strong>-G\u00dcM\u00dc\u015e MADALYA-<\/strong><br \/>Kaan Yelald\u0131 (54kg)\u00a0<strong>-G\u00dcM\u00dc\u015e MADALYA-<\/strong><br \/>Hamza Osman Aydo\u011fan (63kg)\u00a0<strong>-G\u00dcM\u00dc\u015e MADALYA-<\/strong><br \/>M\u00fclkiye Ece Ulusoy (49kg)\u00a0<strong>-BRONZ MADALYA-<\/strong><br \/>Dilara \u015eirin (62kg)\u00a0<strong>-BRONZ MADALYA-<\/strong><br \/>Y\u00fcsra Ersin (73kg)\u00a0<strong>-BRONZ MADALYA-<\/strong><br \/>Emir Muhsin D\u00fclger (54kg)\u00a0<strong>-BRONZ MADALYA-<\/strong><br \/>Emir Per\u00e7in (68kg)\u00a0<strong>-BRONZ MADALYA-<\/strong><br \/>Alperen Ayaz (80kg)\u00a0<strong>-BRONZ MADALYA-<\/strong><\/p>\n<p>T\u00fcrkiye, \u015fampiyonay\u0131 5 alt\u0131n, 4 g\u00fcm\u00fc\u015f, 6 bronz olmak \u00fczere toplam 15 madalya ile zirvede tamamlad\u0131. En fazla madalya kazanan \u00fclke olan T\u00fcrkiye, kad\u0131n ve erkek tak\u0131mlar s\u0131ralamas\u0131nda da ayr\u0131 ayr\u0131 k\u00fcrs\u00fcn\u00fcn en \u00fcst basama\u011f\u0131na \u00e7\u0131kt\u0131. Milli taekwondocumuz Yusuf Badem, \u015fampiyonan\u0131n en iyi erkek sporcusu se\u00e7ildi.<br \/><br \/><strong>\u201cZ\u0130RVEDEN \u0130NM\u0130YORUZ\u201d<\/strong><\/p>\n<p>T\u00fcrkiye Taekwonodo Federasyonu Ba\u015fkan\u0131 Bahri Tanr\u0131kulu, madalya kazanan sporcular\u0131m\u0131z\u0131 kutlarken t\u00fcm eme\u011fi ge\u00e7enlere te\u015fekk\u00fcr etti. Ba\u015fkan Tanr\u0131kulu, sezona harika bir ba\u015far\u0131yla nokta koyduklar\u0131n\u0131n alt\u0131n\u0131 \u00e7izerek, \u201c2025\u2019i yine b\u00fcy\u00fck bir ba\u015far\u0131yla noktal\u0131yoruz. Yine b\u00fcy\u00fck bir \u015fampiyonada yine k\u00fcrs\u00fcn\u00fcn en \u00fcst basama\u011f\u0131nday\u0131z. \u00dclkemizi hem bireysel hem de tak\u0131m halinde \u015fampiyonluklara al\u0131\u015ft\u0131rd\u0131k. Avrupa \u00dcmitler Taekwondo \u015eampiyonas\u0131\u2019n\u0131 5\u2019i alt\u0131n toplam 15 madalya ile t\u00fcm kategorilerde tak\u0131m halinde \u015fampiyon olarak tamamlad\u0131k. Bu \u00f6nemli ba\u015far\u0131 yolunda bize destek veren Say\u0131n Cumhurba\u015fkan\u0131m\u0131z Recep Tayyip Erdo\u011fan, Gen\u00e7lik ve Spor Bakan\u0131m\u0131z Osman A\u015fk\u0131n Bak, Gen\u00e7lik ve Spor Bakan Yard\u0131mc\u0131m\u0131z Hamza Yerlikaya, Spor Hizmetleri Genel M\u00fcd\u00fcr\u00fcm\u00fcz Veli Ozan \u00c7ak\u0131r ba\u015fta olmak \u00fczere t\u00fcm yetkilerimize camiam\u0131z ad\u0131na te\u015fekk\u00fcr ediyorum. Sporcular\u0131m\u0131z\u0131, teknik ekibimizi, sporcular\u0131m\u0131z\u0131n kul\u00fcplerini, antren\u00f6rlerini ve ailelerini y\u00fcrekten kutluyorum\u201d ifadelerini kulland\u0131.<\/p>\n<figure class=\"wp-block-gallery has-nested-images columns-default is-cropped wp-block-gallery-1 is-layout-flex wp-block-gallery-is-layout-flex\">\n<figure class=\"wp-block-image size-large\"><img loading=\"lazy\" decoding=\"async\" class=\"wp-image-19200 lazyloaded\" src=\"https:\/\/turkiyetaekwondofed.gov.tr\/wp-content\/uploads\/2025\/12\/u41-1024x768.jpg\" sizes=\"auto, (min-width: 0px) and (max-width: 480px) 480px, (min-width: 481px) and (max-width: 980px) 980px, (min-width: 981px) 1024px, 100vw\" srcset=\"https:\/\/turkiyetaekwondofed.gov.tr\/wp-content\/uploads\/2025\/12\/u41-980x735.jpg 980w, https:\/\/turkiyetaekwondofed.gov.tr\/wp-content\/uploads\/2025\/12\/u41-480x360.jpg 480w\" alt=\"\" width=\"1024\" height=\"768\" data-id=\"19200\" data-ll-status=\"loaded\" \/><\/figure>\n<\/figure>\n<figure class=\"wp-block-gallery has-nested-images columns-default is-cropped wp-block-gallery-2 is-layout-flex wp-block-gallery-is-layout-flex\">\n<figure class=\"wp-block-image size-large\"><img loading=\"lazy\" decoding=\"async\" class=\"wp-image-19202 lazyloaded\" src=\"https:\/\/turkiyetaekwondofed.gov.tr\/wp-content\/uploads\/2025\/12\/u44-1024x768.jpg\" sizes=\"auto, (min-width: 0px) and (max-width: 480px) 480px, (min-width: 481px) and (max-width: 980px) 980px, (min-width: 981px) 1024px, 100vw\" srcset=\"https:\/\/turkiyetaekwondofed.gov.tr\/wp-content\/uploads\/2025\/12\/u44-980x735.jpg 980w, https:\/\/turkiyetaekwondofed.gov.tr\/wp-content\/uploads\/2025\/12\/u44-480x360.jpg 480w\" alt=\"\" width=\"1024\" height=\"768\" data-id=\"19202\" data-ll-status=\"loaded\" \/><\/figure>\n<figure class=\"wp-block-image size-large\"><img loading=\"lazy\" decoding=\"async\" class=\"wp-image-19203 lazyloaded\" src=\"https:\/\/turkiyetaekwondofed.gov.tr\/wp-content\/uploads\/2025\/12\/u45-1024x768.jpg\" sizes=\"auto, (min-width: 0px) and (max-width: 480px) 480px, (min-width: 481px) and (max-width: 980px) 980px, (min-width: 981px) 1024px, 100vw\" srcset=\"https:\/\/turkiyetaekwondofed.gov.tr\/wp-content\/uploads\/2025\/12\/u45-980x735.jpg 980w, https:\/\/turkiyetaekwondofed.gov.tr\/wp-content\/uploads\/2025\/12\/u45-480x360.jpg 480w\" alt=\"\" width=\"1024\" height=\"768\" data-id=\"19203\" data-ll-status=\"loaded\" \/><\/figure>\n<\/figure>\n<figure class=\"wp-block-gallery has-nested-images columns-default is-cropped wp-block-gallery-3 is-layout-flex wp-block-gallery-is-layout-flex\">\n<figure class=\"wp-block-image size-large\"><img loading=\"lazy\" decoding=\"async\" class=\"wp-image-19205 lazyloaded\" src=\"https:\/\/turkiyetaekwondofed.gov.tr\/wp-content\/uploads\/2025\/12\/u46-768x1024.jpg\" alt=\"\" width=\"768\" height=\"1024\" data-id=\"19205\" data-ll-status=\"loaded\" \/><\/figure>\n<figure class=\"wp-block-image size-large\"><img loading=\"lazy\" decoding=\"async\" class=\"wp-image-19204 lazyloaded\" src=\"https:\/\/turkiyetaekwondofed.gov.tr\/wp-content\/uploads\/2025\/12\/u47-1024x768.jpg\" sizes=\"auto, (min-width: 0px) and (max-width: 480px) 480px, (min-width: 481px) and (max-width: 980px) 980px, (min-width: 981px) 1024px, 100vw\" srcset=\"https:\/\/turkiyetaekwondofed.gov.tr\/wp-content\/uploads\/2025\/12\/u47-980x735.jpg 980w, https:\/\/turkiyetaekwondofed.gov.tr\/wp-content\/uploads\/2025\/12\/u47-480x360.jpg 480w\" alt=\"\" width=\"1024\" height=\"768\" data-id=\"19204\" data-ll-status=\"loaded\" \/><\/figure>\n<\/figure>\n<p><strong>14 ARALIK 2025 (4. G\u00dcN) \u00dc\u00c7 ALTIN \u0130LE KAPANI\u015e<\/strong><\/p>\n<p>Avrupa \u00dcmitler Taekwondo \u015eampiyonas\u0131\u2019n\u0131n son g\u00fcn\u00fcnde milli sporcular\u0131m\u0131z \u00fc\u00e7\u00fc alt\u0131n toplam d\u00f6rt madalya kazand\u0131. Kosova\u2019n\u0131n ba\u015fkenti Pri\u015ftine\u2019de d\u00fczenlenen Avrupa \u00dcmitler Taekwondo \u015eampiyonas\u0131\u2019n\u0131n d\u00f6rd\u00fcnc\u00fc ve son g\u00fcn\u00fcnde erkeklerde 4 s\u0131klette m\u00fccadeleler yap\u0131ld\u0131. 58kg\u2019da Yusuf Badem, 68kg\u2019da Bu\u011fra Co\u015fgung\u00f6n\u00fcl ve 74kg\u2019da Berkay Erer Avrupa \u015fampiyonu olmay\u0131 ba\u015fard\u0131. 68kg\u2019da Emir Per\u00e7in de bronz madalyan\u0131n sahibi oldu.<\/p>\n<figure class=\"wp-block-gallery has-nested-images columns-default is-cropped wp-block-gallery-4 is-layout-flex wp-block-gallery-is-layout-flex\">\n<figure class=\"wp-block-image size-large\"><img loading=\"lazy\" decoding=\"async\" class=\"wp-image-19198 lazyloaded\" src=\"https:\/\/turkiyetaekwondofed.gov.tr\/wp-content\/uploads\/2025\/12\/u42-1024x768.jpg\" sizes=\"auto, (min-width: 0px) and (max-width: 480px) 480px, (min-width: 481px) and (max-width: 980px) 980px, (min-width: 981px) 1024px, 100vw\" srcset=\"https:\/\/turkiyetaekwondofed.gov.tr\/wp-content\/uploads\/2025\/12\/u42-980x735.jpg 980w, https:\/\/turkiyetaekwondofed.gov.tr\/wp-content\/uploads\/2025\/12\/u42-480x360.jpg 480w\" alt=\"\" width=\"1024\" height=\"768\" data-id=\"19198\" data-ll-status=\"loaded\" \/><\/figure>\n<figure class=\"wp-block-image size-large\"><img loading=\"lazy\" decoding=\"async\" class=\"wp-image-19199 lazyloaded\" src=\"https:\/\/turkiyetaekwondofed.gov.tr\/wp-content\/uploads\/2025\/12\/u43-1024x768.jpg\" sizes=\"auto, (min-width: 0px) and (max-width: 480px) 480px, (min-width: 481px) and (max-width: 980px) 980px, (min-width: 981px) 1024px, 100vw\" srcset=\"https:\/\/turkiyetaekwondofed.gov.tr\/wp-content\/uploads\/2025\/12\/u43-980x735.jpg 980w, https:\/\/turkiyetaekwondofed.gov.tr\/wp-content\/uploads\/2025\/12\/u43-480x360.jpg 480w\" alt=\"\" width=\"1024\" height=\"768\" data-id=\"19199\" data-ll-status=\"loaded\" \/><\/figure>\n<\/figure>\n<p><strong>13 ARALIK 2025 (3. G\u00dcN) BE\u015e MADALYA DAHA<\/strong><\/p>\n<p>Avrupa \u00dcmitler Taekwondo \u015eampiyonas\u0131\u2019n\u0131n \u00fc\u00e7\u00fcnc\u00fc g\u00fcn\u00fcnde milli sporcular\u0131m\u0131z birisi alt\u0131n olmak \u00fczere be\u015f madalya kazand\u0131. Kosova\u2019n\u0131n ba\u015fkenti Pri\u015ftine\u2019de d\u00fczenlenen Avrupa \u00dcmitler Taekwondo \u015eampiyonas\u0131\u2019n\u0131n \u00fc\u00e7\u00fcnc\u00fc g\u00fcn\u00fcnde kad\u0131nlarda 4 s\u0131klette m\u00fccadeleler yap\u0131ld\u0131. Kad\u0131nlar 57kg\u2019da R\u00fcya Diler Avrupa \u015fampiyonu olarak \u00fclkemize \u015fampiyonadaki ikinci alt\u0131n madalyas\u0131n\u0131 kazand\u0131rd\u0131. Ayn\u0131 kiloda M\u00fcm\u00fcne Nur G\u00f6z g\u00fcm\u00fc\u015f madalya elde ederken, 49kg\u2019da M\u00fclkiye Ece Ulusoy, 62kg\u2019da Dilara \u015eirin ve 73kg\u2019da Y\u00fcsra Ersin bronz madalyan\u0131n sahibi oldu.<\/p>\n<figure class=\"wp-block-gallery has-nested-images columns-default is-cropped wp-block-gallery-5 is-layout-flex wp-block-gallery-is-layout-flex\">\n<figure class=\"wp-block-image size-large\"><img loading=\"lazy\" decoding=\"async\" class=\"wp-image-19189 lazyloaded\" src=\"https:\/\/turkiyetaekwondofed.gov.tr\/wp-content\/uploads\/2025\/12\/u31-1024x768.jpg\" sizes=\"auto, (min-width: 0px) and (max-width: 480px) 480px, (min-width: 481px) and (max-width: 980px) 980px, (min-width: 981px) 1024px, 100vw\" srcset=\"https:\/\/turkiyetaekwondofed.gov.tr\/wp-content\/uploads\/2025\/12\/u31-980x735.jpg 980w, https:\/\/turkiyetaekwondofed.gov.tr\/wp-content\/uploads\/2025\/12\/u31-480x360.jpg 480w\" alt=\"\" width=\"1024\" height=\"768\" data-id=\"19189\" data-ll-status=\"loaded\" \/><\/figure>\n<figure class=\"wp-block-image size-large\"><img loading=\"lazy\" decoding=\"async\" class=\"wp-image-19190 lazyloaded\" src=\"https:\/\/turkiyetaekwondofed.gov.tr\/wp-content\/uploads\/2025\/12\/u32-1024x768.jpg\" sizes=\"auto, (min-width: 0px) and (max-width: 480px) 480px, (min-width: 481px) and (max-width: 980px) 980px, (min-width: 981px) 1024px, 100vw\" srcset=\"https:\/\/turkiyetaekwondofed.gov.tr\/wp-content\/uploads\/2025\/12\/u32-980x735.jpg 980w, https:\/\/turkiyetaekwondofed.gov.tr\/wp-content\/uploads\/2025\/12\/u32-480x360.jpg 480w\" alt=\"\" width=\"1024\" height=\"768\" data-id=\"19190\" data-ll-status=\"loaded\" \/><\/figure>\n<\/figure>\n<p><strong>12 ARALIK 2025 (2. G\u00dcN) \u0130K\u0130NC\u0130 G\u00dcN D\u00d6RT MADALYA<\/strong><\/p>\n<p>Avrupa \u00dcmitler Taekwondo \u015eampiyonas\u0131\u2019n\u0131n ikinci g\u00fcn\u00fcnde milli sporcular\u0131m\u0131z 4 madalya kazand\u0131. Kosova\u2019n\u0131n ba\u015fkenti Pri\u015ftine\u2019de d\u00fczenlenen Avrupa \u00dcmitler Taekwondo \u015eampiyonas\u0131\u2019n\u0131n ikinci g\u00fcn\u00fcnde erkeklerde 4 s\u0131klette m\u00fccadeleler yap\u0131ld\u0131. Erkekler 54kg\u2019da Kaan Yelald\u0131 ve 63kg\u2019da Hamza Osman Aydo\u011fan g\u00fcm\u00fc\u015f madalyan\u0131n sahibi olurken 54kg\u2019da Emir Muhsin D\u00fclger ve 80kg\u2019da Alperen Ayaz bronz madalyay\u0131 boynuna ge\u00e7irdi.<\/p>\n<figure class=\"wp-block-gallery has-nested-images columns-default is-cropped wp-block-gallery-6 is-layout-flex wp-block-gallery-is-layout-flex\">\n<figure class=\"wp-block-image size-large\"><img loading=\"lazy\" decoding=\"async\" class=\"wp-image-19184 lazyloaded\" src=\"https:\/\/turkiyetaekwondofed.gov.tr\/wp-content\/uploads\/2025\/12\/u21-1024x768.jpg\" sizes=\"auto, (min-width: 0px) and (max-width: 480px) 480px, (min-width: 481px) and (max-width: 980px) 980px, (min-width: 981px) 1024px, 100vw\" srcset=\"https:\/\/turkiyetaekwondofed.gov.tr\/wp-content\/uploads\/2025\/12\/u21-980x735.jpg 980w, https:\/\/turkiyetaekwondofed.gov.tr\/wp-content\/uploads\/2025\/12\/u21-480x360.jpg 480w\" alt=\"\" width=\"1024\" height=\"768\" data-id=\"19184\" data-ll-status=\"loaded\" \/><\/figure>\n<figure class=\"wp-block-image size-large\"><img loading=\"lazy\" decoding=\"async\" class=\"wp-image-19183 lazyloaded\" src=\"https:\/\/turkiyetaekwondofed.gov.tr\/wp-content\/uploads\/2025\/12\/u22-1024x768.jpg\" sizes=\"auto, (min-width: 0px) and (max-width: 480px) 480px, (min-width: 481px) and (max-width: 980px) 980px, (min-width: 981px) 1024px, 100vw\" srcset=\"https:\/\/turkiyetaekwondofed.gov.tr\/wp-content\/uploads\/2025\/12\/u22-980x735.jpg 980w, https:\/\/turkiyetaekwondofed.gov.tr\/wp-content\/uploads\/2025\/12\/u22-480x360.jpg 480w\" alt=\"\" width=\"1024\" height=\"768\" data-id=\"19183\" data-ll-status=\"loaded\" \/><\/figure>\n<figure class=\"wp-block-image size-large\"><img loading=\"lazy\" decoding=\"async\" class=\"wp-image-19185 lazyloaded\" src=\"https:\/\/turkiyetaekwondofed.gov.tr\/wp-content\/uploads\/2025\/12\/u23-1024x820.jpg\" sizes=\"auto, (min-width: 0px) and (max-width: 480px) 480px, (min-width: 481px) and (max-width: 980px) 980px, (min-width: 981px) 1024px, 100vw\" srcset=\"https:\/\/turkiyetaekwondofed.gov.tr\/wp-content\/uploads\/2025\/12\/u23-1024x820.jpg 1024w, https:\/\/turkiyetaekwondofed.gov.tr\/wp-content\/uploads\/2025\/12\/u23-980x785.jpg 980w, https:\/\/turkiyetaekwondofed.gov.tr\/wp-content\/uploads\/2025\/12\/u23-480x384.jpg 480w\" alt=\"\" width=\"1024\" height=\"820\" data-id=\"19185\" data-ll-status=\"loaded\" \/><\/figure>\n<\/figure>\n<p><strong>11 ARALIK 2025 (1. G\u00dcN) T\u00dcRK F\u0130NAL\u0130<\/strong><\/p>\n<p>Avrupa \u00dcmitler Taekwondo \u015eampiyonas\u0131, Kosova\u2019n\u0131n ba\u015fkenti Pri\u015ftine\u2019de ba\u015flarken, ilk g\u00fcn kad\u0131nlarda 4 s\u0131klette m\u00fccadeleler yap\u0131ld\u0131. Kad\u0131nlar +73kg m\u00fccadelesi ise T\u00fcrk finaline sahne oldu. Bu s\u0131klette iki milli sporcumuz finalde kar\u015f\u0131 kar\u015f\u0131ya gelirken Sude Yaren Uzun\u00e7avdar alt\u0131n, Zehra Beg\u00fcm Kavukcuo\u011flu ise g\u00fcm\u00fc\u015f madalyan\u0131n sahibi oldu.<\/p>\n<figure class=\"wp-block-gallery has-nested-images columns-default is-cropped wp-block-gallery-7 is-layout-flex wp-block-gallery-is-layout-flex\">\n<figure class=\"wp-block-image size-large\"><img loading=\"lazy\" decoding=\"async\" class=\"wp-image-19174 lazyloaded\" src=\"https:\/\/turkiyetaekwondofed.gov.tr\/wp-content\/uploads\/2025\/12\/U1-1024x768.jpg\" sizes=\"auto, (min-width: 0px) and (max-width: 480px) 480px, (min-width: 481px) and (max-width: 980px) 980px, (min-width: 981px) 1024px, 100vw\" srcset=\"https:\/\/turkiyetaekwondofed.gov.tr\/wp-content\/uploads\/2025\/12\/U1-980x735.jpg 980w, https:\/\/turkiyetaekwondofed.gov.tr\/wp-content\/uploads\/2025\/12\/U1-480x360.jpg 480w\" alt=\"\" width=\"1024\" height=\"768\" data-id=\"19174\" data-ll-status=\"loaded\" \/><\/figure>\n<figure class=\"wp-block-image size-large\"><img loading=\"lazy\" decoding=\"async\" class=\"wp-image-19176 lazyloaded\" src=\"https:\/\/turkiyetaekwondofed.gov.tr\/wp-content\/uploads\/2025\/12\/U2-768x1024.jpg\" alt=\"\" width=\"768\" height=\"1024\" data-id=\"19176\" data-ll-status=\"loaded\" \/><\/figure>\n<figure class=\"wp-block-image size-large\"><img loading=\"lazy\" decoding=\"async\" class=\"wp-image-19175 lazyloaded\" src=\"https:\/\/turkiyetaekwondofed.gov.tr\/wp-content\/uploads\/2025\/12\/U3-768x1024.jpg\" alt=\"\" width=\"768\" height=\"1024\" data-id=\"19175\" data-ll-status=\"loaded\" \/><\/figure>\n<\/figure>\n<p><strong>M\u0130LL\u0130 TAKIMIMIZ<\/strong><\/p>\n<p><strong>KADINLAR:<\/strong>\u00a0Azra Naz Kam\u0131\u015f (46 kg), Damla Nur Y\u0131lmaz (46 kg), Ezgi \u015eener (46 kg), Irmak \u00c7er\u00e7i (46 kg), S\u0131la \u00d6r\u00fcm (46 kg), Zeynep \u00c7i\u00e7ek (46 kg), Hayrunnisa G\u00fcrb\u00fcz (49 kg), M\u00fclkiye Ece Ulusoy (49 kg), Zeynep Duru Koko\u00e7 (49 kg), Asl\u0131 Cemre Ceylan (53 kg), Emine \u015eevval Do\u011fan (53 kg), Esila Deniz (53 kg), Semra Elifnaz Erdemir (53 kg), S\u0131la Irmak Uzun\u00e7avdar (53 kg), Melisa \u00d6zl\u00fc (57 kg), M\u00fcm\u00fcne Nur G\u00f6z (57 kg), R\u00fcya Diler (57 kg), Beyza Karabulut (62 kg), Dilara \u015eirin (62 kg), Nesli\u015fah En\u00e7ok (63 kg), Beyzanur Pehlivan (67 kg), Evra Al\u0131c\u0131 (67 kg), Zeynep Nil Menek\u015fe (67 kg), Elifnaz K\u00f6seo\u011flu (73 kg), Y\u00fcsra Ersin (73 kg), Sude Yaren Uzun\u00e7avdar (+73 kg), Zehra Beg\u00fcm Kavuk\u00e7uo\u011flu (+73 kg)<\/p>\n<p><strong>ERKEKLER:<\/strong>\u00a0Alihan Kuru (54 kg), Altu\u011f Gesge (54 kg), Efe Emre G\u00f6kta\u015f (54 kg), Emir Muhsin D\u00fclger (54 kg), Hakan Y\u0131ld\u0131r\u0131m (54 kg), Kaan Yelald\u0131 (54 kg), Nuri Nisir (54 kg), \u00d6mer Talha D\u00fclger (54 kg), Yank\u0131 Morko\u00e7 (54 kg), C\u00fcneyt G\u00f6kalp (58 kg), Kaz\u0131m \u00d6zdo\u011fan (58 kg), Nuri \u015eerbet\u00e7i (58 kg), Yusuf Badem (58 kg), Ali Kerem Berkta\u015f (63 kg), Emir Can Kaya (63 kg), Emre Sar\u0131ta\u015f (63 kg), Hamza Osman Aydo\u011fan (63 kg), Muhammed Utku Bircan (63 kg), Mustafa Ta\u015fdelen (63 kg), Taha Utku Karaman (63 kg), Ahmet Bo\u011fa\u00e7han Ceylan (68 kg), Bu\u011fra Co\u015fgung\u00f6n\u00fcl (68 kg), Emir Per\u00e7in (68 kg), Eren \u00d6zdemir (68 kg), Ali Murtaza Boz (74 kg), Berkay Erer (74 kg), Hikmet Faruk Tosun (74 kg), Alperen Ayaz (80 kg), Berat Talha Yavuz (80 kg), \u0130dris Atay S\u00fcl\u00fc (80 kg), Mustafa Bilge Han Kunter (87 kg), Tu\u011fra Tevfik Menek\u015fe (87 kg), Yusuf Efe M\u0131zrak (87 kg), Yusuf \u015eenol (87 kg), Rahmet Baran\u00a0<\/p>\n\n\n","protected":false},"excerpt":{"rendered":"<p>2025 Avrupa \u00dcmitler Taekwondo \u015eampiyonas\u0131, 11-14 Aral\u0131k 2025 tarihleri aras\u0131nda Kosova\u2019n\u0131n ba\u015fkenti Pri\u015ftine\u2019de d\u00fczenlendi. \u015eampiyonada \u00fclkemizi, uluslararas\u0131 organizasyonlarda kota elde eden sporcular\u0131m\u0131zla birlikte toplam 62 taekwondocumuz temsil etti. \u015eampiyonay\u0131 5 alt\u0131n, 4 g\u00fcm\u00fc\u015f, 6 bronz olmak \u00fczere 15 madalya ile tamamlayan milli tak\u0131m\u0131m\u0131z t\u00fcm kategorilerde zirveye \u00e7\u0131kt\u0131. MADALYALARIMIZR\u00fcya Diler (57kg)\u00a0-ALTIN MADALYA-Sude Yaren Uzun\u00e7avdar (+73kg)\u00a0-ALTIN MADALYA-Yusuf [&hellip;]<\/p>\n","protected":false},"author":2,"featured_media":8891,"comment_status":"closed","ping_status":"open","sticky":false,"template":"","format":"standard","meta":{"footnotes":""},"categories":[1],"tags":[],"class_list":["post-8890","post","type-post","status-publish","format-standard","has-post-thumbnail","hentry","category-uncategorized"],"_links":{"self":[{"href":"https:\/\/isttit.com\/index.php?rest_route=\/wp\/v2\/posts\/8890","targetHints":{"allow":["GET"]}}],"collection":[{"href":"https:\/\/isttit.com\/index.php?rest_route=\/wp\/v2\/posts"}],"about":[{"href":"https:\/\/isttit.com\/index.php?rest_route=\/wp\/v2\/types\/post"}],"author":[{"embeddable":true,"href":"https:\/\/isttit.com\/index.php?rest_route=\/wp\/v2\/users\/2"}],"replies":[{"embeddable":true,"href":"https:\/\/isttit.com\/index.php?rest_route=%2Fwp%2Fv2%2Fcomments&post=8890"}],"version-history":[{"count":1,"href":"https:\/\/isttit.com\/index.php?rest_route=\/wp\/v2\/posts\/8890\/revisions"}],"predecessor-version":[{"id":8892,"href":"https:\/\/isttit.com\/index.php?rest_route=\/wp\/v2\/posts\/8890\/revisions\/8892"}],"wp:featuredmedia":[{"embeddable":true,"href":"https:\/\/isttit.com\/index.php?rest_route=\/wp\/v2\/media\/8891"}],"wp:attachment":[{"href":"https:\/\/isttit.com\/index.php?rest_route=%2Fwp%2Fv2%2Fmedia&parent=8890"}],"wp:term":[{"taxonomy":"category","embeddable":true,"href":"https:\/\/isttit.com\/index.php?rest_route=%2Fwp%2Fv2%2Fcategories&post=8890"},{"taxonomy":"post_tag","embeddable":true,"href":"https:\/\/isttit.com\/index.php?rest_route=%2Fwp%2Fv2%2Ftags&post=8890"}],"curies":[{"name":"wp","href":"https:\/\/api.w.org\/{rel}","templated":true}]}}